{"id":86577,"date":"2016-03-18T16:00:57","date_gmt":"2016-03-18T20:00:57","guid":{"rendered":"http:\/\/www.bibula.com\/?p=86577"},"modified":"2016-03-18T16:00:57","modified_gmt":"2016-03-18T20:00:57","slug":"ziemkiewicz-dla-kresow-pl-bylismy-dobrym-czarnuchem-ktory-znal-swoje-miejsce","status":"publish","type":"post","link":"https:\/\/www.bibula.com\/?p=86577","title":{"rendered":"Ziemkiewicz dla Kres\u00f3w.pl: Byli\u015bmy dobrym czarnuchem, kt\u00f3ry zna\u0142 swoje miejsce"},"content":{"rendered":"<p><strong>\u201eObecne zaostrzenie sytuacji oczywi\u015bcie nie wynika z \u017cadnego zagro\u017cenia dla praw cz\u0142owieka czy demokracji, bo to s\u0105 pierdo\u0142y propagandowe. Wiadomo, \u017ce nie to powoduje, \u017ce z Ameryki przyje\u017cd\u017ca jaki\u015b facet z sekretariatu stanu \u017ceby nas strofowa\u0107, tylko to, \u017ce przyzwyczaili\u015bmy tamte pot\u0119gi do uleg\u0142o\u015bci\u201d &#8211; m\u00f3wi Ziemkiewicz w programie \u201eBez Filtra\u201d Kres\u00f3w.pl.<\/strong><\/p><p>Zdaniem Rafa\u0142a Ziemkiewicza obecna sytuacja Polski powtarza t\u0119 z okresu mi\u0119dzywojennego. \u00c5\u00b9r\u00f3de\u0142 problem\u00f3w upatruje w tym, \u017ce przez zabory w XIX wieku Polacy nie wykszta\u0142cili nowo\u017cytnej tradycji politycznej.<strong><em> \u201eNajwi\u0119kszym polskim deficytem by\u0142 zawsze deficyt m\u0105drego przyw\u00f3dztwa politycznego\u201d<\/em><\/strong> &#8211; twierdzi \u00a0publicysta w rozmowie z Markiem Trojanem.<\/p><p>Ziemkiewicz uwa\u017ca, \u017ce o ile w II RP do akcji w pewnym momencie m\u00f3g\u0142 wkroczy\u0107 Pi\u0142sudski, o tyle obecnie nikogo takiego nie ma. <strong><em>\u201eNie tego, kto mia\u0142by tak\u0105 si\u0142\u0119, za pomoc\u0105 kt\u00f3rej m\u00f3g\u0142by tak jak Pi\u0142sudski &#8211; co zreszt\u0105 by\u0142o z fatalnym skutkiem dla Polski &#8211; si\u0142owo rozstrzygn\u0105\u0107 sp\u00f3r. Po prostu wzi\u0105\u0107 za mord\u0119, wyprowadzaj\u0105c wojsko na ulice\u201d<\/em><\/strong> &#8211; powiedzia\u0142.<\/p><p><em>\u201eU nas potencja\u0142 stawania kantem jest zawsze du\u017co wi\u0119kszy ni\u017c potencja\u0142 ,s\u0142uchania potencjalnego przyw\u00f3dcy. Wiec jakakolwiek tego rodzaju pr\u00f3ba sko\u0144czy\u0142aby si\u0119 pogr\u0105\u017ceniem Polski w chaosie. Brak tego typu pr\u00f3by &#8211; prawdopodobnie te\u017c, przynajmniej na razie\u201d<\/em> &#8211; doda\u0142 zaznaczaj\u0105c, \u017ce inne pa\u0144stwa mog\u0105 chcie\u0107 ten chaos wykorzysta\u0107.<\/p><p>Z drugie strony, Ziemkiewiczowi obecna sytuacja przypomina t\u0119 z ko\u0144ca XVIII wieku, gdy uchwalano Konstytucj\u0119 3 Maja:<\/p><p><strong><em>\u201eGor\u0105czka reformatorska przychodzi w fatalnym momencie dekoniunktury mi\u0119dzynarodowej i spotyka si\u0119 z czym\u015b, nie m\u00f3wi\u0105c dos\u0142ownie, podobnym do tego, jak dzia\u0142a\u0142a targowica. W obronie wolno\u015bci i status quo tutejsi przyw\u00f3dcy jad\u0105 na obce i dwory i tam g\u0142osz\u0105, \u017ce obce pa\u0144stwa musz\u0105 dopilnowa\u0107 w Polsce demokracji (\u2026). One mog\u0105 chcie\u0107 skorzysta\u0107 z tego, \u017ceby obni\u017cy\u0107 status Polski do pa\u0144stw jawnie kolonialnego\u201d.<\/em><\/strong><\/p><p>Zdaniem publicysty \u201egor\u0105czce reformatorskiej\u201d nie towarzyszy \u017caden rozs\u0105dny plan polityczny i znowu mamy do czynienia z polityk\u0105 uprawian\u0105 na chciejstwie i braku \u015bwiadomo\u015bci, czym jest polityka mi\u0119dzynarodowa. W my\u015bl zasady, \u017ce <em>\u201eje\u017celi chcemy czego, co nam si\u0119 s\u0142usznie nale\u017cy, to powinni\u015bmy to mie\u0107, bo inaczej ca\u0142y porz\u0105dek \u015bwiata zostanie naruszony, je\u017celi s\u0142uszne prawa nie b\u0119d\u0105 szanowane&#8221;. &#8222;<strong>\u015awiat ma g\u0142\u0119boko gdzie\u015b s\u0142uszne prawa\u201d &#8211; <\/strong><\/em>zaznacza<em><strong>.<\/strong><\/em><\/p><p>Ziemkiewicz pokazuje r\u00f3wnie\u017c, jak UE jednocze\u015bnie krytykuje Polsk\u0119, a chwali dzia\u0142ania Turcji i jej prezydenta, <em>\u201ekt\u00f3ry prawa cz\u0142owieka ma najg\u0142\u0119biej w tyle\u201d.<\/em> <em>\u201eGdyby Jaros\u0142aw Kaczy\u0144ski kaza\u0142 na ludzi z KOD wys\u0142a\u0107 czo\u0142gi albo ich zbombardowa\u0107 czy rozstrzela\u0107, jak to robi Erdogan, ale jednocze\u015bnie zadeklarowa\u0142, \u017ce przyjmie 150 tys. tzw. uchod\u017ac\u00f3w z Niemiec i co\u015b tam z nimi zrobi, tak \u017ce oni ju\u017c nie wr\u00f3c\u0105 do Niemiec albo innego kraju europejskiego, to by\u0142by uznany za wielkiego demokrat\u0119, lidera, wspania\u0142ego go\u015bcia\u201d. <strong>\u201eKa\u017cdy pretekst b\u0119dzie dobry do og\u0142oszenia, \u017ce w Polsce jest faszyzm\u201d <\/strong><\/em>&#8211; dodaje.<\/p><p><em>\u201eObecne zaostrzenie sytuacji oczywi\u015bcie nie wynika z \u017cadnego zagro\u017cenia dla praw cz\u0142owieka czy demokracji, bo to s\u0105 pierdo\u0142y propagandowe. Wiadomo, ze nie to powoduje, \u017ce z Ameryki przyje\u017cd\u017ca jaki\u015b facet z sekretariatu stanu \u017ceby nas strofowa\u0107, tylko to, \u017ce przyzwyczaili\u015bmy tamte pot\u0119gi do uleg\u0142o\u015bci\u201d<\/em> &#8211; m\u00f3wi Ziemkiewicz.<\/p><p>Publicysta skomentowa\u0142 r\u00f3wnie\u017c to, jak jego zdaniem wygl\u0105da obecny plan polityczny PiS:<\/p><p><em>\u201eSkoro ju\u017c bez\u0142adnie i spontanicznie- bo mam wra\u017cenie, \u017ce to \u017cadnego planu nie by\u0142o -w takim targowickim odruchem sprawa zosta\u0142 umi\u0119dzynarodowiona, no to idziemy w t\u0119 drak\u0119. B\u0119dzie wielka chryja pod has\u0142em, \u017ce chc\u0105 nas trzyma\u0107 pod butem\u2019 (\u2026) wiec trzeba z tym wszystkim walczy\u0107. <strong>Tyko obawiam si\u0119, \u017ce to b\u0119dzie jaka\u015b kolejna polska, bezmy\u015blna insurekcja. Bez \u017cadnego planu politycznego, nie maj\u0105ca nic wsp\u00f3lnego z dzia\u0142aniami Viktora Orbana<\/strong>\u201d.<\/em><\/p><p>Odno\u015bnie sytuacji na wschodzie Ziemkiewicza uwa\u017ca, \u017ce <em>\u201eUkraina jest troch\u0119 sztucznym tworem\u201d,<\/em> w kt\u00f3rym nasze problemy s\u0105 zwielokrotnione. <strong><em>\u201eTo jest pa\u0144stwo w du\u017cym stopniu kontrolowane przez mafi\u0119, \u00a0przez obce s\u0142u\u017cby specjalne, z bardzo s\u0142abymi podstawami do pa\u0144stwowo\u015bci\u201d <\/em><\/strong>&#8211; powiedzia\u0142.<\/p><p>Wi\u0119cej, w tym dlaczego Polska jest traktowana jak &#8222;czarnuch&#8221; z plantacji na dawnym po\u0142udniu USA,\u00a0 na nagraniu poni\u017cej:<\/p><p><iframe src=\"http:\/\/www.youtube.com\/embed\/pKKRDDU8CCM\" width=\"597\" height=\"597\" frameborder=\"0\" allowfullscreen=\"allowfullscreen\"><\/iframe><\/p><p>Kresy.pl<\/p>","protected":false},"excerpt":{"rendered":"\u201eObecne zaostrzenie sytuacji oczywi\u015bcie nie wynika z \u017cadnego zagro\u017cenia dla praw cz\u0142owieka czy demokracji, bo to s\u0105 pierdo\u0142y propagandowe. Wiadomo, \u017ce nie to powoduje, \u017ce z Ameryki przyje\u017cd\u017ca jaki\u015b facet z sekretariatu stanu \u017ceby nas strofowa\u0107, tylko to, \u017ce przyzwyczaili\u015bmy tamte pot\u0119gi do uleg\u0142o\u015bci\u201d &#8211; m\u00f3wi Ziemkiewicz w programie \u201eBez Filtra\u201d Kres\u00f3w.pl.Zdaniem Rafa\u0142a Ziemkiewicza obecna [&hellip;]","protected":false},"author":1,"featured_media":0,"comment_status":"closed","ping_status":"closed","sticky":false,"template":"","format":"standard","meta":{"_acf_changed":false,"_monsterinsights_skip_tracking":false,"_monsterinsights_sitenote_active":false,"_monsterinsights_sitenote_note":"","_monsterinsights_sitenote_category":0,"ngg_post_thumbnail":0,"footnotes":"","_wp_rev_ctl_limit":""},"categories":[9],"tags":[98],"acf":[],"_links":{"self":[{"href":"https:\/\/www.bibula.com\/index.php?rest_route=\/wp\/v2\/posts\/86577"}],"collection":[{"href":"https:\/\/www.bibula.com\/index.php?rest_route=\/wp\/v2\/posts"}],"about":[{"href":"https:\/\/www.bibula.com\/index.php?rest_route=\/wp\/v2\/types\/post"}],"author":[{"embeddable":true,"href":"https:\/\/www.bibula.com\/index.php?rest_route=\/wp\/v2\/users\/1"}],"replies":[{"embeddable":true,"href":"https:\/\/www.bibula.com\/index.php?rest_route=%2Fwp%2Fv2%2Fcomments&post=86577"}],"version-history":[{"count":0,"href":"https:\/\/www.bibula.com\/index.php?rest_route=\/wp\/v2\/posts\/86577\/revisions"}],"wp:attachment":[{"href":"https:\/\/www.bibula.com\/index.php?rest_route=%2Fwp%2Fv2%2Fmedia&parent=86577"}],"wp:term":[{"taxonomy":"category","embeddable":true,"href":"https:\/\/www.bibula.com\/index.php?rest_route=%2Fwp%2Fv2%2Fcategories&post=86577"},{"taxonomy":"post_tag","embeddable":true,"href":"https:\/\/www.bibula.com\/index.php?rest_route=%2Fwp%2Fv2%2Ftags&post=86577"}],"curies":[{"name":"wp","href":"https:\/\/api.w.org\/{rel}","templated":true}]}}