{"id":86550,"date":"2016-03-17T15:21:36","date_gmt":"2016-03-17T19:21:36","guid":{"rendered":"http:\/\/www.bibula.com\/?p=86550"},"modified":"2016-03-20T09:37:47","modified_gmt":"2016-03-20T13:37:47","slug":"finansowa-podszewka-demokracji-finansowa-podszewka-demokracji","status":"publish","type":"post","link":"https:\/\/www.bibula.com\/?p=86550","title":{"rendered":"Finansowa podszewka demokracji &#8211; <em>Stanis\u0142aw Michalkiewicz<\/em>"},"content":{"rendered":"<p>Szanowni Pa\u0144stwo!<\/p><p>Poniewa\u017c Komisja Europejska zapowiedzia\u0142a, \u017ce o ostatecznym rozwi\u0105zaniu kwestii polskiej, czyli &#8211; jak powiedzia\u0142by syn kata Polak\u00f3w, generalnego gubernatora Hansa Franka, pan Niklas Frank, z kt\u00f3rym \u201e<i>Gazeta Wyborcza<\/i>\u201d namawia si\u0119, jakby tu wysadzi\u0107 w powietrze aktualny polski rz\u0105d i w ten spos\u00f3b uratowa\u0107 demokracj\u0119 &#8211; \u017ce o ostatecznym rozwi\u0105zaniu die polnische Frage Komisja Europejska zdecyduje dopiero po \u015awi\u0119tach Wielkanocnych &#8211; w naszym nieszcz\u0119\u015bliwym kraju zapanowa\u0142a atmosfera wyczekiwania. Nie oznacza to, ma si\u0119 rozumie\u0107, \u017cadnej bierno\u015bci. Przeciwnie &#8211; Komitet Obrony Demokracji intensywnie trenuje uliczne zadymy, \u017ceby &#8211; kiedy ju\u017c RAZWIEDUPR wyda odpowiedni rozkaz &#8211; wywo\u0142a\u0107 w ca\u0142ym kraju rozruchy po\u0142\u0105czone z niszczeniem mienia i aktami przemocy, zmusi\u0107 w ten spos\u00f3b rz\u0105d do reakcji, by nast\u0119pnie oskar\u017cy\u0107 go o \u201e<i>pa\u0144stwowy terroryzm<\/i>\u201d i w ten spos\u00f3b dostarczy\u0107 Unii Europejskiej, to znaczy &#8211; Niemcom &#8211; pretekstu do zastosowania wobec Polski przewidzianej w traktacie lizbo\u0144skim tak zwanej \u201e<i>klauzuli solidarno\u015bci<\/i>\u201d. Przewiduje ona, \u017ce w razie zagro\u017cenia w kraju cz\u0142onkowskim demokracji na skutek terroryzmu, Unia Europejska mo\u017ce udzieli\u0107 takiemu krajowi bratniej pomocy &#8211; r\u00f3wnie\u017c w postaci interwencji wojskowej. Jak ju\u017c m\u00f3wi\u0142em, z brzmienia zapis\u00f3w traktatowych wynika, \u017ce z tak\u0105 pro\u015bb\u0105 powinny wyst\u0105pi\u0107 w\u0142adze tego pa\u0144stwa, ale je\u015bli zagro\u017cenie dla demokracji wyp\u0142ywa w\u0142a\u015bnie od w\u0142adz &#8211; a takie przecie\u017c s\u0105 oskar\u017cenia &#8211; to jasne, \u017ce kto\u015b musi je wyr\u0119czy\u0107. I to jest drugie, wa\u017cne zadanie Komitetu Obrony Demokracji, utworzonego ze zmobilizowanych konfident\u00f3w, wok\u00f3\u0142 kt\u00f3rych zgromadzili si\u0119 ludzie zagro\u017ceni utrat\u0105 aliment\u00f3w, no i oczywi\u015bcie &#8211; po\u017cyteczni idioci, co to my\u015bl\u0105, \u017ce z t\u0105 demokracj\u0105 to wszystko naprawd\u0119.<\/p><p>Na fasadzie Komitetu pierwszorz\u0119dni fachowcy z RAZWIEDPR-a umie\u015bcili pana Mateusza Kijowskiego \u201e<i>na utrzymaniu \u017cony<\/i>\u201d, kt\u00f3rego ju\u017c brukselscy dygnitarze przyjmowali z rewerencj\u0105 nale\u017cn\u0105 co najmniej g\u0142owie pa\u0144stwa. Wi\u0119c kiedy Komitet Obrony Demokracji intensywnie trenuje uliczne zadymy, niekt\u00f3rzy dygnitarze nie mog\u0105 ju\u017c powstrzyma\u0107 rozpieraj\u0105cych ich emocji. Z obfito\u015bci serca usta m\u00f3wi\u0105, wi\u0119c taki na przyk\u0142ad przewodnicz\u0105cy Platformie Obywatelskiej pan Grzegorz Schetyna ju\u017c przeb\u0105kuje o \u201e<i>majdanie<\/i>\u201d w Warszawie. Widocznie musia\u0142 zosta\u0107 dopuszczony nie tylko do konfidencji &#8211; bo w przeciwnym razie sk\u0105d by wiedzia\u0142, \u017ce w Warszawie b\u0119dzie zorganizowany \u201e<i>majdan<\/i>\u201d &#8211; ale kto wie, czy nie zosta\u0142 te\u017c dopuszczony r\u00f3wnie\u017c do pieni\u0119dzy. Jak bowiem wiadomo, zorganizowanie takiego \u201e<i>majdanu<\/i>\u201d troch\u0119 kosztuje. Na przyk\u0142ad \u201e<i>majdan<\/i>\u201d w Kijowie kosztowa\u0142 co najmniej 750 tysi\u0119cy hrywien dziennie, co stanowi\u0142o r\u00f3wnowarto\u015b\u0107 250 tysi\u0119cy z\u0142otych. Za tak\u0105 sum\u0119 mo\u017cna zorganizowa\u0107 \u201e<i>majdan<\/i>\u201d i u nas, jak nie pod pretekstem \u201e<i>obrony demokracji<\/i>\u201d, to pod jaki\u015b innym &#8211; bo ka\u017cda okazja jest dobra, \u017ceby w tych ci\u0119\u017ckich czasach zarobi\u0107 par\u0119 z\u0142otych. Powiadaj\u0105, \u017ce na kijowski \u201e<i>majdan<\/i>\u201d Amerykanie, to znaczy &#8211; ameryka\u0144ska razwiedka przeznaczy\u0142a oko\u0142o 5 miliard\u00f3w dolar\u00f3w. Ciekawe, ile b\u0119dzie kosztowa\u0142 \u201e<i>majdan<\/i>\u201d w Warszawie, no i oczywi\u015bcie &#8211; za czyim po\u015brednictwem te pieni\u0105dze b\u0119d\u0105 rozdzielane. My\u015bl\u0119, \u017ce w Warszawie mo\u017ce kosztowa\u0107 wi\u0119cej, bo &#8211; jak w pods\u0142uchanej rozmowie o\u015bwieci\u0142a nas pani El\u017cbieta Bie\u0144kowska &#8211; tylko \u201e<i>idiota<\/i>\u201d pracuje za 6 tysi\u0119cy z\u0142otych. My\u015bl\u0119, \u017ce rozdzielanie forsy ju\u017c si\u0119 rozpocz\u0119\u0142o, bo czy\u017c w przeciwnym razie Komitet Obrony Demokracji trenowa\u0142by tak intensywnie? Sponsorzy dobrze p\u0142ac\u0105, ale i wymagaj\u0105, wi\u0119c wcale bym si\u0119 nie zdziwi\u0142, gdyby si\u0119 okaza\u0142o, \u017ce na demonstracjach Komitetu konfidenci maj\u0105 sprawdzan\u0105 list\u0119 obecno\u015bci.<\/p><p>Wi\u0119c kiedy Komitet Obrony Demokracji intensywnie trenuje, autorytety moralne te\u017c nie zasypiaj\u0105 gruszek w popiele i ka\u017cdy pr\u00f3buje jako\u015b zaznaczy\u0107 nie tylko swoj\u0105 obecno\u015b\u0107, ale i u\u017cyteczno\u015b\u0107. W\u0142a\u015bnie pan W\u0142adys\u0142aw Frasyniuk wymy\u015bli\u0142 panu prezydentowi Dudzie nazwisko zast\u0119pcze. Ciekawe, \u017ce nazwisko zast\u0119pcze ma r\u00f3wnie\u017c pan Frasyniuk. W internecie kr\u0105\u017c\u0105 bowiem tak zwane \u201e<i>listy \u017byd\u00f3w<\/i>\u201d. Ich autorzy dobrze si\u0119 bawi\u0105, przydzielaj\u0105c wszystkim osobom publicznie znanym \u017cydowskie nazwiska i na przyk\u0142ad panu Frasyniukowi przypisali nazwisko \u201e<i>Rotenschwanz<\/i>\u201d. Ka\u017cdy, kto zna j\u0119zyk niemiecki wie, \u017ce \u017caden \u017byd by si\u0119 tak nie nazywa\u0142, wi\u0119c to oczywi\u015bcie nieprawda. Ale ja nie o nazwiskach, tyko o pieni\u0105dzach. Jak pami\u0119tamy, r\u00f3wnie\u017c podziemna \u201e<i>Solidarno\u015b\u0107<\/i>\u201d by\u0142a wspomagana finansowo z zagranicy, przewa\u017cnie za po\u015brednictwem zwi\u0105zk\u00f3w zawodowych . Trzy czwarte tych \u015brodk\u00f3w przechodzi\u0142o przez Biuro Koordynacyjne w Brukseli, kt\u00f3rym od 1982 do 1990 roku kierowa\u0142 tajny wsp\u00f3\u0142pracownik SB, pan Jerzy Milewski, p\u00f3\u017aniejszy minister w Kancelarii prezydenta Wa\u0142\u0119sy. Z tego powodu SB doskonale wiedzia\u0142a, nie tylko kto ile dosta\u0142, ale nawet &#8211; gdzie schowa\u0142. Tote\u017c kiedy podczas zjazdu Solidarno\u015bci, ju\u017c w tak zwanej \u201e<i>wolnej Polsce<\/i>\u201d, pad\u0142 wniosek, \u017ceby t\u0119 zagraniczn\u0105 pomoc jako\u015b rozliczy\u0107, autorytety moralne podnios\u0142y niebywa\u0142y klangor. Sko\u0144czy\u0142o si\u0119 na tym, \u017ce ksi\u0105dz Henryk Jankowski da\u0142 kap\u0142a\u0144skie s\u0142owo honoru, \u017ce wszystko by\u0142o w jak najlepszym porz\u0105dku. Ale ile starych rodzin dzi\u0119ki temu powsta\u0142o, to ju\u017c osobna sprawa. Ciekawe ile powstanie teraz, dzi\u0119ki warszawskiemu \u201e<i>majdanowi<\/i>\u201d? Pewnie jeszcze wi\u0119cej &#8211; bo czy\u017c w przeciwnym razie tak by si\u0119 uwijano \u201e<i>w obronie demokracji<\/i>\u201d?<\/p><p>M\u00f3wi\u0142 Stanis\u0142aw Michalkiewicz<\/p><p><strong><em>Stanis\u0142aw Michalkiewicz<\/em><\/strong><\/p><p>Felieton \u00a0<b>\u2022<\/b>\u00a0 Radio Maryja \u00a0<b>\u2022<\/b>\u00a0 17 marca 2016<\/p><p><i>Sta\u0142y komentarz Stanis\u0142awa Michalkiewicza z cyklu \u201eMy\u015bl\u0105c Ojczyzna\u201d jest emitowany w Radiu Maryja w ka\u017cd\u0105 \u015brod\u0119 o godz. 20.50. Komentarze nie s\u0105 emitowane podczas przerwy wakacyjnej w lipcu i sierpniu.<\/i><\/p>","protected":false},"excerpt":{"rendered":"Szanowni Pa\u0144stwo!Poniewa\u017c Komisja Europejska zapowiedzia\u0142a, \u017ce o ostatecznym rozwi\u0105zaniu kwestii polskiej, czyli &#8211; jak powiedzia\u0142by syn kata Polak\u00f3w, generalnego gubernatora Hansa Franka, pan Niklas Frank, z kt\u00f3rym \u201eGazeta Wyborcza\u201d namawia si\u0119, jakby tu wysadzi\u0107 w powietrze aktualny polski rz\u0105d i w ten spos\u00f3b uratowa\u0107 demokracj\u0119 &#8211; \u017ce o ostatecznym rozwi\u0105zaniu die polnische Frage Komisja Europejska [&hellip;]","protected":false},"author":1,"featured_media":0,"comment_status":"closed","ping_status":"closed","sticky":false,"template":"","format":"standard","meta":{"_acf_changed":false,"_monsterinsights_skip_tracking":false,"_monsterinsights_sitenote_active":false,"_monsterinsights_sitenote_note":"","_monsterinsights_sitenote_category":0,"ngg_post_thumbnail":0,"footnotes":"","_wp_rev_ctl_limit":""},"categories":[9],"tags":[34],"acf":[],"_links":{"self":[{"href":"https:\/\/www.bibula.com\/index.php?rest_route=\/wp\/v2\/posts\/86550"}],"collection":[{"href":"https:\/\/www.bibula.com\/index.php?rest_route=\/wp\/v2\/posts"}],"about":[{"href":"https:\/\/www.bibula.com\/index.php?rest_route=\/wp\/v2\/types\/post"}],"author":[{"embeddable":true,"href":"https:\/\/www.bibula.com\/index.php?rest_route=\/wp\/v2\/users\/1"}],"replies":[{"embeddable":true,"href":"https:\/\/www.bibula.com\/index.php?rest_route=%2Fwp%2Fv2%2Fcomments&post=86550"}],"version-history":[{"count":0,"href":"https:\/\/www.bibula.com\/index.php?rest_route=\/wp\/v2\/posts\/86550\/revisions"}],"wp:attachment":[{"href":"https:\/\/www.bibula.com\/index.php?rest_route=%2Fwp%2Fv2%2Fmedia&parent=86550"}],"wp:term":[{"taxonomy":"category","embeddable":true,"href":"https:\/\/www.bibula.com\/index.php?rest_route=%2Fwp%2Fv2%2Fcategories&post=86550"},{"taxonomy":"post_tag","embeddable":true,"href":"https:\/\/www.bibula.com\/index.php?rest_route=%2Fwp%2Fv2%2Ftags&post=86550"}],"curies":[{"name":"wp","href":"https:\/\/api.w.org\/{rel}","templated":true}]}}