{"id":86547,"date":"2016-03-17T13:54:06","date_gmt":"2016-03-17T17:54:06","guid":{"rendered":"http:\/\/www.bibula.com\/?p=86547"},"modified":"2016-03-17T13:54:06","modified_gmt":"2016-03-17T17:54:06","slug":"ks-isakowicz-zaleski-ukrainskie-wladze-lza-polskich-bohaterow","status":"publish","type":"post","link":"https:\/\/www.bibula.com\/?p=86547","title":{"rendered":"Ks.Isakowicz-Zaleski: Ukrai\u0144skie w\u0142adze l\u017c\u0105 polskich bohater\u00f3w"},"content":{"rendered":"<p><strong>Jak twierdzi znany obro\u0144ca pami\u0119ci o kresowym ludob\u00f3jstwie, w\u0142adze Polski ci\u0105gle pozostaj\u0105 bierne w tej sprawie.<\/strong><\/p><p>W swoim komentarzu dla portalu Onet ks. Tadeusz Isakowicz-Zaleski pisze o li\u015bcie otwartym &#8222;bardzo wielu\u00a0organizacji kresowych, wspieranych przez \u015brodowiska patriotyczne&#8221; do wicepremiera i ministra kultury Piotra Gli\u0144skiego. w kt\u00f3rym prosili go o wywarcie presji na stronie ukrai\u0144skiej by lwy jakie wr\u00f3ci\u0142y na cmentarz Obro\u0144c\u00f3w Lwowa odtworzy\u0107 z pe\u0142n\u0105 pieczo\u0142owito\u015bci\u0105, to znaczy aby na ich tarcze wr\u00f3ci\u0142y dewizy\u00a0\u201eZawsze wierny\u201d i \u201eTobie Polsko\u201d. Na jednej z tarcz herbowych przedstawione by\u0142y poza tym god\u0142o Polski i\u00a0herb\u00a0Lwowa. W imieniu wicpremiera na list \u015brodowisk kreoswych odpowiedzia\u0142 sekretarz stanu w Ministerstwie Kultury i Dziedzictwa Narodowego Jaros\u0142aw Sellin. Obiec\u0142, &#8222;\u017ce nie zaprzestaniemy stara\u0144 o to, by ten tak wa\u017cny dla Polak\u00f3w w kraju i poza granicami cmentarz, zosta\u0142 odtworzony w swojej historycznej postaci&#8230;\u201d. Polscy oficjele maj\u0105 do tej pory u\u017cywa\u0107 rzeczywistej nazwy nekropolii, kt\u00f3ry jest Cmentarzem Obro\u0144c\u00f3w Lwowa, nie za\u015b nazwy zwyczajowej &#8211; Cmentarz Orl\u0105t.\u00a0<\/p><p>&#8222;Absolutnie nie podzielamy optymistycznej opinii Pana Jaros\u0142awa Sellina, i\u017c sytuacja wewn\u0105trz-ukrai\u0144ska jest bardziej pozytywna dla strony polskiej ni\u017c 10 lat temu&#8217; &#8211; ks. Isakowicz-Zaleski odpowiada Sellinowi &#8211; &#8222;Przypominamy oczywisty fakt, \u017ce w ci\u0105gu ostatnich dw\u00f3ch lat lawinowo wzros\u0142a na\u00a0terenie\u00a0Ukrainy liczba pomnik\u00f3w i upami\u0119tnie\u0144 po\u015bwi\u0119conych zbrodniarzom wojennym i ludob\u00f3jcom narodu polskiego (np. Stepan Bandera, Roman Szuchewycz, Petro Diaczenko i wielu innych), co zupe\u0142nie uniemo\u017cliwia w naszej ocenie jakiekolwiek u\u0142o\u017cenie pozytywnych stosunk\u00f3w dobros\u0105siedzkich&#8221;.\u00a0<\/p><p>Kap\u0142an przypomina przypadki wandalizmu na Cmantarzu Orl\u0105t, ale te\u017c wystapienia ukrai\u0144\u015bkich oficjeli w sprawie polskiej historii, przypomnia\u0142 w tym kontek\u015bcie s\u0142owa szefa ukrai\u0144skiego Instytutu Pami\u0119ci Narodowej Wo\u0142odymyra Wiatrowycza, &#8222;kt\u00f3ry plugawi imi\u0119 dw\u00f3ch Cichociemnych&#8221;.<\/p><p>Jak ocenia ks. Isakowicz-Zaleski &#8222;mamy zatem tak\u0105 oto sytuacj\u0119, \u017ce Rz\u0105d RP w pe\u0142ni zdaje sobie spraw\u0119 z nieprzychylnego a nawet wrogiego stosunku Ukrai\u0144c\u00f3w do polskich postulat\u00f3w, ale nie ma \u017cadnego planu rozwi\u0105zania tego problemu&#8221;. W tym samym czasie mamy do czynienia z przeznaczaniem &#8222;dla wrogo nastawionych Ukrai\u0144c\u00f3w milion\u00f3w z\u0142otych pieni\u0119dzy polskich podatnik\u00f3w&#8221;. &#8222;Brakuje nam stanowczej odpowiedzi polskiego Rz\u0105du&#8221; wobec &#8222;haniebnych&#8221; wyst\u0105pie\u0144 szefa ukrai\u0144skiego IPN.<\/p><p>&#8222;Polscy politycy nie staj\u0105 w prawdzie, gdy w\u0142adze ukrai\u0144skie l\u017c\u0105 polskich bohater\u00f3w czy zwyk\u0142ych obywateli zamordowanych w procesie ludob\u00f3jstwa dokonanego przez OUN-UPA, nie udzielaj\u0105 jakiegokolwiek wsparcia Polakom staraj\u0105cym si\u0119 o ekshumacj\u0119 i godny poch\u00f3wek krewnych zamordowanych przez banderowc\u00f3w&#8221; &#8211; podsumowuje stanowisko w\u0142adz polskich ks. Isakowicz-Zaleski w Ministerstwie Kultury i Dziedzictwa Narodowego pisz\u0105c, \u017ce &#8222;przyznaje s\u0142uszno\u015b\u0107 i solidaryzuje si\u0119 ze wszystkimi postulatami naszej akcji pn. \u201eOddajcie Orl\u0119tom lwy\u201d, jednak ze wzgl\u0119du na nieprzychylny stosunek Ukrai\u0144c\u00f3w nic nie mo\u017ce zrobi\u0107 i jest zupe\u0142nie obezw\u0142adnione w tej sprawie&#8221;. Jak deklaruje &#8222;Akcja pn. \u201eOddajcie Orl\u0119tom lwy\u201d b\u0119dzie prowadzona do ostatecznego zrealizowania wszystkich jej postulat\u00f3w.&#8221;<\/p><p>onet.pl\/kresy.pl<\/p>","protected":false},"excerpt":{"rendered":"Jak twierdzi znany obro\u0144ca pami\u0119ci o kresowym ludob\u00f3jstwie, w\u0142adze Polski ci\u0105gle pozostaj\u0105 bierne w tej sprawie.W swoim komentarzu dla portalu Onet ks. Tadeusz Isakowicz-Zaleski pisze o li\u015bcie otwartym &#8222;bardzo wielu\u00a0organizacji kresowych, wspieranych przez \u015brodowiska patriotyczne&#8221; do wicepremiera i ministra kultury Piotra Gli\u0144skiego. w kt\u00f3rym prosili go o wywarcie presji na stronie ukrai\u0144skiej by lwy jakie [&hellip;]","protected":false},"author":1,"featured_media":0,"comment_status":"closed","ping_status":"closed","sticky":false,"template":"","format":"standard","meta":{"_acf_changed":false,"_monsterinsights_skip_tracking":false,"_monsterinsights_sitenote_active":false,"_monsterinsights_sitenote_note":"","_monsterinsights_sitenote_category":0,"ngg_post_thumbnail":0,"footnotes":"","_wp_rev_ctl_limit":""},"categories":[9],"tags":[65,188,167,17],"acf":[],"_links":{"self":[{"href":"https:\/\/www.bibula.com\/index.php?rest_route=\/wp\/v2\/posts\/86547"}],"collection":[{"href":"https:\/\/www.bibula.com\/index.php?rest_route=\/wp\/v2\/posts"}],"about":[{"href":"https:\/\/www.bibula.com\/index.php?rest_route=\/wp\/v2\/types\/post"}],"author":[{"embeddable":true,"href":"https:\/\/www.bibula.com\/index.php?rest_route=\/wp\/v2\/users\/1"}],"replies":[{"embeddable":true,"href":"https:\/\/www.bibula.com\/index.php?rest_route=%2Fwp%2Fv2%2Fcomments&post=86547"}],"version-history":[{"count":0,"href":"https:\/\/www.bibula.com\/index.php?rest_route=\/wp\/v2\/posts\/86547\/revisions"}],"wp:attachment":[{"href":"https:\/\/www.bibula.com\/index.php?rest_route=%2Fwp%2Fv2%2Fmedia&parent=86547"}],"wp:term":[{"taxonomy":"category","embeddable":true,"href":"https:\/\/www.bibula.com\/index.php?rest_route=%2Fwp%2Fv2%2Fcategories&post=86547"},{"taxonomy":"post_tag","embeddable":true,"href":"https:\/\/www.bibula.com\/index.php?rest_route=%2Fwp%2Fv2%2Ftags&post=86547"}],"curies":[{"name":"wp","href":"https:\/\/api.w.org\/{rel}","templated":true}]}}