{"id":86542,"date":"2016-03-17T13:05:21","date_gmt":"2016-03-17T17:05:21","guid":{"rendered":"http:\/\/www.bibula.com\/?p=86542"},"modified":"2016-03-17T13:05:21","modified_gmt":"2016-03-17T17:05:21","slug":"poslowie-za-przejeciem-przez-senat-opieki-nad-polonia-i-polakami-za-granica","status":"publish","type":"post","link":"https:\/\/www.bibula.com\/?p=86542","title":{"rendered":"Pos\u0142owie za przej\u0119ciem przez Senat opieki nad Poloni\u0105 i Polakami za granic\u0105"},"content":{"rendered":"<p><strong>Sejm opowiedzia\u0142 si\u0119 za przej\u0119ciem przez Senat opieki nad Poloni\u0105 i Polakami za granic\u0105. Wy\u017csza izba parlamentu <\/strong><strong>sprawowa\u0142a piecz\u0119 nad Poloni\u0105 od 1989 r.<\/strong><\/p><p>W 2012 r. Platforma Obywatelska przekaza\u0142a \u015brodki z bud\u017cetu na ten cel polskiemu Ministerstwu Spraw Zagranicznych. Obecnie powracaj\u0105 one do dyspozycji Senatu. W tegorocznej ustawie bud\u017cetowej przekazano do dyspozycji Senatu 60,5 mln z\u0142 na opiek\u0119 nad Poloni\u0105.<\/p><p>Senator Jan \u0179aryn, cz\u0142onek senackiej Komisji Spraw Emigracji i \u0141\u0105czno\u015bci z Polakami za granic\u0105, podkre\u015bla, \u017ce przekazanie tej kompetencji do Senatu zwi\u0119kszy zapewne presti\u017c izby. Doda\u0142, \u017ce takie rozwi\u0105zanie apelowali ju\u017c wcze\u015bniej Polacy ze wschodu.<\/p><p><strong>&#8211; By\u0142o takie powszechne oczekiwanie, \u017ce wr\u00f3ci do Senatu ta kompetencja dotycz\u0105ca rozdzia\u0142u pieni\u0119dzy przeznaczonych na rozw\u00f3j Polonii i na to wszystko, co dotyczy szczeg\u00f3lnie bol\u0105czek Polak\u00f3w na wschodzie. To jest pewne zobowi\u0105zanie, z jednej strony rado\u015b\u0107, bo czujemy, \u017ce Senat tak\u017ce jest izb\u0105, bez w\u0105tpliwo\u015bci, potrzebn\u0105 &#8211; <\/strong>zaznaczy\u0142 senator.<\/p><p>\u015arodki w tym roku zostan\u0105 wydawane zgodnie z wynikami rozpisanego przez MSZ konkursu, od 2017 r. ma nimi zarz\u0105dza\u0107 ju\u017c Senat.<\/p><p>RIRM<\/p>","protected":false},"excerpt":{"rendered":"Sejm opowiedzia\u0142 si\u0119 za przej\u0119ciem przez Senat opieki nad Poloni\u0105 i Polakami za granic\u0105. Wy\u017csza izba parlamentu sprawowa\u0142a piecz\u0119 nad Poloni\u0105 od 1989 r.W 2012 r. Platforma Obywatelska przekaza\u0142a \u015brodki z bud\u017cetu na ten cel polskiemu Ministerstwu Spraw Zagranicznych. Obecnie powracaj\u0105 one do dyspozycji Senatu. W tegorocznej ustawie bud\u017cetowej przekazano do dyspozycji Senatu 60,5 mln [&hellip;]","protected":false},"author":1,"featured_media":0,"comment_status":"closed","ping_status":"closed","sticky":false,"template":"","format":"standard","meta":{"_acf_changed":false,"_monsterinsights_skip_tracking":false,"_monsterinsights_sitenote_active":false,"_monsterinsights_sitenote_note":"","_monsterinsights_sitenote_category":0,"ngg_post_thumbnail":0,"footnotes":"","_wp_rev_ctl_limit":""},"categories":[129],"tags":[98,359],"acf":[],"_links":{"self":[{"href":"https:\/\/www.bibula.com\/index.php?rest_route=\/wp\/v2\/posts\/86542"}],"collection":[{"href":"https:\/\/www.bibula.com\/index.php?rest_route=\/wp\/v2\/posts"}],"about":[{"href":"https:\/\/www.bibula.com\/index.php?rest_route=\/wp\/v2\/types\/post"}],"author":[{"embeddable":true,"href":"https:\/\/www.bibula.com\/index.php?rest_route=\/wp\/v2\/users\/1"}],"replies":[{"embeddable":true,"href":"https:\/\/www.bibula.com\/index.php?rest_route=%2Fwp%2Fv2%2Fcomments&post=86542"}],"version-history":[{"count":0,"href":"https:\/\/www.bibula.com\/index.php?rest_route=\/wp\/v2\/posts\/86542\/revisions"}],"wp:attachment":[{"href":"https:\/\/www.bibula.com\/index.php?rest_route=%2Fwp%2Fv2%2Fmedia&parent=86542"}],"wp:term":[{"taxonomy":"category","embeddable":true,"href":"https:\/\/www.bibula.com\/index.php?rest_route=%2Fwp%2Fv2%2Fcategories&post=86542"},{"taxonomy":"post_tag","embeddable":true,"href":"https:\/\/www.bibula.com\/index.php?rest_route=%2Fwp%2Fv2%2Ftags&post=86542"}],"curies":[{"name":"wp","href":"https:\/\/api.w.org\/{rel}","templated":true}]}}