{"id":86506,"date":"2016-03-16T10:16:45","date_gmt":"2016-03-16T14:16:45","guid":{"rendered":"http:\/\/www.bibula.com\/?p=86506"},"modified":"2016-03-16T10:16:45","modified_gmt":"2016-03-16T14:16:45","slug":"w-szwecji-nigdy-nikogo-nie-skazano-za-przestepstwo-z-nienawisci-przeciwko-rodowitym-szwedom","status":"publish","type":"post","link":"https:\/\/www.bibula.com\/?p=86506","title":{"rendered":"W Szwecji nigdy nikogo nie skazano za przest\u0119pstwo z nienawi\u015bci przeciwko rodowitym Szwedom"},"content":{"rendered":"<p><strong>Wed\u0142ug oficjalnych statystyk, jak dot\u0105d tzw. przest\u0119pstwo na tle nienawi\u015bci rasowej czy etnicznej nie mia\u0142o faktycznego zastosowania w przypadku rodowitych Szwed\u00f3w. Nikt nigdy nie zosta\u0142 na takiej podstawie skazany.<\/strong><\/p><p>Mimo tego, \u017ce szwedzka policja otrzymuje liczne zg\u0142oszenia od rodowitych Szwed\u00f3w, kt\u00f3rzy s\u0105 napadani, w zasadzie nikt nie zosta\u0142 skazany za \u201eprzest\u0119pstwo z nienawi\u015bci\u201d wzgl\u0119dem bia\u0142ego obywatela Szwecji. St\u0105d powsta\u0142o wra\u017cenie, \u017ce szwedzkie prawo staje jedynie w obronie os\u00f3b, kt\u00f3re nale\u017c\u0105 do jakiej\u015b mniejszo\u015bci.<\/p><p>Prawniczka Susanne Gosenius, kt\u00f3ra szkoli policjant\u00f3w w sprawach prawnych w Malmo, od 2013 roku rejestruje statystki tzw. przest\u0119pstw z nienawi\u015bci. Nie jest w stanie wskaza\u0107 przekonywuj\u0105cych dowod\u00f3w, \u017ce jest inaczej. Wed\u0142ug statystyk, zaledwie 1 procent doniesie\u0144 w sprawie takich przest\u0119pstw dotyczy ofiar, kt\u00f3rymi byli biali Szwedzi. Z kolei miejska prokuratura, policja i statystycy rz\u0105dowi, z kt\u00f3rymi kontaktowa\u0142a si\u0119 gazeta Helsingborgs Dagblad nie mogli wskaza\u0107 \u017cadnego znacz\u0105cego przypadku, w kt\u00f3rym sko\u0144czy\u0142oby si\u0119 to skazaniem oskar\u017conego.<\/p><p>Zdaniem Gosenius mo\u017ce to cz\u0119\u015bciowo wynika\u0107 z tego, \u017ce biali obywatele Szwecji raczej nie przedstawiaj\u0105 tego w ten spos\u00f3b, a sami policjanci z ignorancji nie rejestruj\u0105 przest\u0119pstw z nienawi\u015bci w sprawach takich os\u00f3b.<\/p><p>Portal Breitbart.com przytacza r\u00f3wnie\u017c przyk\u0142ad pewnego blogera, kt\u00f3ry obra\u017ca\u0142 rodowitych Szwed\u00f3w jako \u201eniecywilizowanych barbarzy\u0144c\u00f3w\u201d i potencjalnych przest\u0119pc\u00f3w seksualnych i na tej podstawie stwierdzi\u0142, \u017ce powinni wygin\u0105\u0107 i znikn\u0105\u0107 z powierzchni ziemi. Sprawa trafi\u0142a do s\u0105du, kt\u00f3ry uzna\u0142, \u017ce nie by\u0142a to mowa nienawi\u015bci, poniewa\u017c rodowici Szwedzi, jako przedstawiciele wi\u0119kszo\u015bci w swoim kraju, powinni mie\u0107 wy\u017cszy poziom tolerancji na tego rodzaju obra\u017aliwe stwierdzenia. Jako przest\u0119pstwo z nienawi\u015bci nie zakwalifikowano r\u00f3wnie\u017c sprawy erytrejskiego uchod\u017acy, kt\u00f3remu odm\u00f3wiono azylu. W rewan\u017cu zamordowa\u0142 dwie osoby w sklepie IKEA. Zdaniem s\u0105du, zbrodnia nie by\u0142a w \u017caden spos\u00f3b umotywowana politycznie i nie mia\u0142a w tle nienawi\u015bci na tle narodowym czy etnicznym.<\/p><p><a href=\"http:\/\/www.breitbart.com\/london\/2016\/03\/14\/in-sweden-there-has-never-been-a-conviction-for-hate-crimes-against-white-swedes\/\">Breitbart.com<\/a> \/ Kresy.pl<\/p>","protected":false},"excerpt":{"rendered":"Wed\u0142ug oficjalnych statystyk, jak dot\u0105d tzw. przest\u0119pstwo na tle nienawi\u015bci rasowej czy etnicznej nie mia\u0142o faktycznego zastosowania w przypadku rodowitych Szwed\u00f3w. Nikt nigdy nie zosta\u0142 na takiej podstawie skazany.Mimo tego, \u017ce szwedzka policja otrzymuje liczne zg\u0142oszenia od rodowitych Szwed\u00f3w, kt\u00f3rzy s\u0105 napadani, w zasadzie nikt nie zosta\u0142 skazany za \u201eprzest\u0119pstwo z nienawi\u015bci\u201d wzgl\u0119dem bia\u0142ego obywatela [&hellip;]","protected":false},"author":1,"featured_media":0,"comment_status":"closed","ping_status":"closed","sticky":false,"template":"","format":"standard","meta":{"_acf_changed":false,"_monsterinsights_skip_tracking":false,"ngg_post_thumbnail":0,"footnotes":"","_wp_rev_ctl_limit":""},"categories":[6],"tags":[114,169,25,31,205],"acf":[],"_links":{"self":[{"href":"https:\/\/www.bibula.com\/index.php?rest_route=\/wp\/v2\/posts\/86506"}],"collection":[{"href":"https:\/\/www.bibula.com\/index.php?rest_route=\/wp\/v2\/posts"}],"about":[{"href":"https:\/\/www.bibula.com\/index.php?rest_route=\/wp\/v2\/types\/post"}],"author":[{"embeddable":true,"href":"https:\/\/www.bibula.com\/index.php?rest_route=\/wp\/v2\/users\/1"}],"replies":[{"embeddable":true,"href":"https:\/\/www.bibula.com\/index.php?rest_route=%2Fwp%2Fv2%2Fcomments&post=86506"}],"version-history":[{"count":0,"href":"https:\/\/www.bibula.com\/index.php?rest_route=\/wp\/v2\/posts\/86506\/revisions"}],"wp:attachment":[{"href":"https:\/\/www.bibula.com\/index.php?rest_route=%2Fwp%2Fv2%2Fmedia&parent=86506"}],"wp:term":[{"taxonomy":"category","embeddable":true,"href":"https:\/\/www.bibula.com\/index.php?rest_route=%2Fwp%2Fv2%2Fcategories&post=86506"},{"taxonomy":"post_tag","embeddable":true,"href":"https:\/\/www.bibula.com\/index.php?rest_route=%2Fwp%2Fv2%2Ftags&post=86506"}],"curies":[{"name":"wp","href":"https:\/\/api.w.org\/{rel}","templated":true}]}}