{"id":86486,"date":"2016-03-13T10:47:08","date_gmt":"2016-03-13T14:47:08","guid":{"rendered":"http:\/\/www.bibula.com\/?p=86486"},"modified":"2016-03-15T10:48:25","modified_gmt":"2016-03-15T14:48:25","slug":"izraelskie-sluzby-chca-zamknac-palestynska-telewizje","status":"publish","type":"post","link":"https:\/\/www.bibula.com\/?p=86486","title":{"rendered":"Izraelskie s\u0142u\u017cby chc\u0105 zamkn\u0105\u0107 palesty\u0144sk\u0105 telewizj\u0119"},"content":{"rendered":"<p><strong>Izraelscy \u017co\u0142nierze wtargn\u0119li do biura jednej z palesty\u0144skich stacji telewizyjnych na Zachodnim Brzegu.<\/strong><\/p><p>Agencja bezpiecze\u0144stwa Shin Bet poinformowa\u0142a, \u017ce w nocy wtargni\u0119to do siedziby jednej ze stacji telewizyjnych w Ramallah. Wed\u0142ug Izraela stacja ta jest odpowiedzialna za radykalizowanie nastroj\u00f3w w\u015br\u00f3d Palesty\u0144czyk\u00f3w. Shin Bet og\u0142osi\u0142o, \u017ce telewizja \u201edzia\u0142a na rzecz d\u017cihadu\u201d i dlatego musia\u0142a zosta\u0107 zamkni\u0119ta. Aresztowano tak\u017ce szefa telewizji, Farooq\u2019a Aliat\u2019a. Zosta\u0142 on oskar\u017cony o bycie bojownikiem d\u017cihadu. Opr\u00f3cz niego aresztowano tak\u017ce kilku pracownik\u00f3w telewizji a tak\u017ce skonfiskowano ca\u0142y sprz\u0119t.<\/p><p>Stacja telewizyjna przetrwa\u0142a jednak, bowiem ma ona jeszcze par\u0119 biur w Libanie sk\u0105d mo\u017ce transmitowa\u0107 sw\u00f3j przekaz.<\/p><p>AFP\/KRESY.PL","protected":false},"excerpt":{"rendered":"Izraelscy \u017co\u0142nierze wtargn\u0119li do biura jednej z palesty\u0144skich stacji telewizyjnych na Zachodnim Brzegu.Agencja bezpiecze\u0144stwa Shin Bet poinformowa\u0142a, \u017ce w nocy wtargni\u0119to do siedziby jednej ze stacji telewizyjnych w Ramallah. Wed\u0142ug Izraela stacja ta jest odpowiedzialna za radykalizowanie nastroj\u00f3w w\u015br\u00f3d Palesty\u0144czyk\u00f3w. Shin Bet og\u0142osi\u0142o, \u017ce telewizja \u201edzia\u0142a na rzecz d\u017cihadu\u201d i dlatego musia\u0142a zosta\u0107 zamkni\u0119ta. Aresztowano [&hellip;]","protected":false},"author":1,"featured_media":0,"comment_status":"closed","ping_status":"closed","sticky":false,"template":"","format":"standard","meta":{"_acf_changed":false,"_monsterinsights_skip_tracking":false,"ngg_post_thumbnail":0,"footnotes":"","_wp_rev_ctl_limit":""},"categories":[6],"tags":[16,61,159,269],"acf":[],"_links":{"self":[{"href":"https:\/\/www.bibula.com\/index.php?rest_route=\/wp\/v2\/posts\/86486"}],"collection":[{"href":"https:\/\/www.bibula.com\/index.php?rest_route=\/wp\/v2\/posts"}],"about":[{"href":"https:\/\/www.bibula.com\/index.php?rest_route=\/wp\/v2\/types\/post"}],"author":[{"embeddable":true,"href":"https:\/\/www.bibula.com\/index.php?rest_route=\/wp\/v2\/users\/1"}],"replies":[{"embeddable":true,"href":"https:\/\/www.bibula.com\/index.php?rest_route=%2Fwp%2Fv2%2Fcomments&post=86486"}],"version-history":[{"count":0,"href":"https:\/\/www.bibula.com\/index.php?rest_route=\/wp\/v2\/posts\/86486\/revisions"}],"wp:attachment":[{"href":"https:\/\/www.bibula.com\/index.php?rest_route=%2Fwp%2Fv2%2Fmedia&parent=86486"}],"wp:term":[{"taxonomy":"category","embeddable":true,"href":"https:\/\/www.bibula.com\/index.php?rest_route=%2Fwp%2Fv2%2Fcategories&post=86486"},{"taxonomy":"post_tag","embeddable":true,"href":"https:\/\/www.bibula.com\/index.php?rest_route=%2Fwp%2Fv2%2Ftags&post=86486"}],"curies":[{"name":"wp","href":"https:\/\/api.w.org\/{rel}","templated":true}]}}