{"id":86283,"date":"2016-03-05T11:26:11","date_gmt":"2016-03-05T16:26:11","guid":{"rendered":"http:\/\/www.bibula.com\/?p=86283"},"modified":"2016-04-11T10:38:52","modified_gmt":"2016-04-11T14:38:52","slug":"prezydent-duda-mial-ogromne-szczescie-konieczne-jest-szczegolowe-wyjasnienie-wypadku","status":"publish","type":"post","link":"https:\/\/www.bibula.com\/?p=86283","title":{"rendered":"Prezydent Duda mia\u0142 ogromne szcz\u0119\u015bcie. Konieczne jest szczeg\u00f3\u0142owe wyja\u015bnienie wypadku"},"content":{"rendered":"<h4>Bieg\u0142y rzeczoznawca dla Niezalezna.pl: dziwne, \u017ce taka opona si\u0119 rozlecia\u0142a<\/h4><p><strong>&#8211; To dziwne, \u017ce tego typu opona ca\u0142kowicie si\u0119 rozlecia\u0142a. Oczywi\u015bcie nie nale\u017cy wyci\u0105ga\u0107 zbyt pochopnych wniosk\u00f3w, ale najbardziej prawdopodobn\u0105 przyczyn\u0105 zdarzenia s\u0105, moim zdaniem, ra\u017c\u0105ce niedopatrzenie ludzi odpowiedzialnych za utrzymanie lub serwisowanie prezydenckiego auta albo powa\u017cna wada fabryczna &#8211; m\u00f3wi portalowi Niezalezna.pl Piotr Trzaska, bieg\u0142y rzeczoznawca s\u0105dowy specjalizuj\u0105cy si\u0119 w tego typu sprawach.<\/strong><br \/> <br \/> Prezydent Duda jecha\u0142 na konkurs Pucharu \u015awiata w skokach narciarskich, kt\u00f3ry odbywa si\u0119 w Wi\u015ble. Kolumna by\u0142a na autostradzie A4 (w pobli\u017cu Lewina Brzeskiego) jecha\u0142a z do\u015b\u0107 znaczn\u0105 pr\u0119dko\u015bci\u0105, gdy omal nie dosz\u0142o do tragedii. <strong>W aucie, w kt\u00f3rym jecha\u0142 prezydent, p\u0119k\u0142a i ca\u0142kowicie rozlecia\u0142a si\u0119 opona. Samoch\u00f3d wpad\u0142 w po\u015blizg i zjecha\u0142 do rowu.<\/strong><br \/> <br \/> Wed\u0142ug nieoficjalnych informacji pancerne<strong> BMW 750I wioz\u0105ce prezydenta mia\u0142o opoty typu run-flat uznanej firmy, w dodatku o\u00a0wzmocnionych \u015bcianach bocznych i z systemem PAX.<\/strong>\u00a0System \u00f3w &#8211; jak pisa\u0142 portal interia.pl &#8211; powoduje, \u017ce\u00a0&#8222;<em>przy braku powietrza ci\u0119\u017car auta opiera si\u0119 na elastycznym pier\u015bcieniu zamontowanym na obr\u0119czy, kt\u00f3ry zapobiega jednocze\u015bnie zsuni\u0119ciu si\u0119 opony. Teoretycznie mo\u017cna przejecha\u0107 w ten spos\u00f3b do 50 km z pr\u0119dko\u015bci\u0105 nie przekraczaj\u0105c\u0105 80 km\/h&#8221;.<\/em>\u00a0Wielu komentator\u00f3w dziwi si\u0119 wi\u0119c, \u017ce samoch\u00f3d nie kontynuowa\u0142 jazdy mimo usterki, a opona uleg\u0142a ca\u0142kowitemu zniszczeniu.<br \/> <br \/> Poprosili\u015bmy o komentarz Piotra Trzask\u0119, bieg\u0142ego rzeczoznawc\u0119 s\u0105dowego.<\/p><p style=\"padding-left: 30px;\"><em><strong>To faktycznie bardzo dziwna sytuacja, bior\u0105c pod uwag\u0119 typ opony, jaka uleg\u0142a wed\u0142ug przekaz\u00f3w medialnych zniszczeniu. <\/strong>Samoch\u00f3d powinien nawet przy braku powietrza w oponie przejecha\u0107 jeszcze przynajmniej kilka kilometr\u00f3w. Ale nie znamy oczywi\u015bcie wszystkich fakt\u00f3w: wieku opony i auta, okoliczno\u015bci serwisowania samochodu, jego obci\u0105\u017cenia. <strong>Najbardziej prawdopodobn\u0105 przyczyn\u0105 zdarzenia jest, moim zdaniem, ra\u017c\u0105ce niedopatrzenie ludzi odpowiedzialnych za utrzymanie lub serwisowanie prezydenckiego auta.<\/strong> Mog\u0142o np. chodzi\u0107 o niedobrane felgi. Podkre\u015blam jednak: nie znamy szczeg\u00f3\u0142\u00f3w. Z drugiej strony mo\u017ce chodzi\u0107 o powa\u017cn\u0105 wad\u0119 fabryczn\u0105, ale to naprawd\u0119 bardzo rzadkie przypadki. <strong>Jedno jest pewne: takie zdarzenie w przypadku samochodu g\u0142owy pa\u0144stwa nie powinno mie\u0107 miejsca<\/strong><\/em><\/p><p>&#8211; m\u00f3wi Piotr Trzaska portalowi niezalezna.pl.<br \/> <br \/> Warto zwr\u00f3ci\u0107 uwag\u0119 na stanowisko redakcji motoryzacyjnej Interia.pl:<\/p><p style=\"padding-left: 30px;\"><em>Prezydent powiedzia\u0142, \u017ce &#8222;teoretycznie taka sytuacja nie powinna si\u0119 zdarzy\u0107&#8221;.\u00a0Naszym zdaniem tak\u017ce praktycznie w\u00a0 opancerzonym samochodzie, a\u00a0takim jest prezydenckie BMW serii 7, to nie powinno si\u0119 zdarzy\u0107.\u00a0<strong>Tego typu limuzyny wyposa\u017cone s\u0105 w\u00a0specjalne opony typu run-flat o\u00a0wzmocnionych \u015bcianach bocznych. Po p\u0119kni\u0119ciu takiej opony, zw\u0142aszcza na tylnym kole, \u00a0nadal mo\u017cna bezpiecznie jecha\u0107 dalej, i\u00a0wcale nie trzeba jakich\u015b superumiej\u0119tno\u015bci kierowcy, aby auto opanowa\u0107.\u00a0<\/strong> Dlaczego w\u00a0tym przypadku by\u0142o inaczej?<strong>\u00a0Dlaczego auto wpad\u0142o w\u00a0po\u015blizg i\u00a0wjecha\u0142o do rowu? <\/strong>\u00a0To zapewne wyja\u015bni \u015bledztwo, jakie zapowiedzia\u0142 ju\u017c szef MSW\u00a0Mariusz B\u0142aszczak.<\/em><\/p><p class=\"zrodlo\">Za: <a href=\"http:\/\/niezalezna.pl\/77225-biegly-rzeczoznawca-dla-niezaleznapl-dziwne-ze-taka-opona-sie-rozleciala\">niezalezna.pl (04.03.2016)<\/a><\/p><h4>\u00a0<\/h4><hr style=\"background-color: #000000; border-width: 0; color: #000000; height: 2px; line-height: 0; text-align: center; width: 100%;\" \/><h4>\u00a0<\/h4><p>[youtube S-s3IbOYIBg]<\/p><p><em>Jak wida\u0107 z powy\u017cszej informacji, prawa do prywatnie nakr\u0119conego filmiku, rejestruj\u0105cego wypadek z przeje\u017cd\u017caj\u0105cgo z przeciwnego kierunku samochodu, zosta\u0142y wykupione przez stacj\u0119 TVN, kt\u00f3ra zablokowa\u0142a dystrybucj\u0119 filmu.<\/em><\/p><blockquote><p><strong>KOMENTARZ <em>BIBU\u0141Y<\/em><\/strong>: Sprawa na pewno musi by\u0107 wyja\u015bniona, czy dosz\u0142o do np. zaniedbania (nieumy\u015blnego b\u0105d\u017a &#8211; nigdy nie wiadomo &#8211; intencjonalnego) w serwisowaniu samochodu i opon, czy te\u017c do dzia\u0142ania maj\u0105cego na celu spowodowanie wypadku.<br \/> Nie wiadomo do tej pory czy samoch\u00f3d prezydencki wyposa\u017cony by\u0142 w opony typu Run Flat, czy te\u017c w &#8222;normalne&#8221; opony &#8211; wielosezonowe czy zimowe. Wiadomo\u015b\u0107 powy\u017cej m\u00f3wi o oponach RFT, ale z kolei jeden z by\u0142ych funkcjonariuszy BOR m\u00f3wi:<\/p><p style=\"padding-left: 30px;\">&#8211; Po prostu technika zawiod\u0142a. Te opony nie s\u0105 jakie\u015b specjalnie, cudowne. R\u00f3\u017cnica mi\u0119dzy samochodem normalnym a pancernym polega na feldze &#8211; m\u00f3wi naTemat Leszek Baran, szef Fundacji By\u0142ych Funkcjonariuszy BOR, by\u0142y zast\u0119pca szefa tej instytucji. To komentarz do dzisiejszego incydentu z udzia\u0142em prezydenta Andrzeja Dudy.<br \/> Sprawa wygl\u0105da nast\u0119puj\u0105co. Opony w tych samochodach <strong>to s\u0105 normalne opony<\/strong>. To nie s\u0105 opony pancerne. Oczywi\u015bcie najwy\u017cszej jako\u015bci i klasy, produkowane specjalnie do takich samochod\u00f3w, ale wci\u0105\u017c\u2026. R\u00f3\u017cnica mi\u0119dzy samochodem normalnym a pancernym polega na feldze. Ona jest inaczej skonstruowana. Nie b\u0119d\u0119 wchodzi\u0142 w szczeg\u00f3\u0142y konstrukcji, ale jest po prostu mocniejsza. Chodzi o to, \u017ce jak zdarza si\u0119\u00a0sytuacja taka jak dzi\u015b, to ta felga plus umiej\u0119tno\u015bci kierowcy powoduje, \u017ce na autostradzie przy znacznej pr\u0119dko\u015bci mo\u017cna samoch\u00f3d bezpiecznie wyprowadzi\u0107. Samoch\u00f3d prezydenta nie dachowa\u0142, nie wyprawia\u0142 dziwnych rzeczy. Kierowca mia\u0142 to pod kontrol\u0105.<span class=\"Apple-converted-space\"> (<a href=\"http:\/\/natemat.pl\/173401,jak-to-mozliwe-ze-opona-strzelila-w-pancernej-limuzynie-dudy-byly-oficer-bor-te-opony-nie-sa-cudowne\">\u017ar\u00f3d\u0142o wypowiedzi<\/a>)<br \/> <\/span><\/p><p>Je\u015bli w prezydenckim samochodzie zastosowano &#8222;normalne&#8221; opony zamiast zalecanych przez producenta, to nale\u017cy zastanowi\u0107 si\u0119 nad procedurami ochrony Prezydenta, a tak\u017ce nad obs\u0142ug\u0105 samochodu (czy zmiana marki\/modelu opony to efekt np. ci\u0119cia wydatk\u00f3w?). Je\u015bli jednak przyj\u0105\u0107, \u017ce zamiast standardowych (&#8222;normalnych&#8221;) opon, zastosowane by\u0142y opony RFT (lub inne RFT z sytemem PAX &#8211; firmy Michelin), to jak wiadomo, opony typu Run Flat rzadko p\u0119kaj\u0105 je\u015bli s\u0105 w\u0142a\u015bciwie dobrane, za\u0142o\u017cone, serwisowane i u\u017cywane. A je\u015bli ju\u017c p\u0119kn\u0105, to samoch\u00f3d zachowuje si\u0119 na tyle stabilnie, \u017ce nawet przeci\u0119tny kierowca jest w stanie opanowa\u0107 sterowalno\u015b\u0107 pojazdu, szczeg\u00f3lnie gdy mamy do czynienia z oponami Michelin z systemem PAX, czyli z zastosowaniem wewn\u0119trzego pier\u015bcienia wspieraj\u0105cego. Problem mo\u017ce si\u0119 jednak wzmocni\u0107 gdy opona nie jest odpowiednio serwisowana, gdy\u017c utrata powietrza w takiej oponie nie jest zauwa\u017calna (opona nie 'siada&#8217; przy braku powietrza) i wizualnie trudno jest rozpozna\u0107 zbyt niskie ci\u015bnienie w oponie. Je\u015bli zatem ci\u015bnienie nie by\u0142o manualnie sprawdzane, czujniki TPSM (a na pewno i inne, bardziej zaawansowane) nie wykry\u0142y utraty ci\u015bnieniu, albo kierowca nie zauwa\u017cy\u0142 czy zignorowa\u0142 wska\u017aniki, to mo\u017ce doj\u015b\u0107 do nag\u0142ego rozerwania si\u0119 opony. Jednak w tego typu samochodzie (a jest to specjalnie wzmocnione BMW 760i &#8211; specyfikacje opancerzonego samochodu <span style=\"text-decoration: underline;\"><a href=\"https:\/\/www.armoured-cars.co.uk\/bmw-760li-high-security\/\">tutaj<\/a><\/span>, ze specjalnymi oponami wzmocnionymi w systemie PAX firmy Michelin, lub innymi, np. Pirelli P Zero RF), opony na pewno s\u0105 w\u0142a\u015bciwie dobrane &#8211; odpowiednio do obci\u0105\u017cenia i pr\u0119dko\u015bci. KTO\u015a zatem musi za ten incydent odpowiedzie\u0107, bo odpowiednie serwisowanie takich pojazd\u00f3w musi by\u0107 skrupulatne, a ochrona przed niepowo\u0142anym dost\u0119pem &#8211; bardzo mocna.<\/p><p>Nie chce si\u0119 wierzy\u0107, \u017ceby tak sobie i w ten spos\u00f3b &#8222;technika zawiod\u0142a&#8221; w specjalnym samochodzie prezydenckim. Owszem, nawet w samochodach prezydenckich co\u015b szwankuje i w organizacji podr\u00f3\u017cy co\u015b zawodzi, jak np. utkni\u0119cie limuzyny prezydenta Obamy na rampie wyjazdu z ambasady w Irlandii w maju 2011 roku, co \u015bwiadczy o z\u0142ym planowaniu organizator\u00f3w. Zdarzenie z prezydentem Obam\u0105 by\u0142o jednak niepor\u00f3wnywalne &#8211; by\u0142o bardziej kompromituj\u0105ce ni\u017c niebezpieczne. Co innego z realnym wypadkiem prezydenta Dudy &#8211; tutaj mamy do czynienia nie tylko z kompromitacj\u0105, ale zaistnia\u0142o wielkie zagro\u017cenie. Nie przypominamy sobie podobnego zdarzenia gdziekolwiek na \u015bwiecie z udzia\u0142em g\u0142owy pa\u0144stwa. Gdyby nie umiej\u0119tno\u015bci kierowcy, to przy takiej szybko\u015bci nie wiadomo jak sko\u0144czy\u0142by si\u0119 taki wypadek. Czy\u017cby\u015bmy mieli do czynienia z kolejnym &#8222;pechem&#8221;, dziwnym &#8222;przypadkiem&#8221; Prezydenta RP??<\/p><p>Dzi\u0119ki Bogu, \u017ce \u017cycie Prezydenta zosta\u0142o uratowane.<\/p><\/blockquote><h4>\u00a0<\/h4><hr style=\"background-color: #000000; border-width: 0; color: #000000; height: 2px; line-height: 0; text-align: center; width: 100%;\" \/><h4>\u00a0<\/h4><h2>Witold Jurasz a propos wypadku Prezydenta RP Andrzej Dudy<\/h2><p>Witold Jurasz, dyrektor O\u015brodka Analiz Strategicznych, zamie\u015bci\u0142 komentarz dotycz\u0105cy wypadku prezydenckiego samochodu podczas jazdy na autostradzie.\u00a0<\/p><p>Ci z Pa\u0144stwa, kt\u00f3rzy mnie znaj\u0105 osobi\u015bcie wiedz\u0105, \u017ce mam &#8211; opr\u00f3cz polityki &#8211; jeszcze kilka innych pasji &#8211; na czele z motoryzacyjn\u0105. Wszyscy czo\u0142owi producenci aut opancerzonych (Mercedes w serii Guard, Audi w autach serii Security, BMW w High Security, Jaguar w seriach Sentinel oraz Transeco we wszystkich swoich autach) oferuj\u0105 opony z wk\u0142adk\u0105 z kompozyt\u00f3w (vide zdj\u0119cie), kt\u00f3re pozwalaj\u0105 na kontynuowanie jazdy nawet po ich przestrzeleniu czy te\u017c po przejechaniu przez kolczatk\u0119 bez utraty kontroli nad samochodem i zmiany kierunku jazdy. Co wi\u0119cej po takim zdarzeniu mo\u017cna &#8211; z mniejsz\u0105 co prawda ju\u017c pr\u0119dko\u015bci\u0105 i na dystans ograniczony do ca. 70 &#8211; 100 km kontynuowa\u0107 jazd\u0119 zupe\u0142nie bez powietrza w ko\u0142ach. Opona taka (vide zdj\u0119cie) ma wewn\u0105trz tak jakby felg\u0119 na\u0142o\u017con\u0105 na felg\u0119 &#8211; samego powietrza jest w zwi\u0105zku z tym mniej ni\u017c w normalnej oponie. Cech\u0105 takich opon jest du\u017co szybsze ich zu\u017cywanie &#8211; oznacza to konieczno\u015b\u0107 ich regularnej wymiany nawet co 10.000 km. Koszt opony przekracza koszt zwyk\u0142ej kilkunastrokrotnie.<\/p><p>Masa opancerzonego wozu, kt\u00f3ra &#8211; o ile mamy do czynienia z opancerzeniem na poziomie VR7 &#8211; dochodzi do 4 ton, co oznacza konieczno\u015b\u0107 regularnego przetaczania samochodu, gdy\u017c opona mo\u017ce ulec odkszta\u0142ceniu z powodu masy samochodu.\u00a0<\/p><p>Auto, kt\u00f3rym jecha\u0142 prezydent Andrzej Duda z ca\u0142a pewno\u015bci\u0105 by\u0142o opancerzone (vide zdj\u0119cie), co wida\u0107 po ciemnym obramowaniu szyb, kt\u00f3re jest standardem w &#8222;pancerkach&#8221;, gdy\u017c szyba ma g\u0142\u0119boko\u015b\u0107 od 1,5 do nawet ponad 4 cm i wiele sklejonych warstw powoduje powstawanie refleks\u00f3w \u015bwietlnych, kt\u00f3re s\u0105 eliminowane przez nak\u0142adanie ciemnego obramowania w\u0142a\u015bnie.<\/p><p>Prezydent jecha\u0142 autem marki BMW, serii 7 poprzedniej generacji. BMW nie produkowa\u0142o tych aut w wersji opancerzenia VR4 (anti-kidnapping), ale wy\u0142\u0105cznie w wersji VR7 (miejscami opancerzenie dochodzi\u0142o do VR9). W autach tych wspomniane opony montowano jako standard.<\/p><p>Z zasady nie lubi\u0119 teorii spiskowych, ale zarazem znam si\u0119 jednak na samochodach. Chcia\u0142bym wiedzie\u0107 jak to mo\u017cliwe, \u017ce Prezydent RP znalaz\u0142 si\u0119 w sytuacji, kt\u00f3ra &#8211; gdyby mia\u0142a miejsce np w tunelu &#8211; mog\u0142aby zagra\u017ca\u0107 jego \u017cyciu. Z nagrania (vide link) wida\u0107, \u017ce auto nie zachowa\u0142o si\u0119 tak, jak powinno si\u0119 zachowa\u0107 auto opancerzone, wyposa\u017cone w opisane wy\u017cej opony. Bardzo nie chcia\u0142bym si\u0119 dowiedzie\u0107, \u017ce na bezpiecze\u0144stwie Prezydenta oszcz\u0119dzano i nie wymieniano na czas opon, zamieniono je na zwyk\u0142e (istnieje taka mo\u017cliwo\u015b\u0107) czy te\u017c auto nie by\u0142o &#8211; zgodnie z zasadami &#8211; przetaczane.&#8221;<\/p><p>mko\/<span style=\"text-decoration: underline;\"><a href=\"https:\/\/www.facebook.com\/photo.php?fbid=486430721543976&amp;set=pcb.486430738210641&amp;type=3\">Facbook<\/a><\/span><\/p><p class=\"zrodlo\">\u0179r\u00f3d\u0142o: <a href=\"https:\/\/www.fronda.pl\/a\/witold-jurasz-a-propos-wypadku-prezydenta-rp-andrzej-dudy,67180.html\">Fronda<\/a><\/p><h4>\u00a0<\/h4><hr style=\"background-color: #000000; border-width: 0; color: #000000; height: 2px; line-height: 0; text-align: center; width: 100%;\" \/><h4>\u00a0<\/h4><h2>KOD o wypadku prezydenta Dudy: \u0179ycz\u0119 mu \u015bmierci w m\u0119czarniach<\/h2><figure class=\"pull-left slider-image clearfix\"><img fetchpriority=\"high\" decoding=\"async\" class=\"bordered scale-with-grid\" src=\"https:\/\/www.fronda.pl\/site_media\/media\/uploads\/article\/.thumbnails\/kod_komentarze-684x310.jpg\" alt=\"KOD o wypadku prezydenta Dudy: \u0179ycz\u0119 mu \u015bmierci w m\u0119czarniach\" width=\"600\" height=\"272\" \/><\/figure><p>Na facebookowej stronie Komitetu Obrony Demokracji pojawi\u0142y si\u0119 komentarze dotycz\u0105ce wypadku samochodowego prezydenta Andrzeja Dudy. By\u0142y jednak tak agresywne, \u017ce skasowano je z profilu KOD. Jednak zosta\u0142y screeny udost\u0119pnione na facebookowym profilu &#8222;Co to ja powiedzia\u0142em?&#8221;.\u00a0<\/p><p><img decoding=\"async\" class=\"\" src=\"https:\/\/pbs.twimg.com\/media\/CcxV6XyW0AEoFJV.jpg\" alt=\"\" width=\"600\" height=\"790\" \/><\/p><p><img decoding=\"async\" class=\"\" src=\"http:\/\/m.niezalezna.pl\/uploads\/zdjecie2016\/145716499311991277235.jpg\" alt=\"\" width=\"601\" height=\"817\" \/><\/p><p>Fot. screen z facebook.com\/groups\/KomitetObronyDemokracji\/<\/p><p class=\"zrodlo\">Za: <a href=\"https:\/\/www.fronda.pl\/a\/kod-o-wypadku-prezydenta-dudy-zycze-mu-smierci-w-meczarniach,67187.html\">Fronda.pl<\/a><\/p><h4>\u00a0<\/h4><hr style=\"background-color: #000000; border-width: 0; color: #000000; height: 2px; line-height: 0; text-align: center; width: 100%;\" \/><h4>\u00a0<\/h4><h2>Lis: \u201e\u2026gdyby samoch\u00f3d uderzy\u0142 w brzoz\u0119\u201d. Dziennikarze-celebryci drwi\u0105 z wypadku Dudy<\/h2><p><strong>Nie trzeba by\u0142o d\u0142ugo czeka\u0107 na to, by salonowi dziennikarze zacz\u0119li drwi\u0107 z niebezpiecznego wypadku samochodowego prezydenta Andrzeja Dudy. Na Twitterze roz\u0107wierkali si\u0119 z \u201ehumorem\u201d Tomasz Lis, Beata Tadla i Jaros\u0142aw Ku\u017aniar. <br \/> <\/strong><\/p><p>Tomasz Lis, kt\u00f3ry najwyra\u017aniej nadal nie mo\u017ce od\u017ca\u0142owa\u0107, \u017ce TVP nie przed\u0142u\u017cy\u0142o z nim kontraktu na kolejne odcinki programu, postanowi\u0142 bez \u017cadnego zahamowania zakpi\u0107 z niebezpiecznego wypadku prezydenckiej limuzyny. \u201eA\u017c strach pomy\u015ble\u0107 co by by\u0142o, gdyby samoch\u00f3d uderzy\u0142 w brzoz\u0119\u201d &#8211; napisa\u0142 na Twitterze.<\/p><p>Wt\u00f3rowali mu inni dziennikarze, kt\u00f3rzy nie ukrywaj\u0105 swojej antypatii do obecnej w\u0142adzy. Znany z niewybrednych \u017cart\u00f3w Jaros\u0142aw Ku\u017aniar oznaczy\u0142 sw\u00f3j wpis na Twitterze hashtagiem OponaDudy i skomentowa\u0142: \u201eno to mamy kolejny w\u0105tek dla komisji smole\u0144skiej\u201d.<\/p><p>Swoje trzy grosze dorzuci\u0142a te\u017c by\u0142a prezenterka TVP, Beata Tadla. \u201eDobrze, \u017ce nic si\u0119 nie sta\u0142o\u2026 ale \u015bledztwa si\u0119 boj\u0119. Moja obecno\u015b\u0107 na A4 w tej chwili jest przypadkowa\u201d &#8211; napisa\u0142a.<\/p><p>W pi\u0105tek popo\u0142udniu prezydencka limuzyna wpad\u0142a w po\u015blizg. Do zdarzenia dosz\u0142o w wyj\u0105tkowo niebezpiecznych warunkach, gdy kolumna samochod\u00f3w eskortuj\u0105cych prezydenta Andrzeja Dud\u0119 p\u0119dzi\u0142a autostrad\u0105 A4. Nie wiadomo jeszcze co by\u0142o g\u0142\u00f3wn\u0105 przyczyn\u0105 tego, \u017ce samoch\u00f3d wypad\u0142 z jezdni i znalaz\u0142 si\u0119 w pobliskim rowie. Jak dot\u0105d potwierdzono, \u017ce w prezydenckiej limuzynie p\u0119k\u0142a opona, kt\u00f3ra ostatecznie ca\u0142kowicie si\u0119 rozpad\u0142a. W wypadku nikt nie ucierpia\u0142.<\/p><p>\u0179r\u00f3d\u0142o: twitter<\/p><p>ged<\/p><p class=\"zrodlo\">Za: <a href=\"http:\/\/www.pch24.pl\/lis--gdyby-samochod-uderzyl-w-brzoze--dziennikarze-celebryci-drwia-z-wypadku-dudy,41656,i.html\">PoloniaChristiana &#8211; pch24.pl (2016-03-05)<\/a><\/p><h4>\u00a0<\/h4><hr style=\"background-color: #000000; border-width: 0; color: #000000; height: 2px; line-height: 0; text-align: center; width: 100%;\" \/><h4>\u00a0<\/h4><h2>Spokojnie to tylko wypadek&#8230; prezydenckiej limuzyny. S\u0142u\u017cby i prokuratura na cenzurowanym<\/h2><p><strong>\u201ePolicja i prokurator zbagatelizowali wypadek Andrzeja Dudy\u201d &#8211; donosi poniedzia\u0142kowa \u201eRzeczpospolita\u201d. W opinii dziennika decyzj\u0119 o zamkni\u0119ciu autostrady podj\u0119to zbyt p\u00f3\u017ano, aby ogl\u0119dziny mog\u0142y mie\u0107 sens.<\/strong><\/p><p>Poniedzia\u0142kowa \u201eRzeczpospolita\u201d odtwarza sekwencje zdarze\u0144 jakie nast\u0105pi\u0142y tu\u017c po wypadku prezydenckiej limuzyny. Do zdarzenia dosz\u0142o na A4 w pi\u0105tek, 4 marca, po godz. 16. Auto wpad\u0142o w po\u015blizg, a nast\u0119pnie wypad\u0142o z trasy i wpad\u0142o do rowu. W samochodzie strzeli\u0142a tylna opona. Jak wynika ze wst\u0119pnych ustale\u0144 bieg\u0142ych wynika, \u017ce dosz\u0142o do tego w efekcie najechania na le\u017c\u0105cy na jezdni przedmiot.<\/p><p>Obraz wy\u0142aniaj\u0105cy si\u0119 z opisu zdarze\u0144 nie jest zbyt optymistyczny. Aktualne pozostaj\u0105 pytania o szereg b\u0142\u0119d\u00f3w i zaniecha\u0144, kt\u00f3rych zdaniem dziennika nast\u0105pi\u0142y w pierwszych godzinach po wypadku. W\u0105tpliwo\u015bci budzi ju\u017c sam fakt op\u00f3\u017anionego zamkni\u0119cia autostrady, na kt\u00f3rej dosz\u0142o do wypadku. Jak informuje \u201eRzeczpospolita\u201d brzeska policja nie poinformowa\u0142a dy\u017curnego prokuratora o wypadku prezydenta. Kiedy w ko\u0144cu to zrobi\u0142a, ten nie widzia\u0142 sensu jecha\u0107 na miejsce.<\/p><p>Kolejnym pytaniem stawianym przez dziennik jest kwestia wszcz\u0119cia przez prokuratur\u0119 Okr\u0119gow\u0105 w Opolu \u015bledztwa w sprawie nieumy\u015blnego sprowadzenia bezpo\u015bredniego niebezpiecze\u0144stwa katastrofy w ruchu l\u0105dowym dopiero dwa dni po wypadku tj. w niedziel\u0119, 6 marca. Co spowodowa\u0142o takie op\u00f3\u017anienie? Ot\u00f3\u017c jak informuje \u201eRzeczpospolita\u201d dy\u017curny brzeskiej policji, kt\u00f3ry od funkcjonariusza BOR przyj\u0105\u0142 zg\u0142oszenie o wypadku z udzia\u0142em g\u0142owy pa\u0144stwa, nie od razu poinformowa\u0142 prokuratora o tym zdarzeniu. Zamiast tego dy\u017curny wys\u0142a\u0142 na miejsce policjant\u00f3w drog\u00f3wki.<\/p><p>Nie zadecydowano jednak o zamkni\u0119ciu autostrady w kierunku Katowic &#8211; podkre\u015bla dziennik. Przez miejsce zdarzenia zd\u0105\u017cy\u0142y przejecha\u0107 setki aut. Fragmenty rozerwanej opony znale\u017ali nie policjanci, ale pracownicy GDDKiA, kt\u00f3ra jest zarz\u0105dc\u0105 tego odcinka autostrady.<\/p><p>Nie powi\u0105zano r\u00f3wnie\u017c wypadku prezydenckiej limuzyny z maj\u0105c\u0105 miejsce p\u00f3\u0142 godziny przed zdarzeniem na tym samym odcinku mia\u0142a miejsce kolizja dw\u00f3ch samochod\u00f3w. &#8211; <em>Ta kolizja mog\u0142a mie\u0107 zwi\u0105zek z wypadkiem g\u0142owy pa\u0144stwa, wi\u0119c policja powinna i tam zrobi\u0107 ogl\u0119dziny. Ale nie powi\u0105zano tych kwestii. To b\u0142\u0105d, chocia\u017c powinien o tym przecie\u017c decydowa\u0107 prokurator, kt\u00f3rego nie by\u0142o<\/em> &#8211; powiedzia\u0142 \u201eRzeczpospolitej\u201d jeden z wysoko postawionych policjant\u00f3w.<\/p><p>\u00c5\u00b9rod\u0142o: &#8222;Rzeczpospolita&#8221;<\/p><p>luk<\/p><p class=\"zrodlo\">Za: <a href=\"http:\/\/www.pch24.pl\/spokojnie-to-tylko-wypadek----prezydenckiej-limuzyny--sluzby-i-prokuratura-na-cenzurowanym,42508,i.html\">PoloniaChristiana &#8211; pch24.pl (2016-04-11) <\/a><\/p><h4>\u00a0<\/h4><hr style=\"background-color: #000000; border-width: 0; color: #000000; height: 2px; line-height: 0; text-align: center; width: 100%;\" \/><h4>\u00a0<\/h4>","protected":false},"excerpt":{"rendered":"Bieg\u0142y rzeczoznawca dla Niezalezna.pl: dziwne, \u017ce taka opona si\u0119 rozlecia\u0142a&#8211; To dziwne, \u017ce tego typu opona ca\u0142kowicie si\u0119 rozlecia\u0142a. Oczywi\u015bcie nie nale\u017cy wyci\u0105ga\u0107 zbyt pochopnych wniosk\u00f3w, ale najbardziej prawdopodobn\u0105 przyczyn\u0105 zdarzenia s\u0105, moim zdaniem, ra\u017c\u0105ce niedopatrzenie ludzi odpowiedzialnych za utrzymanie lub serwisowanie prezydenckiego auta albo powa\u017cna wada fabryczna &#8211; m\u00f3wi portalowi Niezalezna.pl Piotr Trzaska, bieg\u0142y [&hellip;]","protected":false},"author":1,"featured_media":0,"comment_status":"closed","ping_status":"closed","sticky":false,"template":"","format":"standard","meta":{"_acf_changed":false,"_monsterinsights_skip_tracking":false,"_monsterinsights_sitenote_active":false,"_monsterinsights_sitenote_note":"","_monsterinsights_sitenote_category":0,"ngg_post_thumbnail":0,"footnotes":"","_wp_rev_ctl_limit":""},"categories":[8],"tags":[349,98,104],"acf":[],"_links":{"self":[{"href":"https:\/\/www.bibula.com\/index.php?rest_route=\/wp\/v2\/posts\/86283"}],"collection":[{"href":"https:\/\/www.bibula.com\/index.php?rest_route=\/wp\/v2\/posts"}],"about":[{"href":"https:\/\/www.bibula.com\/index.php?rest_route=\/wp\/v2\/types\/post"}],"author":[{"embeddable":true,"href":"https:\/\/www.bibula.com\/index.php?rest_route=\/wp\/v2\/users\/1"}],"replies":[{"embeddable":true,"href":"https:\/\/www.bibula.com\/index.php?rest_route=%2Fwp%2Fv2%2Fcomments&post=86283"}],"version-history":[{"count":0,"href":"https:\/\/www.bibula.com\/index.php?rest_route=\/wp\/v2\/posts\/86283\/revisions"}],"wp:attachment":[{"href":"https:\/\/www.bibula.com\/index.php?rest_route=%2Fwp%2Fv2%2Fmedia&parent=86283"}],"wp:term":[{"taxonomy":"category","embeddable":true,"href":"https:\/\/www.bibula.com\/index.php?rest_route=%2Fwp%2Fv2%2Fcategories&post=86283"},{"taxonomy":"post_tag","embeddable":true,"href":"https:\/\/www.bibula.com\/index.php?rest_route=%2Fwp%2Fv2%2Ftags&post=86283"}],"curies":[{"name":"wp","href":"https:\/\/api.w.org\/{rel}","templated":true}]}}