{"id":86259,"date":"2016-03-04T10:12:58","date_gmt":"2016-03-04T15:12:58","guid":{"rendered":"http:\/\/www.bibula.com\/?p=86259"},"modified":"2016-03-04T10:12:58","modified_gmt":"2016-03-04T15:12:58","slug":"historia-znow-przegrala-z-propaganda-francuski-magazyn-powiela-antypolskie-oszczerstwa","status":"publish","type":"post","link":"https:\/\/www.bibula.com\/?p=86259","title":{"rendered":"Historia zn\u00f3w przegra\u0142a z propagand\u0105. Francuski magazyn powiela antypolskie oszczerstwa"},"content":{"rendered":"<p><strong>Marcowy numer wydawanego nad Sekwan\u0105 popularnonaukowego magazynu \u201eL\u2019Histoire\u201d w po\u0142owie po\u015bwi\u0119cony jest losom polskich \u017byd\u00f3w. Blok tekst\u00f3w sk\u0142adaj\u0105cych si\u0119 na ok\u0142adkowy temat opiera si\u0119 w du\u017cej mierze na pami\u0119tnikach sfa\u0142szowanych po wojnie w taki spos\u00f3b, by w jak najgorszym \u015bwietle ukazywa\u0142y Polak\u00f3w.<\/strong><\/p><p>Jak powiedzia\u0142 w korespondencji dla Radia Wnet Piotr Witt, marcowy temat numeru miesi\u0119cznika (\u201eOd z\u0142otego wieku do pogrom\u00f3w\u201d) na 42 stronach zawiera katalog oskar\u017ce\u0144 dobrze znanych z wcze\u015bniejszych antypolskich publikacji, opartych na zeznaniach fa\u0142szywych \u015bwiadk\u00f3w. Ukazywa\u0142y si\u0119 one w wielotysi\u0119cznych nak\u0142adach. Wielokrotnie te\u017c wykazywano, \u017ce s\u0105 k\u0142amliwe. I tak &#8211; Martin Grey, autor ksi\u0105\u017ckowych bestseller\u00f3w oraz rzekomy uciekinier z obozu w Treblince w rzeczywisto\u015bci nigdy tam nie by\u0142. Jerzy Kosi\u0144ski, jak ironicznie podkre\u015bli\u0142 Witt, \u201einna gwiazda literatury faktu\u201d, to nie ofiara polskich ch\u0142op\u00f3w, jak przedstawia\u0142 sam siebie. Wr\u0119cz przeciwnie, zosta\u0142 przez nich uratowany, zreszt\u0105 wraz ze swoj\u0105 rodzin\u0105. Z kolei Mary Berg, rzekom\u0105 autork\u0119 \u201eDziennika z getta warszawskiego\u201d wyr\u0119czy\u0142 w pisaniu ksi\u0105\u017cki \u017cydowski dziennikarz Shneiderman. Przypadek Belgijki Mischi Defonseca jest jeszcze ciekawszy, bowiem kobieta nie do\u015b\u0107 \u017ce nigdy nie by\u0142a w Polsce, to nie jest nawet \u017byd\u00f3wk\u0105. Tymczasem jej \u201eautobiograficzna\u201d ksi\u0105\u017cka o rzekomych traumatycznych prze\u017cyciach nad Wis\u0142\u0105 zosta\u0142a przet\u0142umaczona na osiemna\u015bcie j\u0119zyk\u00f3w. Nakr\u0119cono te\u017c na jej podstawie g\u0142o\u015bny film o wiele m\u00f3wi\u0105cym tytule: \u201ePrze\u017cy\u0107 w\u015br\u00f3d wilk\u00f3w\u201d. Monique de Wael, bo tak brzmi prawdziwe nazwisko Defonseki, prze\u017cy\u0142a wojn\u0119 w stolicy swojego kraju, z dala od \u201epolskich antysemit\u00f3w\u201d.<\/p><p><em>&#8211; Profesorowie uniwersytetu z \u201eL\u2019Histoire\u201d nie s\u0105 ani lepsi od autor\u00f3w tamtych dzie\u0142 literackich, ani prawdom\u00f3wni. Bo to s\u0105 marni \u017bydzi (\u2026). Nie przestrzegaj\u0105 Tory, kt\u00f3ra zabrania k\u0142amstwa. \u017bydostwo jest ich rzemios\u0142em a k\u0142amstwo towarem na sprzeda\u017c &#8211; <\/em>oceni\u0142 korespondent Radia Wnet. Opr\u00f3cz tradycyjnego zestawu antypolskich oszczerstw oburzy\u0142o go zestawienie dw\u00f3ch fotografii dokonane przez redaktor\u00f3w \u201eL\u2019Histoire\u201d. Podpisy pod zdj\u0119ciami g\u0142osi\u0142y, \u017ce obaj przedstawieni na nich \u017bydzi mieli uciec z naszego kraju przed prze\u015bladowaniami. Na ilustracjach za\u015b widnieli: Micha\u0142 Borwicz i\u2026 Zygmunt Bauman. <em>&#8211; Zna\u0142em obydwu. Bauman by\u0142 majorem KBW, jednostki zbrojnej bezpiecze\u0144stwa zaj\u0119tej mordowaniem \u0179o\u0142nierzy Niez\u0142omnych. W 1953 roku, po wymordowaniu 250 tysi\u0119cy Polak\u00f3w schowano zakrwawione no\u017ce do pochwy i Bauman m\u00f3g\u0142 si\u0119 przebra\u0107 w tog\u0119 uczonego <\/em>&#8211; gorzko przypomnia\u0142 dziennikarz.<\/p><p>Zupe\u0142nie odmienn\u0105 postaw\u0119 przyj\u0105\u0142 Borwicz (naprawd\u0119 Maksymilian Boruchowicz). By\u0142 &#8211; jak podkre\u015bla\u0142 Piotr Witt &#8211; polskim patriot\u0105 i uczciwym naukowcem. W rzeczywisto\u015bci wyjecha\u0142 z naszego kraju porzucaj\u0105c posad\u0119 dyrektora \u017bydowskiego Instytutu Historycznego (1947 r.). Jaki by\u0142 faktyczny pow\u00f3d emigracji? Ot\u00f3\u017c Borwicz nie zgadza\u0142 si\u0119 z dokonywanym w tej instytucji tu\u017c po wojnie fa\u0142szowaniem wspomnie\u0144 jego ocala\u0142ych z zag\u0142ady rodak\u00f3w. We Francji opublikowa\u0142 kilka pozycji odnosz\u0105cych si\u0119 do relacji polsko-\u017cydowskich.<\/p><p>RoM<\/p><p>radiownet.pl<\/p>","protected":false},"excerpt":{"rendered":"Marcowy numer wydawanego nad Sekwan\u0105 popularnonaukowego magazynu \u201eL\u2019Histoire\u201d w po\u0142owie po\u015bwi\u0119cony jest losom polskich \u017byd\u00f3w. Blok tekst\u00f3w sk\u0142adaj\u0105cych si\u0119 na ok\u0142adkowy temat opiera si\u0119 w du\u017cej mierze na pami\u0119tnikach sfa\u0142szowanych po wojnie w taki spos\u00f3b, by w jak najgorszym \u015bwietle ukazywa\u0142y Polak\u00f3w.Jak powiedzia\u0142 w korespondencji dla Radia Wnet Piotr Witt, marcowy temat numeru miesi\u0119cznika (\u201eOd [&hellip;]","protected":false},"author":1,"featured_media":0,"comment_status":"closed","ping_status":"closed","sticky":false,"template":"","format":"standard","meta":{"_acf_changed":false,"_monsterinsights_skip_tracking":false,"ngg_post_thumbnail":0,"footnotes":"","_wp_rev_ctl_limit":""},"categories":[6],"tags":[65,191,22,20],"acf":[],"_links":{"self":[{"href":"https:\/\/www.bibula.com\/index.php?rest_route=\/wp\/v2\/posts\/86259"}],"collection":[{"href":"https:\/\/www.bibula.com\/index.php?rest_route=\/wp\/v2\/posts"}],"about":[{"href":"https:\/\/www.bibula.com\/index.php?rest_route=\/wp\/v2\/types\/post"}],"author":[{"embeddable":true,"href":"https:\/\/www.bibula.com\/index.php?rest_route=\/wp\/v2\/users\/1"}],"replies":[{"embeddable":true,"href":"https:\/\/www.bibula.com\/index.php?rest_route=%2Fwp%2Fv2%2Fcomments&post=86259"}],"version-history":[{"count":0,"href":"https:\/\/www.bibula.com\/index.php?rest_route=\/wp\/v2\/posts\/86259\/revisions"}],"wp:attachment":[{"href":"https:\/\/www.bibula.com\/index.php?rest_route=%2Fwp%2Fv2%2Fmedia&parent=86259"}],"wp:term":[{"taxonomy":"category","embeddable":true,"href":"https:\/\/www.bibula.com\/index.php?rest_route=%2Fwp%2Fv2%2Fcategories&post=86259"},{"taxonomy":"post_tag","embeddable":true,"href":"https:\/\/www.bibula.com\/index.php?rest_route=%2Fwp%2Fv2%2Ftags&post=86259"}],"curies":[{"name":"wp","href":"https:\/\/api.w.org\/{rel}","templated":true}]}}