{"id":86227,"date":"2016-03-02T19:19:47","date_gmt":"2016-03-03T00:19:47","guid":{"rendered":"http:\/\/www.bibula.com\/?p=86227"},"modified":"2016-03-02T19:27:47","modified_gmt":"2016-03-03T00:27:47","slug":"dobra-zmiana-w-mediach-przyklad-zolnierzy-wykletych","status":"publish","type":"post","link":"https:\/\/www.bibula.com\/?p=86227","title":{"rendered":"Dobra zmiana w mediach \u2013 przyk\u0142ad \u0179o\u0142nierzy Wykl\u0119tych"},"content":{"rendered":"<p><strong>Dzie\u0144 Pami\u0119ci o \u0179o\u0142nierzach Wykl\u0119tych potwierdzi\u0142, \u017ce warto by\u0142o dokona\u0107 szybkiego przej\u0119cia medi\u00f3w publicznych. To, co dla wielu Polak\u00f3w bardzo wa\u017cne &#8211; godno\u015b\u0107 &#8211; zosta\u0142o w telewizji nareszcie podkre\u015blone z nale\u017cyt\u0105 si\u0142\u0105. O swoich pogl\u0105dach na rzeczywisto\u015b\u0107 mogli te\u017c w ko\u0144cu m\u00f3wi\u0107 wykl\u0119ci do tej pory komentatorzy, kt\u00f3rzy do tej pory mogli przemawia\u0107 wy\u0142\u0105cznie do ju\u017c przekonanych. \u00a0<\/strong><\/p><p>Publiczne media stan\u0119\u0142y wreszcie na wysoko\u015bci zadania. Obchodzony wczoraj po raz sz\u00f3sty Dzie\u0144 Pami\u0119ci o \u0179o\u0142nierzach Wykl\u0119tych po raz pierwszy sta\u0142 si\u0119 dniem uroczystym w pe\u0142nym tego s\u0142owa znaczeniu. Sta\u0142o si\u0119 tak nie tylko dzi\u0119ki postawie w\u0142adz (kt\u00f3rym w sferze symbolicznej wszyscy pami\u0119taj\u0105cy o Niez\u0142omnych ufaj\u0105 znacznie bardziej ni\u017c przedstawicielom poprzedniej ekipy) ale tak\u017ce dzi\u0119ki temu, co reprezentowa\u0142y publiczne media.<\/p><p>Polskie Radio wspomina\u0142o \u017co\u0142nierzy z lasu w wielu audycjach. TVP Historia emitowa\u0142a filmy na ich temat, TVP Info przez ca\u0142y dzie\u0144 udost\u0119pnia\u0142o sw\u0105 anten\u0119 na historyczne dyskusje a tak\u017ce na transmisj\u0119 pa\u0144stwowych uroczysto\u015bci, w TVP 2 przypomniano spektakl Teatru Telewizji o \u201eInce\u201d, a TVP 1 nada\u0142a widowisko muzyczne z udzia\u0142em samych Wykl\u0119tych, jako widz\u00f3w. Dodatkowo premierowy odcinek nowej ods\u0142ony programu Jana Pospieszalskiego w ca\u0142o\u015bci po\u015bwi\u0119cono w\u0142a\u015bnie walce o pami\u0119\u0107 Niez\u0142omnych.<\/p><p>Mo\u017cna utyskiwa\u0107, \u017ce muzyka wykonywana podczas wieczornego koncertu by\u0142a \u201ezbyt m\u0142odzie\u017cowa\u201d albo niedopasowana do okoliczno\u015bci. Nale\u017cy te\u017c s\u0142usznie zauwa\u017cy\u0107, \u017ce logo Wykl\u0119tych promowane przez TVP nie ma wiele wsp\u00f3lnego z tym, kt\u00f3rym wielu z nich si\u0119 pos\u0142ugiwa\u0142o, a wi\u0119c z ryngrafem z Matk\u0105 Bo\u017c\u0105. Ale nie mo\u017cna nie zauwa\u017cy\u0107, \u017ce zmiana w TVP w sferze symbolicznej jest olbrzymia i jest do zdecydowanie zmiana na plus.<\/p><p>Jakby tych zmian by\u0142o ma\u0142o, zapowiedziano r\u00f3wnie\u017c produkcj\u0119 dw\u00f3ch seriali historycznych, opartych na prawdziwych historiach \u017co\u0142nierzy antykomunistycznego podziemia! W telewizji wyst\u0105pi\u0142 chocia\u017cby Leszek \u017bebrowski, kt\u00f3ry przez ostatnie lata wykona\u0142 dla pami\u0119ci o Niez\u0142omnych ogromn\u0105 prac\u0119 &#8211; niezauwa\u017can\u0105 do tej pory przez TVP. U Pospieszalskiego, w primie timie, na g\u0142\u00f3wnej antenie Telewizji Polskiej go\u015bcili kibice \u015al\u0105ska Wroc\u0142aw, dotychczas co najwy\u017cej wyklinani jako &#8222;faszy\u015bci&#8221;. By\u0142 te\u017c przedstawiciel ONR &#8211; czy kto\u015b wyobra\u017ca sobie, \u017ce m\u00f3g\u0142by m\u00f3wi\u0107 o Wykl\u0119tych w telewizji zarz\u0105dzanej przez Juliusza Brauna?<\/p><p>Prezes TVP, Jacek Kurski, nie wydaje si\u0119 cz\u0142owiekiem z konserwatywnej czy katolickiej bajki. Z ca\u0142\u0105 pewno\u015bci\u0105 jest \u017co\u0142nierzem PiS-u usadowionym na stanowisku szefa telewizji w celu \u201ezapewnienia pluralizmu\u201d w \u017ca\u0142o\u015bnie jednostronnych do tej pory mediach. I chocia\u017c \u201eWiadomo\u015bci\u201d wci\u0105\u017c przypominaj\u0105 polityczn\u0105 agitk\u0119 (zmieni\u0142o si\u0119 jedynie to, za kim agitujemy, ale taki jest los medi\u00f3w publicznych), w sferze symbolicznej \u201edobra zmiana\u201d jest olbrzymia, i trudno tego nie zauwa\u017cy\u0107.<\/p><p>Je\u015bli telewizja rz\u0105dzona przez Kurskiego nadal b\u0119dzie zmienia\u0107 si\u0119 w ten spos\u00f3b, osi\u0105gni\u0119ty zostanie cel przy\u015bwiecaj\u0105cy politykom w ka\u017cdej demokracji &#8211; zmiana \u015bwiadomo\u015bci i wra\u017cliwo\u015bci publicznej, w celu osi\u0105gni\u0119cia korzy\u015bci politycznej. Przy okazji Polacy poznaj\u0105 lepiej swoj\u0105 histori\u0119, a w\u0142\u0105czaj\u0105c wieczorami telewizj\u0119, nie b\u0119d\u0105 karmieni anty-polsk\u0105, ale pro-polsk\u0105 propagand\u0105. Jak ju\u017c p\u0142acimy abonament, to w\u0142a\u015bnie za to.<\/p><p><em><strong>Krystian Kratiuk\u00a0<\/strong><\/em><\/p><p class=\"zrodlo\">Za: <a href=\"http:\/\/www.pch24.pl\/dobra-zmiana-w-mediach---przyklad-zolnierzy-wykletych-,41573,i.html\">PoloniaChristiana &#8211; pch24.pl (2016-03-02)<\/a><\/p><h4>\u00a0<\/h4><hr style=\"background-color: #000000; border-width: 0; color: #000000; height: 2px; line-height: 0; text-align: center; width: 100%;\" \/><h4>\u00a0<\/h4><blockquote><p><strong>KOMENTARZ <em>BIBU\u0141Y<\/em><\/strong>: G\u0142\u00f3wna uroczysto\u015b\u0107 z okazji &#8222;Dnia Wykl\u0119tych&#8221; (dlaczego dalej propaguje si\u0119 t\u0105 nierozwa\u017cn\u0105 nazw\u0119?!), z udzia\u0142em Prezydenta RP i pani Premier oraz w\u0142a\u015bnie wielu zas\u0142u\u017conych w walce z sowieckim okupantem os\u00f3b, by\u0142o &#8211; wed\u0142ug naszej oceny &#8211; jedn\u0105 wielk\u0105 pora\u017ck\u0105 medialn\u0105. Nie wiemy kto opracowowa\u0142 ten program (oczywi\u015bcie mo\u017ce ze sto-pi\u0119\u0107dziesi\u0105t nazwisk przelecia\u0142o w czo\u0142\u00f3wce), ale wsp\u00f3\u0142czujemy tym starszym ludziom uczestnicz\u0105cym w programie, kt\u00f3rzy musieli wys\u0142uchiwa\u0107 kakofonii muzycznej. Dzisiaj bowiem nic ju\u017c nie mo\u017cna zrobi\u0107 w normalny spos\u00f3b, nawet oprawa muzyczna musi by\u0107 w rytmie jakiego\u015b rocka, rapu czy krzykliwego pajacowania. Wszystko musi by\u0107 &#8222;nowocze\u015bnie&#8221; i &#8222;przemawia\u0107 do m\u0142odzie\u017cy&#8221; &#8211; czyli dalej og\u0142upia\u0107 j\u0105 i niszczy\u0107 resztki smaku i wyczucia. To po pierwsze. A po drugie: jakie to dziwne, \u017ce w tym Dniu wspominaj\u0105cym pi\u0119kne sylwetki Niez\u0142omnych przemilczano KTO by\u0142 sprawc\u0105 tych mord\u00f3w, tortur i zniewalania ca\u0142ego spo\u0142ecze\u0144stwa. Przemawiaj\u0105c w\u0142a\u015bnie do m\u0142odych trzeba jasno przypomina\u0107 i wyra\u017anie wskazywa\u0107 KTO konkretnie by\u0142 sprawc\u0105. Nie jacy\u015b bezimienni &#8222;komuni\u015bci&#8221; &#8211; co si\u0119 bez przerwy powtarza\u0142o &#8211; ale konkretne nazwiska komunistycznych: sowieckich, \u017cydowskich, polskich oprawc\u00f3w &#8211; w\u0142\u0105cznie z pokazaniem twarzy tych &#8222;sympatycznych staruszk\u00f3w&#8221; na wysokich emeryturach, kt\u00f3rzy po dzi\u015b dzie\u0144 piel\u0119gnuj\u0105 sobie w spokoju dzia\u0142eczki podlewaj\u0105c r\u00f3\u017ce i \u015bmiej\u0105cych si\u0119 z nieudacznik\u00f3w medialnych.<\/p><\/blockquote><h4>\u00a0<\/h4><hr style=\"background-color: #000000; border-width: 0; color: #000000; height: 2px; line-height: 0; text-align: center; width: 100%;\" \/><h4>\u00a0<\/h4><h2>Polska czci pami\u0119\u0107 Wykl\u0119tych. \u201eWyborcza\u201d wspomina \u201eprzekl\u0119tych\u201d<\/h2><p>\u201e\u0179o\u0142nierze przekl\u0119ci, czyli napad na szko\u0142\u0119 w 1949 r.\u201d &#8211; pod takim tytu\u0142em kryje si\u0119 osobiste wspomnienie, kt\u00f3rym postanowi\u0142 podzieli\u0107 si\u0119 nazajutrz po Narodowym Dniu Pami\u0119ci \u0179o\u0142nierzy Wykl\u0119tych dziennikarz \u201eGazety Wyborcze\u201d Witold Gadomski.<br \/> <br \/> Bez w\u0105tpienia historia opisana przez Gadomskiego jest dramatyczna: dw\u00f3jka m\u0119\u017cczyzn z karabinem wpadaj\u0105ca do szko\u0142y i przerywaj\u0105ca lekcj\u0119 musia\u0142a wywo\u0142a\u0107 strach. Skr\u0119powane r\u0119ce i zarzut szerzenia propagandy bolszewickie musia\u0142 lokalnemu nauczycielowi przemawia\u0107 do wyobra\u017ani, z pewno\u015bci\u0105 jego my\u015bli szybko g\u0119stnia\u0142y i nabiera\u0142y coraz czarniejszych barw. Zako\u0144czona sukcesem pr\u00f3ba wyzwolenia si\u0119 z opresji dope\u0142nia ca\u0142o\u015bci historii przytoczonej przez Gadomskiego. <br \/> <br \/> Czy jednak osobiste do\u015bwiadczenia &#8211; nauczycielem ze wspomnienia okaza\u0142 si\u0119 by\u0107 ojciec dziennikarza\u00a0 &#8211; uprawnia do szafowania ha\u0144bi\u0105cym okre\u015bleniem \u201eprzekl\u0119ci\u201d? Zaskakuj\u0105ce jest to tym bardziej, i\u017c \u015brodowisko \u201egazetowyborcze\u201d nieskore jest do stosowania tzw. odpowiedzialno\u015bci zbiorowej. Ile\u017c to razy z \u0142am dziennika pada\u0142y utyskiwania na zbyt \u0142atwe oceniania ludzi zaanga\u017cowanych w budowanie komunizmu nad Wis\u0142\u0105. Jak cz\u0119sto zach\u0119cano do interpretowania okre\u015blonych postaw i zachowa\u0107 w kontek\u015bcie historycznym, czyli z uwzgl\u0119dnieniem \u00f3wczesnych reali\u00f3w. Dlaczego zabrak\u0142o tej wyrozumia\u0142o\u015bci wobec \u017cyj\u0105cych pod straszliw\u0105 presj\u0105 \u015bmierci w komunistycznych kazamatach \u201eWykl\u0119tych\u201d?<br \/> <br \/> By\u0107 mo\u017ce chodzi o ich \u201eobco\u015b\u0107\u201d wobec promowanej wersji historii, w kt\u00f3rej rozs\u0105dni z jednej strony wypracowuj\u0105 kompromis z rozs\u0105dnymi z drugiej. Nie trudno o porozumienie gdy\u017c linie podzia\u0142u nie s\u0105 zbyt ostro zarysowane, a gdzie nie gdzie nie ma ich wcale\u2026Niez\u0142omni nie pasuj\u0105 do tego obrazu. Cechuje ich bowiem brak uznania dla dialogu oraz niezrozumienie dla konieczno\u015bci dziejowej nakazuj\u0105cej pi\u0107 alkohol ze zbrodniarzami. <br \/> <br \/> C\u00f3\u017c dla jednych bohaterem jest brataj\u0105cy si\u0119 z szefem komunistycznej bezpieki Lech Wa\u0142\u0119sa, a dla innych stawiaj\u0105cy op\u00f3r czerwonej zarazie Niez\u0142omni\u2026 <br \/> <br \/> Mo\u017ce mie\u0107 racj\u0119 poeta Rymkiewicz, \u017ce \u201eto, co si\u0119 \u201eto co nas podzieli\u0142o &#8211; to si\u0119 ju\u017c nie sklei\u201d.<br \/> <br \/> <strong><em>\u0141ukasz Karpiel<\/em><\/strong><\/p><p class=\"zrodlo\">Za: <a href=\"http:\/\/www.pch24.pl\/polska-czci-pamiec-wykletych--wyborcza-wspomina-przekletych,41569,i.html\">PoloniaChristiana &#8211; pch24.pl (2016-03-02)<\/a><\/p><h4>\u00a0<\/h4><hr style=\"background-color: #000000; border-width: 0; color: #000000; height: 2px; line-height: 0; text-align: center; width: 100%;\" \/><h4>\u00a0<\/h4>","protected":false},"excerpt":{"rendered":"Dzie\u0144 Pami\u0119ci o \u0179o\u0142nierzach Wykl\u0119tych potwierdzi\u0142, \u017ce warto by\u0142o dokona\u0107 szybkiego przej\u0119cia medi\u00f3w publicznych. To, co dla wielu Polak\u00f3w bardzo wa\u017cne &#8211; godno\u015b\u0107 &#8211; zosta\u0142o w telewizji nareszcie podkre\u015blone z nale\u017cyt\u0105 si\u0142\u0105. O swoich pogl\u0105dach na rzeczywisto\u015b\u0107 mogli te\u017c w ko\u0144cu m\u00f3wi\u0107 wykl\u0119ci do tej pory komentatorzy, kt\u00f3rzy do tej pory mogli przemawia\u0107 wy\u0142\u0105cznie do [&hellip;]","protected":false},"author":1,"featured_media":0,"comment_status":"closed","ping_status":"closed","sticky":false,"template":"","format":"standard","meta":{"_acf_changed":false,"_monsterinsights_skip_tracking":false,"_monsterinsights_sitenote_active":false,"_monsterinsights_sitenote_note":"","_monsterinsights_sitenote_category":0,"ngg_post_thumbnail":0,"footnotes":"","_wp_rev_ctl_limit":""},"categories":[8],"tags":[98,159],"acf":[],"_links":{"self":[{"href":"https:\/\/www.bibula.com\/index.php?rest_route=\/wp\/v2\/posts\/86227"}],"collection":[{"href":"https:\/\/www.bibula.com\/index.php?rest_route=\/wp\/v2\/posts"}],"about":[{"href":"https:\/\/www.bibula.com\/index.php?rest_route=\/wp\/v2\/types\/post"}],"author":[{"embeddable":true,"href":"https:\/\/www.bibula.com\/index.php?rest_route=\/wp\/v2\/users\/1"}],"replies":[{"embeddable":true,"href":"https:\/\/www.bibula.com\/index.php?rest_route=%2Fwp%2Fv2%2Fcomments&post=86227"}],"version-history":[{"count":0,"href":"https:\/\/www.bibula.com\/index.php?rest_route=\/wp\/v2\/posts\/86227\/revisions"}],"wp:attachment":[{"href":"https:\/\/www.bibula.com\/index.php?rest_route=%2Fwp%2Fv2%2Fmedia&parent=86227"}],"wp:term":[{"taxonomy":"category","embeddable":true,"href":"https:\/\/www.bibula.com\/index.php?rest_route=%2Fwp%2Fv2%2Fcategories&post=86227"},{"taxonomy":"post_tag","embeddable":true,"href":"https:\/\/www.bibula.com\/index.php?rest_route=%2Fwp%2Fv2%2Ftags&post=86227"}],"curies":[{"name":"wp","href":"https:\/\/api.w.org\/{rel}","templated":true}]}}