{"id":86217,"date":"2016-03-02T12:43:53","date_gmt":"2016-03-02T17:43:53","guid":{"rendered":"http:\/\/www.bibula.com\/?p=86217"},"modified":"2016-03-02T12:43:53","modified_gmt":"2016-03-02T17:43:53","slug":"prezes-ipn-czy-w-czerwcu-1992-r-materialy-gen-kiszczaka-determinowaly-decyzje-walesy","status":"publish","type":"post","link":"https:\/\/www.bibula.com\/?p=86217","title":{"rendered":"Prezes IPN: Czy w czerwcu 1992 r. materia\u0142y gen. Kiszczaka determinowa\u0142y decyzje Wa\u0142\u0119sy?"},"content":{"rendered":"<p><strong>Nie mo\u017cna odrzuci\u0107 tezy, \u017ce Lech Wa\u0142\u0119sa w czasie swej prezydentury dzia\u0142a\u0142 ze \u015bwiadomo\u015bci\u0105 istnienia materia\u0142\u00f3w dotycz\u0105cych jego kontakt\u00f3w z SB. Otwarte pozostaje tak\u017ce pytanie, czy chodzi\u0142o tu o sam\u0105 \u015bwiadomo\u015b\u0107, czy te\u017c z materia\u0142\u00f3w skorzystano. <br \/><\/strong><\/p><p>Ujawnienie dokument\u00f3w s\u0142u\u017cb komunistycznych s\u0142u\u017cb, przetrzymywanych przez lata w domu gen. Czes\u0142awa Kiszczaka rodzi pytania o rol\u0119 jak\u0105 spe\u0142nia\u0142y, a by\u0107 mo\u017ce i nadal pe\u0142ni\u0105 w \u015bwiecie polityki tego rodzaju materia\u0142y. O to jak powstawa\u0142a III RP oraz jakimi pobudkami kierowa\u0142 si\u0119 Lech Wa\u0142\u0119sa. W ocenie dr. \u0141ukasza Kami\u0144skiego, prezesa Instytutu Pami\u0119ci Narodowej, nie mo\u017cna odrzuci\u0107 hipotezy, \u017ce dokumenty s\u0142u\u017cb odgrywa\u0142y pewn\u0105 rol\u0119.<\/p><p>&#8211; <em>Takiej hipotezy nie odrzucam. Trzeba sobie zada\u0107 pytanie, czy w takich kluczowych momentach jak czerwiec 1992 roku te materia\u0142y determinowa\u0142y decyzje Wa\u0142\u0119sy. I czy chodzi\u0142o o sam\u0105 \u015bwiadomo\u015b\u0107, \u017ce one gdzie\u015b istniej\u0105, czy z nich po prostu korzystano. Bez dodatkowych \u017ar\u00f3de\u0142 b\u0119dziemy jednak skazani tylko na hipotezy<\/em> &#8211; podkre\u015bli\u0142 dr Kami\u0144ski w rozmowie z tygodnikiem \u201ewSieci\u201d.<\/p><p>Prezes IPN pr\u00f3bowa\u0142 odeprze\u0107 zarzuty dotycz\u0105ce sposobu przej\u0119cia i upublicznienia dokument\u00f3w z tzw. szafy Kiszczaka. Jak przyzna\u0142 oczekiwanie z publikacj\u0105 na analizy grafolog\u00f3w spowodowa\u0142oby niekontrolowane przecieki oraz spekulacje, a osoby pracuj\u0105ce nad dokumentami znalaz\u0142yby si\u0119 pod ogromn\u0105 presj\u0105.<\/p><p>&#8211; <em>Dla polskiego \u017cycia publicznego lepiej by\u0142o unikn\u0105\u0107 takiego scenariusza, chocia\u017c to nie by\u0142o zero-jedynkowe r\u00f3wnanie<\/em> &#8211; przyzna\u0142 Kami\u0144ski.<\/p><p>Jednak krytyka IPN p\u0142ynie te\u017c z drugiej strony sceny politycznej, kt\u00f3ra wskazuje, \u017ce pion \u015bledczy Instytutu niewiele zrobi\u0142 w podejrzeniami dotycz\u0105cymi \u201eprywatyzacji\u201d dokument\u00f3w pa\u0144stwowych, szczeg\u00f3lnie \u017ce \u015bledztwo w sprawie ukrywania dokument\u00f3w przez gen. Kiszczaka by\u0142o w toku. Zdaniem prezesa IPN pojawia\u0142y si\u0119 pomys\u0142y, by poszuka\u0107 ich w domach komunistycznych dygnitarzy, ale by\u0142oby to bezprawne dzia\u0142anie.<\/p><p>&#8211; <em>Dokonanie takiej czynno\u015bci to naruszenie praw obywatelskich. Trzeba mocnych argument\u00f3w, \u017ceby wej\u015b\u0107 do czyjego\u015b mieszkania<\/em> &#8211; wyja\u015bni\u0142 dr Kami\u0144ski.<\/p><p>Kami\u0144ski wskazywa\u0142 te\u017c, \u017ce jako prezes IPN nie mia\u0142 wp\u0142ywu na dzia\u0142anie pionu \u015bledczego Instytutu i nie m\u00f3g\u0142 np. wyda\u0107 polecenia przeszukania domu gen. Kiszczaka.<\/p><p>Prezes IPN podkre\u015bli\u0142 ponadto, \u017ce ca\u0142kiem inaczej potoczy\u0142oby si\u0119 \u017cycie polityczne, gdyby IPN powsta\u0142 w 1990 roku i przej\u0105\u0142 wszystkie dokumenty. Kami\u0144ski odpar\u0142 zarzut, \u017ce spowodowa\u0142oby to obalenie mitu \u201eSolidarno\u015bci\u201d.<\/p><p>&#8211; <em>Nasza dzia\u0142alno\u015b\u0107 pokazuje, \u017ce jest wprost przeciwnie. Mimo, \u017ce IPN zajmuje si\u0119 te\u017c trudnymi przypadkami, przywracana jest pami\u0119\u0107 o wielkim ruchu \u201eSolidarno\u015bci\u201d. Przypominamy te\u017c zwi\u0105zane z nim warto\u015bci. Zadajemy sobie r\u00f3wnie\u017c pytanie, co by by\u0142o, gdyby nie powsta\u0142 IPN<\/em> &#8211; doda\u0142.<\/p><p>Przypadek Kiszczaka pokazuje jednak, \u017ce sprywatyzowane dokumenty istniej\u0105 i trzeba znale\u017a\u0107 spos\u00f3b na ich odzyskanie. Tu pojawia si\u0119 kilka rozwi\u0105za\u0144: od abolicji dla dysponent\u00f3w, po stworzenie funduszu na wykup akt. W ocenie prezesa IPN, trudno jednak zgodzi\u0107 si\u0119, by pa\u0144stwo nagradza\u0142o za \u0142amanie prawa, a dopuszczalnym rozwi\u0105zaniem by\u0142aby abolicja, szczeg\u00f3lnie, \u017ce dokumenty cz\u0119sto znajduj\u0105 si\u0119 dzi\u015b w r\u0119kach potomk\u00f3w funkcjonariuszy komunistycznego pa\u0144stwa.<\/p><p>\u0179r\u00f3d\u0142o \u201ewSieci\u201d<\/p><p>MA<\/p><p class=\"zrodlo\">Za: <a href=\"http:\/\/www.pch24.pl\/prezes-ipn--czy-w-czerwcu-1992-r--materialy-gen--kiszczaka-determinowaly-decyzje-walesy-,41547,i.html\">PoloniaChristiana &#8211; pch24.pl (2016-03-02)<\/a><\/p>","protected":false},"excerpt":{"rendered":"Nie mo\u017cna odrzuci\u0107 tezy, \u017ce Lech Wa\u0142\u0119sa w czasie swej prezydentury dzia\u0142a\u0142 ze \u015bwiadomo\u015bci\u0105 istnienia materia\u0142\u00f3w dotycz\u0105cych jego kontakt\u00f3w z SB. Otwarte pozostaje tak\u017ce pytanie, czy chodzi\u0142o tu o sam\u0105 \u015bwiadomo\u015b\u0107, czy te\u017c z materia\u0142\u00f3w skorzystano. Ujawnienie dokument\u00f3w s\u0142u\u017cb komunistycznych s\u0142u\u017cb, przetrzymywanych przez lata w domu gen. Czes\u0142awa Kiszczaka rodzi pytania o rol\u0119 jak\u0105 spe\u0142nia\u0142y, [&hellip;]","protected":false},"author":1,"featured_media":0,"comment_status":"closed","ping_status":"closed","sticky":false,"template":"","format":"standard","meta":{"_acf_changed":false,"_monsterinsights_skip_tracking":false,"_monsterinsights_sitenote_active":false,"_monsterinsights_sitenote_note":"","_monsterinsights_sitenote_category":0,"ngg_post_thumbnail":0,"footnotes":"","_wp_rev_ctl_limit":""},"categories":[8],"tags":[92,36,73],"acf":[],"_links":{"self":[{"href":"https:\/\/www.bibula.com\/index.php?rest_route=\/wp\/v2\/posts\/86217"}],"collection":[{"href":"https:\/\/www.bibula.com\/index.php?rest_route=\/wp\/v2\/posts"}],"about":[{"href":"https:\/\/www.bibula.com\/index.php?rest_route=\/wp\/v2\/types\/post"}],"author":[{"embeddable":true,"href":"https:\/\/www.bibula.com\/index.php?rest_route=\/wp\/v2\/users\/1"}],"replies":[{"embeddable":true,"href":"https:\/\/www.bibula.com\/index.php?rest_route=%2Fwp%2Fv2%2Fcomments&post=86217"}],"version-history":[{"count":0,"href":"https:\/\/www.bibula.com\/index.php?rest_route=\/wp\/v2\/posts\/86217\/revisions"}],"wp:attachment":[{"href":"https:\/\/www.bibula.com\/index.php?rest_route=%2Fwp%2Fv2%2Fmedia&parent=86217"}],"wp:term":[{"taxonomy":"category","embeddable":true,"href":"https:\/\/www.bibula.com\/index.php?rest_route=%2Fwp%2Fv2%2Fcategories&post=86217"},{"taxonomy":"post_tag","embeddable":true,"href":"https:\/\/www.bibula.com\/index.php?rest_route=%2Fwp%2Fv2%2Ftags&post=86217"}],"curies":[{"name":"wp","href":"https:\/\/api.w.org\/{rel}","templated":true}]}}