{"id":86212,"date":"2016-03-02T11:57:17","date_gmt":"2016-03-02T16:57:17","guid":{"rendered":"http:\/\/www.bibula.com\/?p=86212"},"modified":"2016-03-02T11:57:17","modified_gmt":"2016-03-02T16:57:17","slug":"malo-nam-imigrantow-nadciaga-nowa-fala","status":"publish","type":"post","link":"https:\/\/www.bibula.com\/?p=86212","title":{"rendered":"Ma\u0142o nam imigrant\u00f3w? Nadci\u0105ga nowa fala!"},"content":{"rendered":"<p><strong>Europa nie zd\u0105\u017cy\u0142a jeszcze zaczerpn\u0105\u0107 oddechu po zesz\u0142orocznym kryzysie zwi\u0105zanym z nawa\u0142nic\u0105 imigrant\u00f3w (nazywanych tak\u017ce uchod\u017acami), mu\u0142 jeszcze nie opad\u0142, grunt nie wyschn\u0105\u0142 na tyle, by mo\u017cna by\u0142o oszacowa\u0107 straty, a ju\u017c nadchodzi nowa, jeszcze wi\u0119ksza fala przybysz\u00f3w, na kt\u00f3r\u0105 kontynent jest &#8211; o ile to mo\u017cliwe &#8211; jeszcze mniej przygotowany. B\u0119dzie ona jeszcze bardziej op\u0142akana w skutkach; skutkach d\u0142ugofalowych, kt\u00f3rym b\u0119dziemy stawia\u0107 czo\u0142a przez dziesi\u0119ciolecia.<\/strong><\/p><p>W b\u0142\u0119dzie jest ten, kto uwa\u017ca, \u017ce w\u0119dr\u00f3wki lud\u00f3w, jakich byli\u015bmy \u015bwiadkami w roku 2015, nale\u017c\u0105 do przesz\u0142o\u015bci. Masy ludzkie, kt\u00f3re dotar\u0142y do Europy w przeci\u0105gu ostatnich dwunastu miesi\u0119cy to zaledwie wierzcho\u0142ek g\u00f3ry lodowej. Liczba tych, kt\u00f3rzy wybieraj\u0105 si\u0119 do Europy, czy to na w\u0142asn\u0105 r\u0119k\u0119, czy to korzystaj\u0105c z profesjonalnych siatek przemytniczych, si\u0119ga 10 milion\u00f3w. Takiego zdania jest Gerd M\u00fcller, niemiecki minister ds. rozwoju, kt\u00f3ry w swojej ostatniej wypowiedzi dla \u201eDaily Mail\u201d podkre\u015bli\u0142, \u017ce 8 do 10 milion\u00f3w ludzi wci\u0105\u017c jest w drodze, a zaledwie 10% migrant\u00f3w dotar\u0142o do swojego celu, jakim s\u0105 kraje bogatego zachodu Europy. Nie pozostawi\u0142 te\u017c \u017cadnego z\u0142udzenia, co do tego, \u017ce obecna sytuacja powsta\u0142a z winy Unii Europejskiej, kt\u00f3ra nie potrafi\u0142a zabezpieczy\u0107 swoich granic. Kasandryczne przepowiednie Gerda M\u00fcllera potwierdza tak\u017ce Mi\u0119dzynarodowy Fundusz Walutowy, kt\u00f3rego ostro\u017cne szacunki przewiduj\u0105 przybycie na Stary Kontynent przynajmniej miliona trzystu tysi\u0119cy imigrant\u00f3w rocznie w okresie pomi\u0119dzy 2015 a 2017 rokiem.<\/p><p>Wystarczy spojrze\u0107 na dane ze stycznia 2016 roku, \u017ceby zrozumie\u0107, \u017ce powy\u017csze wyliczenia nie s\u0105, jak to si\u0119 cz\u0119sto przedstawia, chwytem stosowanym przez ugrupowania populistyczne. Statystyki pokazuj\u0105 bowiem, \u017ce w przeci\u0105gu pierwszego miesi\u0105ca bie\u017c\u0105cego roku, pomimo niesprzyjaj\u0105cej aury i niebezpiecznych warunk\u00f3w na Morzu \u015ar\u00f3dziemnym ponad 30 tysi\u0105com ludzi uda\u0142o si\u0119 dokona\u0107 przeprawy i dotrze\u0107 do wybrze\u017cy Grecji. Je\u015bli por\u00f3wnamy te powszechnie dost\u0119pne dane znajduj\u0105ce si\u0119 na stronach International Organisation for Migration, z analogicznymi danymi zebranymi w styczniu 2015, oka\u017ce si\u0119, \u017ce przybywaj\u0105cych do Europy jest obecnie nie dwa, nie cztery, ale a\u017c 21 razy wi\u0119cej w stosunku do roku ubieg\u0142ego. W 2015 roku do Grecji przyby\u0142o 853 650 ludzi; prosz\u0119 sobie zatem wyobrazi\u0107 liczb\u0119 migrant\u00f3w, kt\u00f3rzy w przeci\u0105gu nadchodz\u0105cych miesi\u0119cy przekrocz\u0105, istniej\u0105ce ju\u017c chyba tylko teoretycznie, greckie granice.<\/p><p>Na ten problem zwr\u00f3ci\u0142 uwag\u0119 holenderski premier Mark Rutte, kt\u00f3ry powiedzia\u0142, \u017ce je\u015bli tylko w przeci\u0105gu pierwszych trzech tygodni stycznia, do samej tylko Grecji przyby\u0142o ponad 30\u00a0tys. ludzi, w por\u00f3wnaniu do zaledwie 1,6 tys. z ca\u0142ego stycznia zesz\u0142ego roku, to trzeba liczy\u0107 si\u0119 z tym, \u017ce liczba ta wzro\u015bnie czterokrotnie wraz z nadej\u015bciem wiosny i bardziej sprzyjaj\u0105cej aury. A przecie\u017c Grecja to tylko jedna z tras przerzutowych, kt\u00f3rymi nap\u0142ywaj\u0105 ku Europie spragnieni lepszego \u017cycia mieszka\u0144cy Bliskiego Wschodu i Afryki. Fale migracyjne p\u0142yn\u0105 tak\u017ce przez Ba\u0142kany, W\u0142ochy oraz Hiszpani\u0119. Trzeba tak\u017ce pami\u0119ta\u0107, \u017ce o ile w zesz\u0142ym roku Europa by\u0142a po prostu nieprzygotowana, o tyle obecnie arsena\u0142 \u015brodk\u00f3w <em>ad hoc<\/em> zosta\u0142 wyczerpany, za\u015b o systemowe rozwi\u0105zania jeszcze trudniej, ni\u017c 12 miesi\u0119cy temu.<\/p><p>Ochrona granic zewn\u0119trznych nie funkcjonuje ani w teorii, ani w praktyce. Na pierwszej linii dyskusji o tym jak Europa powinna poradzi\u0107 sobie z najwi\u0119kszym od czas\u00f3w drugiej wojny \u015bwiatowej kryzysem migracyjnym znajduje si\u0119 Frontex, unijna agencja zajmuj\u0105ca si\u0119 zewn\u0119trznymi granicami strefy Schengen, w zesz\u0142ym roku \u015bwi\u0119tuj\u0105ca swoje dziesi\u0119ciolecie. Roczny bud\u017cet Frontexu to 143 miliony euro (wzrost o 46% w stosunku do roku 2014), w\u0105tpliwe jest jednak by nawet przy wydatnym jego zwi\u0119kszeniu, organizacja ta by\u0142a w stanie zapewni\u0107 Europie ochron\u0119, kt\u00f3rej ta tak bardzo potrzebuje. Frontex boryka si\u0119 bowiem nie tylko z problemami wynikaj\u0105cymi z niedostatecznego dofinansowania, ale tak\u017ce z brakiem wsp\u00f3\u0142pracy pomi\u0119dzy cz\u0142onkami UE. Podczas gdy z Brukseli w najlepszego rodzaju nowomowie raz za razem p\u0142yn\u0105 zapewnienia, \u017ce \u201esp\u00f3jne i efektywne zarz\u0105dzenie granicami zewn\u0119trznymi, zwi\u0119ksza bezpiecze\u0144stwo i poczucie przynale\u017cno\u015bci obywateli do wsp\u00f3lnego obszaru i przeznaczenia\u201d, prognozy Frontexu z trzech ostatnich lat przewiduj\u0105ce znaczne zwi\u0119kszenie fali migracyjnej przez Grecj\u0119 i W\u0119gry by\u0142y przez eurokrat\u00f3w konsekwentnie ignorowane. W obecnej postaci Frontex jest kolejnym instytucjonalnym potworem unijnej biurokracji.<\/p><p>W roku 2010, z okazji pi\u0119ciolecia Frontexu, jego \u00f3wczesny dyrektor, fi\u0144ski genera\u0142 Ilkka Laitinen, zapytany o to jak wa\u017cna dla wsp\u00f3lnoty jest wsp\u00f3lna polityka migracyjna odpar\u0142: <em>Bardzo wa\u017cna. Nie widz\u0119 dla niej alternatywy, poniewa\u017c mamy Schengen i brak wewn\u0119trznych kontroli granicznych. Po prostu nie mo\u017cemy sobie pozwoli\u0107 na narodowe podej\u015bcie do tego problemu. Nie widz\u0119 innego wyboru poza wsp\u00f3ln\u0105 polityk\u0105 [imigracyjn\u0105]. Chocia\u017c b\u0119dzie to dla obywateli nie lada wyzwanie my\u015blenie o tym problemie w bardziej europejski spos\u00f3b. Zajmie to du\u017co czasu<\/em>.<\/p><p>Pi\u0119\u0107 lat od wypowiedzenia tych s\u0142\u00f3w staje si\u0119 coraz bardziej jasne, \u017ce podej\u015bcie narodowe jest nie tylko najlepsz\u0105 odpowiedzi\u0105 na \u201eeuropejsk\u0105 polityk\u0119 migracyjn\u0105\u201d, na kt\u00f3r\u0105 kraje cz\u0142onkowskie UE mog\u0105 si\u0119 zdoby\u0107, ale w og\u00f3le jedynym funkcjonuj\u0105cym podej\u015bciem do problemu wywo\u0142anego retoryk\u0105 otwartych granic. Podczas gdy ochrona zewn\u0119trznych granic nie istnieje, wprowadzenie kontroli na granicach wewn\u0119trznych sta\u0142o si\u0119 nieodzowne. Z kolei to posuni\u0119cie sprawia, \u017ce pod znakiem zapytania stan\u0119\u0142a ca\u0142a idea strefy Schengen. Bardziej pesymistyczni analitycy przewiduj\u0105, \u017ce samo Schengen mo\u017ce przej\u015b\u0107 do historii w przeci\u0105gu nadchodz\u0105cych miesi\u0119cy. Ju\u017c obecnie kontrole na swoich granicach wprowadzi\u0142y W\u0119gry, S\u0142owenia, Chorwacja, Austria, Dania oraz Szwecja. Do krajobrazu europejskiego powr\u00f3ci\u0142y elementy ju\u017c nieco zapomniane &#8211; zasieki, przej\u015bcia graniczne, uzbrojone patrole i szczeg\u00f3\u0142owe kontrole podr\u00f3\u017cuj\u0105cych.<\/p><p>Pierwsz\u0105 ofiar\u0105 nowej fali migracyjnej mo\u017ce okaza\u0107 si\u0119 Grecja. Temu zabiedzonemu krajowi Bruksela pokaza\u0142a w\u0142a\u015bnie czerwon\u0105 kartk\u0119, gro\u017c\u0105c, \u017ce je\u015bli w przeci\u0105gu trzech miesi\u0119cy nie poprawi sytuacji na granicy z Turcj\u0105, zostanie on wyrzucony ze strefy Schengen. Pozosta\u0142e kraje UE, szczeg\u00f3lnie te znajduj\u0105ce si\u0119 na g\u0142\u00f3wnym szlaku migracyjnym do Niemiec i Szwecji, robi\u0105 co mog\u0105, by zabezpieczy\u0107 integralno\u015b\u0107 w\u0142asnych granic, nawet je\u015bli na poziomie czysto semantycznym ich rz\u0105dy zdaj\u0105 si\u0119 popiera\u0107 polityk\u0119 opart\u0105 na sloganie \u201eRefugees Welcome\u201d. Kraje Europy \u015arodkowej i Wschodniej m\u00f3wi\u0105 w tym temacie jednym g\u0142osem &#8211; i bardzo dobrze, bowiem im bardziej granice si\u0119 uszczelniaj\u0105, tym ch\u0119tniej amatorzy pa\u0144stw opieku\u0144czych b\u0119d\u0105 poszukiwa\u0107 innych dr\u00f3g do kraj\u00f3w zasi\u0142kami socjalnymi p\u0142yn\u0105cych. Polska musi my\u015ble\u0107 o ochronie swoich granic zanim ruszy nowa fala; szczeg\u00f3lnie dotyczy to wschodnich i po\u0142udniowych rubie\u017cy naszego pa\u0144stwa.<\/p><p>Norweska premier Erna Solberg zapowiedzia\u0142a, \u017ce w przypadku kryzysu wewn\u0119trznego w Szwecji, kraju, kt\u00f3ry przyj\u0105\u0142 najwi\u0119ksz\u0105 ilo\u015b\u0107 uchod\u017ac\u00f3w <em>per capita<\/em>, jej pa\u0144stwo jest gotowe na najgorsze &#8211; a to oznacza odst\u0105pienie od Konwencji Genewskiej, zamkni\u0119cie granic i zawracanie si\u0142\u0105 ka\u017cdego, kto b\u0119dzie szuka\u0142 azylu w Norwegii. Szwecja jest klinicznym przyk\u0142adem tego, czym ko\u0144czy si\u0119 ideologia i zakorzenione w niej utopie polityczne. Do tej kategorii nale\u017cy bowiem zaliczy\u0107 plany wsp\u00f3lnej polityki migracyjnej, solidarn\u0105 dystrybucj\u0119 uchod\u017ac\u00f3w i system kwot. Pomimo ca\u0142kowitej pora\u017cki tego projektu, elity kontynuuj\u0105 swoj\u0105 narracj\u0119. Heaven Crawley, kieruj\u0105ca Centrum Bada\u0144 nad Migracjami na Uniwersytecie w Coventry (Wielka Brytania) powiedzia\u0142a, \u017ce Europa musi poradzi\u0107 sobie z lud\u017ami przyp\u0142ywaj\u0105cymi do jej brzeg\u00f3w, gdy\u017c przyp\u0142ywaj\u0105 oni w wyniku kryzysu, kt\u00f3ry sama rozp\u0119ta\u0142a, za\u015b grecki minister ds. migracji, Ioannis Mouzalas, oznajmi\u0142, \u017ce chocia\u017c imigranci przybywaj\u0105 do Grecji, problem jest og\u00f3lnoeuropejski i takie te\u017c musi by\u0107 jego rozwi\u0105zanie.<\/p><p>Na razie jedynym rozwi\u0105zaniem na kt\u00f3re UE wpad\u0142a by\u0142o zaoferowanie Turcji 3 miliard\u00f3w euro za zatrzymanie ludzkiej rzeki zmierzaj\u0105cej ku brzegom Europy. Jednak\u017ce poniewa\u017c za obietnicami okupu, nie posz\u0142y konkretne przelewy, turecki prezydent, Recep Tayyip Erdogan ostrzeg\u0142 ostatnio, \u017ce je\u017celi Bruksela nie spe\u0142ni swoich obietnic, Ankara otworzy swoje granice dla szukaj\u0105cych schronienia na starym kontynencie. &#8211; <em>W przesz\u0142o\u015bci zatrzymywali\u015bmy ludzi u bram Europy w<\/em> <em>Edirne <\/em><em>(p\u00f3\u0142nocno-zachodnia Turcja-red.), zatrzymywali\u015bmy ich autobusy. To mo\u017ce zdarzy\u0107 si\u0119 raz lub dwa, ale w ko\u0144cu otworzymy nasze przej\u015bcia i b\u0119dziemy im \u017cyczy\u0107 szcz\u0119\u015bliwej podr\u00f3\u017cy &#8211; <\/em><em>stwierdzi\u0142 Erdogan. Wypowied\u017a t\u0119 <\/em>zacytowa\u0142a gazeta \u201eDaily Sabah\u201d, opisuj\u0105c jego przem\u00f3wienie do Young Businessmen Confederation of Turkey (T\u00c3\u0153G\u00c4\u00b0K), kt\u00f3re mia\u0142o miejsce ostatnio w Ankarze. Tak\u017ce turecki premier, Ahmet Davuto\u00c4\u0178lu, ostrzeg\u0142, \u017ce nowa fala uchod\u017ac\u00f3w nap\u0142ywa do Turcji w zwi\u0105zku ze wzmo\u017conymi dzia\u0142aniami militarnymi na terenach Syrii. Na konferencji \u201eSupporting Syria and the region\u201d, kt\u00f3r\u0105 zorganizowano w Londynie 4 lutego 2016 oszacowa\u0142, \u017ce tylko w ostatnich tygodniach w poszukiwaniu lepszego \u017cycia ruszy\u0142o z tamtego rejonu ponad 80 000 ludzi.<\/p><p>Pomys\u0142y proponowane w zesz\u0142ym roku jako rozwi\u0105zania kryzysu migracyjnego zawiod\u0142y, b\u0105d\u017a nigdy nie zosta\u0142y zrealizowane. Jedno\u015b\u0107 wsp\u00f3lnoty europejskiej jest w strz\u0119pach. Coraz wi\u0119cej kraj\u00f3w rozumie, \u017ce musi samodzielnie zatroszczy\u0107 si\u0119 o ochron\u0119 w\u0142asnych terytori\u00f3w, co w praktyce oznacza powr\u00f3t do zamykania granic. Nawet te pa\u0144stwa, kt\u00f3re nale\u017ca\u0142y do najbardziej otwartych i go\u015bcinnych wobec przybysz\u00f3w spoza Europy, albo zbli\u017caj\u0105 si\u0119 do kresu swoich si\u0142, albo te\u017c punkt przesilenia maj\u0105 ju\u017c za sob\u0105. A przecie\u017c najgorsze fale ludzkiego potopu dopiero przed nami; kolejne, coraz wi\u0119ksze fale migracji dosi\u0119gn\u0105 brzeg\u00f3w Europy wiosn\u0105 i latem tego roku.<\/p><p><strong><em>Monika G. Bartoszewicz<\/em><\/strong><\/p>","protected":false},"excerpt":{"rendered":"Europa nie zd\u0105\u017cy\u0142a jeszcze zaczerpn\u0105\u0107 oddechu po zesz\u0142orocznym kryzysie zwi\u0105zanym z nawa\u0142nic\u0105 imigrant\u00f3w (nazywanych tak\u017ce uchod\u017acami), mu\u0142 jeszcze nie opad\u0142, grunt nie wyschn\u0105\u0142 na tyle, by mo\u017cna by\u0142o oszacowa\u0107 straty, a ju\u017c nadchodzi nowa, jeszcze wi\u0119ksza fala przybysz\u00f3w, na kt\u00f3r\u0105 kontynent jest &#8211; o ile to mo\u017cliwe &#8211; jeszcze mniej przygotowany. B\u0119dzie ona jeszcze bardziej [&hellip;]","protected":false},"author":1,"featured_media":0,"comment_status":"closed","ping_status":"closed","sticky":false,"template":"","format":"standard","meta":{"_acf_changed":false,"_monsterinsights_skip_tracking":false,"_monsterinsights_sitenote_active":false,"_monsterinsights_sitenote_note":"","_monsterinsights_sitenote_category":0,"ngg_post_thumbnail":0,"footnotes":"","_wp_rev_ctl_limit":""},"categories":[9],"tags":[23,76],"acf":[],"_links":{"self":[{"href":"https:\/\/www.bibula.com\/index.php?rest_route=\/wp\/v2\/posts\/86212"}],"collection":[{"href":"https:\/\/www.bibula.com\/index.php?rest_route=\/wp\/v2\/posts"}],"about":[{"href":"https:\/\/www.bibula.com\/index.php?rest_route=\/wp\/v2\/types\/post"}],"author":[{"embeddable":true,"href":"https:\/\/www.bibula.com\/index.php?rest_route=\/wp\/v2\/users\/1"}],"replies":[{"embeddable":true,"href":"https:\/\/www.bibula.com\/index.php?rest_route=%2Fwp%2Fv2%2Fcomments&post=86212"}],"version-history":[{"count":0,"href":"https:\/\/www.bibula.com\/index.php?rest_route=\/wp\/v2\/posts\/86212\/revisions"}],"wp:attachment":[{"href":"https:\/\/www.bibula.com\/index.php?rest_route=%2Fwp%2Fv2%2Fmedia&parent=86212"}],"wp:term":[{"taxonomy":"category","embeddable":true,"href":"https:\/\/www.bibula.com\/index.php?rest_route=%2Fwp%2Fv2%2Fcategories&post=86212"},{"taxonomy":"post_tag","embeddable":true,"href":"https:\/\/www.bibula.com\/index.php?rest_route=%2Fwp%2Fv2%2Ftags&post=86212"}],"curies":[{"name":"wp","href":"https:\/\/api.w.org\/{rel}","templated":true}]}}