{"id":86168,"date":"2016-03-01T10:21:28","date_gmt":"2016-03-01T15:21:28","guid":{"rendered":"http:\/\/www.bibula.com\/?p=86168"},"modified":"2016-03-01T10:23:04","modified_gmt":"2016-03-01T15:23:04","slug":"cenckiewicz-walesa-mogl-wspolpracowac-z-milicja-juz-przed-1967-r","status":"publish","type":"post","link":"https:\/\/www.bibula.com\/?p=86168","title":{"rendered":"Cenckiewicz: Wa\u0142\u0119sa m\u00f3g\u0142 wsp\u00f3\u0142pracowa\u0107 z milicj\u0105 ju\u017c przed 1967 r"},"content":{"rendered":"<p><strong>Jest \u015blad potwierdzaj\u0105cy informacj\u0119, \u017ce wsp\u00f3\u0142praca Wa\u0142\u0119sy z milicj\u0105 mia\u0142a miejsce ju\u017c przed rokiem 1967. &#8211; uwa\u017ca S\u0142awomir Cenckiewicz, dyrektor Centralnego Archiwum Wojskowego.<\/strong><br \/> <br \/> Cenckiewicz ujawni\u0142, \u017ce w teczce personalnej, dokumentuj\u0105cej spos\u00f3b pozyskania Wa\u0142\u0119sy, jest &#8222;karta sprawdzeniowa&#8221; z adnotacj\u0105 KP MO w Lipnie.<br \/> <br \/> &#8211; To jest \u015blad, pewien trop potwierdzaj\u0105cy informacje, kt\u00f3re pojawia\u0142y si\u0119 wcze\u015bniej, \u017ce jaka\u015b wsp\u00f3\u0142praca Wa\u0142\u0119sy z milicj\u0105, nawet wcze\u015bniej ni\u017c przed rokiem 1967, mia\u0142a miejsce. Czy tak by\u0142o, czy to jest tylko rejestracja kogo\u015b, kto si\u0119 znalaz\u0142 w zainteresowaniu MO z innego powodu &#8211; nie wiemy &#8211; m\u00f3wi\u0142 Cenckiewicz. <br \/> <br \/> Prof. Cenckiewicz podpowiedzia\u0142 tak\u017ce jak sprawdzi\u0107 czy Wa\u0142\u0119sa wsp\u00f3\u0142pracowa\u0142 z MO w m\u0142odo\u015bci. \u00a0<br \/> <br \/> &#8211; Przychodzi mi na my\u015bl jeden spos\u00f3b. Prezes IPN m\u00f3g\u0142by wyst\u0105pi\u0107 do Komendanta GP z pro\u015bb\u0105 o uzyskanie informacji na temat tej rejestracji. Z zapytaniem, czy w kartotekach milicyjnych z lat 60. nie pojawia si\u0119 nazwisko Lecha Wa\u0142\u0119sy. Je\u015bli si\u0119 pojawia, to IPN chcia\u0142by kopie takich materia\u0142\u00f3w pozyska\u0107 &#8211; o\u015bwiadczy\u0142. <br \/> <br \/> wp.pl\/KRESY.PL<\/p>","protected":false},"excerpt":{"rendered":"Jest \u015blad potwierdzaj\u0105cy informacj\u0119, \u017ce wsp\u00f3\u0142praca Wa\u0142\u0119sy z milicj\u0105 mia\u0142a miejsce ju\u017c przed rokiem 1967. &#8211; uwa\u017ca S\u0142awomir Cenckiewicz, dyrektor Centralnego Archiwum Wojskowego. Cenckiewicz ujawni\u0142, \u017ce w teczce personalnej, dokumentuj\u0105cej spos\u00f3b pozyskania Wa\u0142\u0119sy, jest &#8222;karta sprawdzeniowa&#8221; z adnotacj\u0105 KP MO w Lipnie. &#8211; To jest \u015blad, pewien trop potwierdzaj\u0105cy informacje, kt\u00f3re pojawia\u0142y si\u0119 wcze\u015bniej, \u017ce [&hellip;]","protected":false},"author":1,"featured_media":0,"comment_status":"closed","ping_status":"closed","sticky":false,"template":"","format":"standard","meta":{"_acf_changed":false,"_monsterinsights_skip_tracking":false,"_monsterinsights_sitenote_active":false,"_monsterinsights_sitenote_note":"","_monsterinsights_sitenote_category":0,"ngg_post_thumbnail":0,"footnotes":"","_wp_rev_ctl_limit":""},"categories":[8],"tags":[81,36,73],"acf":[],"_links":{"self":[{"href":"https:\/\/www.bibula.com\/index.php?rest_route=\/wp\/v2\/posts\/86168"}],"collection":[{"href":"https:\/\/www.bibula.com\/index.php?rest_route=\/wp\/v2\/posts"}],"about":[{"href":"https:\/\/www.bibula.com\/index.php?rest_route=\/wp\/v2\/types\/post"}],"author":[{"embeddable":true,"href":"https:\/\/www.bibula.com\/index.php?rest_route=\/wp\/v2\/users\/1"}],"replies":[{"embeddable":true,"href":"https:\/\/www.bibula.com\/index.php?rest_route=%2Fwp%2Fv2%2Fcomments&post=86168"}],"version-history":[{"count":0,"href":"https:\/\/www.bibula.com\/index.php?rest_route=\/wp\/v2\/posts\/86168\/revisions"}],"wp:attachment":[{"href":"https:\/\/www.bibula.com\/index.php?rest_route=%2Fwp%2Fv2%2Fmedia&parent=86168"}],"wp:term":[{"taxonomy":"category","embeddable":true,"href":"https:\/\/www.bibula.com\/index.php?rest_route=%2Fwp%2Fv2%2Fcategories&post=86168"},{"taxonomy":"post_tag","embeddable":true,"href":"https:\/\/www.bibula.com\/index.php?rest_route=%2Fwp%2Fv2%2Ftags&post=86168"}],"curies":[{"name":"wp","href":"https:\/\/api.w.org\/{rel}","templated":true}]}}