{"id":86074,"date":"2016-02-25T14:35:41","date_gmt":"2016-02-25T19:35:41","guid":{"rendered":"http:\/\/www.bibula.com\/?p=86074"},"modified":"2016-02-25T14:35:41","modified_gmt":"2016-02-25T19:35:41","slug":"francuska-odslona-komitetu-obrony-grossa-naukowcy-napisali-do-prezydenta-andrzeja-dudy","status":"publish","type":"post","link":"https:\/\/www.bibula.com\/?p=86074","title":{"rendered":"Francuska ods\u0142ona komitetu obrony Grossa &#8211; naukowcy napisali do prezydenta Andrzeja Dudy"},"content":{"rendered":"<p><strong>Do redakcji \u201eLe Monde\u201d trafi\u0142 wystosowany przez blisko 50 francuskich naukowc\u00f3w apel skierowany do prezydenta Andrzeja Dudy o wycofanie si\u0119 z zamiaru odebrania Janowi Tomaszowi Grossowi Krzy\u017ca Kawalerskiego Orderu Zas\u0142ugi RP. <\/strong><\/p><p>Zdaniem francuskich koryfeuszy nauki \u201edzi\u0119ki swoim badaniom nad Zag\u0142ad\u0105 i\u00a0aktami przemocy polskich 's\u0105siad\u00f3w&#8217; wobec \u017byd\u00f3w, dzi\u0119ki swym ksi\u0105\u017ckom i\u00a0wyst\u0105pieniom Jan T. Gross wni\u00f3s\u0142 zasadniczy wk\u0142ad do krytycznego spojrzenia Polak\u00f3w na swoj\u0105 przesz\u0142o\u015b\u0107. Jego analiza historii i\u00a0pami\u0119ci stosunk\u00f3w polsko-\u017cydowskich by\u0142a szeroko dyskutowana w\u00a0instytutach naukowych i\u00a0publicznych dyskusjach demokratycznej Polski. Liczne dalsze badania, prowadzone m.in. przez Instytut Pami\u0119ci Narodowej w\u00a0latach 2001-2002, potwierdzi\u0142y wnioski jego prac\u201d. Sygnatariusze apelu zach\u0119caj\u0105 prezydenta, by \u201eodst\u0105pi\u0142 od swych zamiar\u00f3w\u201d.<\/p><p>Ewentualne odebranie Grossowi orderu &#8211; zdaniem luminarzy znad Sekwany &#8211; zagrozi swobodzie bada\u0144 naukowych, a\u00a0twierdzenia, \u017ce zaszkodzi\u0142 on \u201ereputacji Polski (&#8230;) s\u0105 te\u017c gro\u017ane same w\u00a0sobie, zwiastuj\u0105c powr\u00f3t do starej opowie\u015bci narodowej o\u00a0'niepokalanej&#8217;, bohaterskiej Polsce, kt\u00f3rej ho\u0142dowano w\u00a0latach Polski Ludowej. Oznacza\u0142oby to radykalny krok wstecz\u201d.<br \/> <br \/> Sam Jan Tomasz Gross da\u0142 niedawno kolejn\u0105 pr\u00f3bk\u0119 swoich \u201erozrachunkowych przekona\u0144\u201d w\u00a0rozmowie z\u00a0niemiecka rozg\u0142o\u015bni\u0105 publiczn\u0105\u00a0\u201eDeutschlandfunk\u201d. -To\u00a0boli, ale \u0142atwo policzy\u0107 ilu Niemc\u00f3w straci\u0142o \u017cycie z\u00a0r\u0105k Polak\u00f3w w\u00a0czasie okupacji: od\u00a025\u00a0do\u00a030\u00a0tysi\u0119cy. Liczba zamordowanych przez Polak\u00f3w \u017cyd\u00f3w jest wielokrotnie wy\u017csza &#8211; m\u00f3wi\u0142 Gross.<\/p><p>Jego zdaniem 10\u00a0do\u00a020\u00a0proc. mieszka\u0144c\u00f3w gett z\u00a0nich uciek\u0142o. Nast\u0119pnie \u201enast\u0105pi\u0142a wielka fala, podczas kt\u00f3rej lokalna ludno\u015b\u0107 zabi\u0142a swoich \u017cydowskich\u00a0s\u0105siad\u00f3w\u201d.<\/p><p>&#8211; W\u00a0Jedwabnem i\u00a0innych miastach to\u00a0te\u017c by\u0142y tysi\u0105ce \u017cyd\u00f3w. Podczas tak zwanej trzeciej ods\u0142ony Holokaustu, po\u00a0likwidacji gett, po\u00a0masowym mordzie w\u00a0obozach zag\u0142ady, gdy 200 do\u00a0250 tys. ludzi usi\u0142owa\u0142o uciec i\u00a0ukry\u0107 si\u0119 w\u015br\u00f3d polskiej ludno\u015bci, Polacy pomagali w\u00a0polowaniu na\u00a0\u017cyd\u00f3w, zorganizowanego przez Niemc\u00f3w, ale wspieranego przez polsk\u0105 ludno\u015b\u0107. Tylko 40\u00a0tys. polskich \u017cyd\u00f3w\u00a0prze\u017cy\u0142o &#8211; twierdzi autor \u201eZ\u0142otych \u017cniw\u201d.<\/p><p>\u0179r\u00f3d\u0142o: interia.pl\/wPolityce.pl<\/p><p>luk<\/p><p class=\"zrodlo\">Za: <a href=\"http:\/\/www.pch24.pl\/francuska-odslona-komitetu-obrony-grossa---naukowcy-napisali-do-prezydenta-andrzeja-dudy,41473,i.html\">PoloniaChristiana &#8211; pch24.pl (2016-02-25)<\/a><\/p>","protected":false},"excerpt":{"rendered":"Do redakcji \u201eLe Monde\u201d trafi\u0142 wystosowany przez blisko 50 francuskich naukowc\u00f3w apel skierowany do prezydenta Andrzeja Dudy o wycofanie si\u0119 z zamiaru odebrania Janowi Tomaszowi Grossowi Krzy\u017ca Kawalerskiego Orderu Zas\u0142ugi RP. Zdaniem francuskich koryfeuszy nauki \u201edzi\u0119ki swoim badaniom nad Zag\u0142ad\u0105 i\u00a0aktami przemocy polskich 's\u0105siad\u00f3w&#8217; wobec \u017byd\u00f3w, dzi\u0119ki swym ksi\u0105\u017ckom i\u00a0wyst\u0105pieniom Jan T. Gross wni\u00f3s\u0142 zasadniczy [&hellip;]","protected":false},"author":1,"featured_media":0,"comment_status":"closed","ping_status":"closed","sticky":false,"template":"","format":"standard","meta":{"_acf_changed":false,"_monsterinsights_skip_tracking":false,"_monsterinsights_sitenote_active":false,"_monsterinsights_sitenote_note":"","_monsterinsights_sitenote_category":0,"ngg_post_thumbnail":0,"footnotes":"","_wp_rev_ctl_limit":""},"categories":[6],"tags":[349,65,56,22,98,53],"acf":[],"_links":{"self":[{"href":"https:\/\/www.bibula.com\/index.php?rest_route=\/wp\/v2\/posts\/86074"}],"collection":[{"href":"https:\/\/www.bibula.com\/index.php?rest_route=\/wp\/v2\/posts"}],"about":[{"href":"https:\/\/www.bibula.com\/index.php?rest_route=\/wp\/v2\/types\/post"}],"author":[{"embeddable":true,"href":"https:\/\/www.bibula.com\/index.php?rest_route=\/wp\/v2\/users\/1"}],"replies":[{"embeddable":true,"href":"https:\/\/www.bibula.com\/index.php?rest_route=%2Fwp%2Fv2%2Fcomments&post=86074"}],"version-history":[{"count":0,"href":"https:\/\/www.bibula.com\/index.php?rest_route=\/wp\/v2\/posts\/86074\/revisions"}],"wp:attachment":[{"href":"https:\/\/www.bibula.com\/index.php?rest_route=%2Fwp%2Fv2%2Fmedia&parent=86074"}],"wp:term":[{"taxonomy":"category","embeddable":true,"href":"https:\/\/www.bibula.com\/index.php?rest_route=%2Fwp%2Fv2%2Fcategories&post=86074"},{"taxonomy":"post_tag","embeddable":true,"href":"https:\/\/www.bibula.com\/index.php?rest_route=%2Fwp%2Fv2%2Ftags&post=86074"}],"curies":[{"name":"wp","href":"https:\/\/api.w.org\/{rel}","templated":true}]}}