{"id":86039,"date":"2016-02-24T10:06:36","date_gmt":"2016-02-24T15:06:36","guid":{"rendered":"http:\/\/www.bibula.com\/?p=86039"},"modified":"2016-02-24T10:06:36","modified_gmt":"2016-02-24T15:06:36","slug":"list-do-prezydenta-o-prawde-o-meczenstwie-mieszkancow-kresow","status":"publish","type":"post","link":"https:\/\/www.bibula.com\/?p=86039","title":{"rendered":"List do prezydenta o prawd\u0119 o m\u0119cze\u0144stwie mieszka\u0144c\u00f3w Kres\u00f3w"},"content":{"rendered":"<p><strong>Szereg organizacji kresowian krytykuje kszta\u0142t projektu ustawy o ustanowieniu 11 lipca Dniem M\u0119cze\u0144stwa Kresowian, zaproponowanego przez Prawo i Sprawiedliwo\u015b\u0107.<\/strong><\/p><p>Tre\u015b\u0107 listu upowszechnia ksi\u0105dz Tadeusz Isakowicz-Zaleski. Jak zaznacza &#8222;od 27 lat\u00a0 establishment Trzeciej RP wci\u0105\u017c nie ma odwagi powiedzie\u0107 prawdy o ludob\u00f3jstwie dokonanym na obywatelach Drugiej RP przez zbrodniarzy z Organizacji Ukrai\u0144skich Nacjonalist\u00f3w i Ukrai\u0144skiej Powsta\u0144czej Armii&#8221;. Podobnego zdania jest szereg organizacji kresowian, kt\u00f3re w zwi\u0105zku z tym wystosowa\u0142y list otwarty do prezydenta i szeregu najwa\u017cniejszych os\u00f3b w pa\u0144stwie. Przytaczamy pe\u0142n\u0105 jego tre\u015b\u0107.<\/p><blockquote><p>22 lutego 2016 r.<\/p><p>Prezydent Rzeczypospolitej Polskiej<br \/> Pan Andrzej Duda<br \/> ul. Wiejska 10, 00-902 Warszawa<\/p><p>dotyczy:\u00a0projektu\u00a0ustawy w sprawie ustanowienia 11 lipca Narodowym Dniem Pami\u0119ci M\u0119cze\u0144stwa Kresowian<\/p><p>&nbsp;<\/p><p>Szanowny Panie Prezydencie,<\/p><p>z rado\u015bci\u0105 \u015brodowiska kresowe przyj\u0119\u0142y informacj\u0119 o tym, \u017ce Przewodnicz\u0105cy Komisji \u0141\u0105czno\u015bci z Polakami za Granic\u0105, pose\u0142 PiS,\u00a0 Pan Micha\u0142 Dworczyk, przygotowa\u0142 projekt ustawy, kt\u00f3ra b\u0119dzie czci\u0142a pami\u0119\u0107 pomordowanych Kresowian. Niestety, kiedy poznali\u015bmy brzmienie samego tytu\u0142u tego\u00a0projektu, a tak\u017ce niekt\u00f3re sformu\u0142owania z uzasadnienia,\u00a0 wzbudzi\u0142 on nasz powa\u017cny niepok\u00f3j i sprzeciw.<\/p><p>Na Kresach w latach 1939-1945 mia\u0142o miejsce ludob\u00f3jstwo. Dokonali go na Polakach, a tak\u017ce na obywatelach polskich wywodz\u0105cych si\u0119 z innych kultur etnicznych, np. ormia\u0144skiej, \u017cydowskiej, czeskiej,\u00a0 mordercy z Organizacji Ukrai\u0144skich Nacjonalist\u00f3w i Ukrai\u0144skiej Powsta\u0144czej Armii. To niepodwa\u017calny fakt. Powa\u017cni badacze problematyki kresowej, historycy i prokuratorzy IPN okre\u015blili to jednoznacznie. By\u0142o to ludob\u00f3jstwo. Podlegali mu te\u017c sami Ukrai\u0144cy, kt\u00f3rzy nie zgadzali si\u0119 z ob\u0142\u0119dn\u0105 ideologi\u0105 integralnego nacjonalizmu. Padali ofiarami mord\u00f3w, tak samo, jak Polacy, \u017bydzi, czy Ormianie.<\/p><p>W tej sytuacji, kiedy\u00a0 Pan pose\u0142, Micha\u0142 Dworczyk, z\u0142o\u017cy\u0142 w Sejmie projekt ustawy w sprawie ustanowienia 11 lipca Narodowym Dniem Pami\u0119ci, z nazw\u0105: M\u0119cze\u0144stwa Kresowian, a nie Ludob\u00f3jstwa Kresowian, uznali\u015bmy, \u017ce podwa\u017ca on ustalenia historyk\u00f3w i prokurator\u00f3w IPN. Poj\u0119cie -m\u0119cze\u0144stwa &#8211; ma charakter opisu literackiego. Natomiast w powa\u017cnej ustawie takiego poj\u0119cia nie powinni\u015bmy u\u017cywa\u0107, poniewa\u017c, po pierwsze,\u00a0 nie oddaje ono istoty rzeczy, a po drugie, nie m\u00f3wi ca\u0142ej prawdy. W tytule ustawy powinno si\u0119 znale\u017a\u0107 poj\u0119cie &#8211; ludob\u00f3jstwo, jako termin prawny.<\/p><p>Wedle nas, pe\u0142ne brzmienie nazwy ustawy powinno wygl\u0105da\u0107 nast\u0119puj\u0105co: Ustawa w sprawie ustanowienia 11 Lipca Narodowego Dnia Pami\u0119ci Ofiar Ludob\u00f3jstwa <a class=\"rw_word\" href=\"http:\/\/incontext.pl\/st.js?t=c&amp;c=3186&amp;w=Kresowian&amp;s=5374\" target=\"_blank\" data-cid=\"3186\">Kresowian<\/a> dokonanego przez\u00a0 Organizacj\u0119 Ukrai\u0144skich Nacjonalist\u00f3w i Ukrai\u0144sk\u0105 Powsta\u0144cz\u0105 Armi\u0119. Taka nazwa odda historyczn\u0105 prawd\u0119.\u00a0\u00a0 I tak zredagowany tytu\u0142, ostatecznie spe\u0142ni wieloletnie oczekiwania i nadzieje \u015brodowisk kresowych.<\/p><p>Apelujemy do Pana pos\u0142a Micha\u0142a Dworczyka i do innych pos\u0142\u00f3w oraz senator\u00f3w Najja\u015bniejszej RP, aby okre\u015blaj\u0105c w wyst\u0105pieniach publicznych masowe zbrodnie na <a class=\"rw_word\" href=\"http:\/\/incontext.pl\/st.js?t=c&amp;c=3187&amp;w=Polakach&amp;s=5374\" target=\"_blank\" data-cid=\"3187\">Polakach<\/a> dokonane przez ukrai\u0144skich nacjonalist\u00f3w, u\u017cywali zgodnej z prawd\u0105 terminologii, czyli s\u0142owa: ludob\u00f3jstwo (wg definicji sformu\u0142owanej przez dr. Rafa\u0142a Lemkina).<\/p><p>Projekt przedstawiony przez Pana pos\u0142a M. Dworczyka rozmywa odpowiedzialno\u015b\u0107 za konkretn\u0105 zbrodni\u0119: zaprojektowan\u0105, zorganizowan\u0105 i wykonan\u0105 przez konkretnych zbrodniarzy z OUN i UPA. Chcemy unikn\u0105\u0107 ju\u017c nie raz stosowanej manipulacji, cho\u0107by takiej, jak os\u0142awione sformu\u0142owanie \u201eczystka etniczna o znamionach ludob\u00f3jstwa\u201d.<\/p><p>Widzimy w upublicznionym fragmencie uzasadnienia ustawy ukrywanie istotnych sprawc\u00f3w zbrodni, wspomnianych formacji: OUN i UPA. Ze zbitki j\u0119zykowej w sformu\u0142owaniu: \u201eSzczeg\u00f3lnie dramatycznym pi\u0119tnem w XX wieku odcisn\u0105\u0142 si\u0119(\u2026) totalitaryzm rosyjski, niemiecki oraz integralny nacjonalizm ukrai\u0144ski\u201d, nie wynika, kto na Kresach dokona\u0142 zbrodni ludob\u00f3jstwa. A my wiemy, kto i powtarzamy, Organizacja Ukrai\u0144skich Nacjonalist\u00f3w\u00a0 i Ukrai\u0144ska Powsta\u0144cza Armia. I pragniemy, by ta prawda zosta\u0142a wyra\u017anie wyartyku\u0142owana. Nie mieszajmy porz\u0105dk\u00f3w historycznych i problem\u00f3w dotycz\u0105cych innych kart dziejowych.<\/p><p>Apelujemy do wszystkich Parlamentarzyst\u00f3w, Polityk\u00f3w i Ludzi uczciwych, aby na 73 rocznic\u0119 bestialskiego ludob\u00f3jstwa Polak\u00f3w dokonanego przez banderowc\u00f3w, przyj\u0105\u0107 w\u0142a\u015bciw\u0105 ustaw\u0119, oddaj\u0105c\u0105 w spos\u00f3b prawdziwy i godny cze\u015b\u0107 ponad 200 tysi\u0105com pomordowanym rodakom i ustanowi\u0107 11 lipca Dniem\u00a0Pami\u0119ci\u00a0Ofiar Ludob\u00f3jstwa dokonanego przez OUN-UPA. By\u0142oby wielce wskazane wywieszenie w tym dniu\u00a0 na budynkach administracyjnych\u00a0 bia\u0142o-czerwonych flag z kirem.<\/p><p>Pojednanie polsko-ukrai\u0144skie jest potrzebne,\u00a0 nie mo\u017cemy go jednak\u00a0 budowa\u0107 na fundamencie k\u0142amstwa i fa\u0142szu. Pomostem \u0142\u0105cz\u0105cym nasze narody jest historia Sprawiedliwych Ukrai\u0144c\u00f3w, ludzi honoru i odwagi, kt\u00f3rzy byli mordowani przez banderowc\u00f3w za pomoc <a class=\"rw_word\" href=\"http:\/\/incontext.pl\/st.js?t=c&amp;c=3186&amp;w=udzielan%C4%85&amp;s=5374\" target=\"_blank\" data-cid=\"3186\">udzielan\u0105<\/a> zabijanym Polakom. Szkoda, \u017ce Pan pose\u0142 Micha\u0142 Dworczyk nie podj\u0105\u0142 tego w\u0105tku.\u00a0 Polskie w\u0142adze winne wyrazi\u0107 dla tych bohater\u00f3w podzi\u0119kowanie i szacunek, czego do tej pory ani Polski Rz\u0105d, ani Polski Parlament nie uczyni\u0142y. Jedynie Kresowianie pami\u0119taj\u0105 o tych bohaterach, funduj\u0105c w swych \u015brodowiskach tablice z ich nazwiskami i corocznie wspominaj\u0105c ich czyny przy uroczystych apelach w rocznic\u0119 tego bestialskiego ludob\u00f3jstwa<\/p><p>Kresowian zabijano dwukrotnie, raz banderowskimi siekierami, a drugi raz przez brak pami\u0119ci i fa\u0142szowanie historii. Nie pozw\u00f3lmy, by byli zabijani przez z\u0142\u0105\u00a0 ustaw\u0119 po raz trzeci.\u00a0 Zas\u0142uguj\u0105 bowiem\u00a0 na ca\u0142\u0105 prawd\u0119.<\/p><p>\u0141\u0105czymy wyrazy najwy\u017cszego szacunku<\/p><p>Kresowe Towarzystwo Turystyczno &#8211; Krajoznawcze im. Orl\u0105t Lwowskich w \u0179arach<br \/> Prezes J\u00f3zef Tarniowy<\/p><p>Klub Tarnopolan<br \/> Towarzystwa Mi\u0142o\u015bnik\u00f3w Lwowa i Kres\u00f3w P\u0142d-Wsch.\u00a0 w \u0179arach<br \/> Prezes dr n.med. Krzysztof Kopoci\u0144ski<\/p><p>Patriotyczny Zwi\u0105zek Organizacji Kresowych i Kombatanckich w Warszawie<br \/> Prezes Witold Listowski<br \/> Wiceprezes Tadeusz Nowacki<br \/> Stanis\u0142aw Srokowski<br \/> Wroc\u0142aw<\/p><p>Zwi\u0105zek Polskich \u0179o\u0142nierzy Samoobrony Kres\u00f3w Po\u0142udniowo-Wschodnich<br \/> Izydor Budzyna, Prezes\u00a0 Oddzia\u0142u Wojew\u00f3dzkiego w \u0179arach<\/p><p>Zwi\u0105zek Konfederacji Polski Niepodleg\u0142ej z lat 1979-89<br \/> Prezes Krzysztof Bzdyl<\/p><p>Zwi\u0105zek Szlachty Polskiej Kres\u00f3w Wschodnich<br \/> Wiceprezes Daniel Jan Potocki<\/p><p>Stowarzyszenie \u201eDobro Ojczyzny\u201d<br \/> Racib\u00f3rz<br \/> Prezes J\u00f3zef Sadowski<\/p><p>Stowarzyszenie Obro\u0144c\u00f3w Pami\u0119ci Orl\u0105t Przemyskich w Przemy\u015blu<br \/> Prezes Stanis\u0142aw \u0179\u00f3\u0142kiewicz<\/p><p>Stowarzyszenie Upami\u0119tnienia Ofiar Zbrodni Ukrai\u0144skich Nacjonalist\u00f3w<br \/> Wroc\u0142aw<br \/> Prezes zarz\u0105du Szczepan Siekierka<\/p><p>Dr Andrzej Zapa\u0142owski<br \/> Przemy\u015bl<\/p><p>Patriotyczny Zwi\u0105zek Organizacji Kresowych i Kombatanckich w Warszawie<br \/> Prof. Leszek Jazownik (Zielona G\u00f3ra)<\/p><p>Stowarzyszenie im.Piotra Micha\u0142owskiego<br \/> Przemy\u015bl<br \/> J\u00f3zef K.Kalinowski<\/p><p>Stowarzyszenie Upami\u0119tniania Polak\u00f3w Pomordowanych na Wo\u0142yniu<br \/> Zamo\u015b\u0107<br \/> Przewodnicz\u0105ca Janina Kalinowska<\/p><p>Porozumienie Or\u0142a Bia\u0142ego<br \/> Przewodnicz\u0105cy Wojciech Orawiec<\/p><p>Stowarzyszenie Kresowian Ziemi Dzier\u017coniowskiej<br \/> Prezes Edward Bie\u0144<\/p><p>Stra\u017cnicy Pami\u0119ci Ziemi Zgorzeleckiej<br \/> Prezes Janina S\u0142abicka<\/p><p>Towarzystwo Mi\u0142o\u015bnik\u00f3w Lwowa i Kres\u00f3w Po\u0142udniowo-Wschodnich<br \/> Oddzia\u0142 \u015awidnica<br \/> Prezes Antoni Jadach<\/p><p>Stowarzyszenie Kresowian<br \/> K\u0119dzierzyn-Ko\u017ale<br \/> Prezes Witold Listowski<\/p><p>Warmi\u0144sko-Mazurskie Stowarzyszenie Polskich Dzieci Wojny<br \/> Romuald Drohomirecki<\/p><p>\u015awiatowy Zwi\u0105zek \u0179o\u0142nierzy Armii Krajowej<br \/> Okr\u0119g Zamo\u015b\u0107<br \/> Prezes Stanis\u0142aw \u0179ytecki<\/p><p>Zwi\u0105zek Kombatant\u00f3w RP i By\u0142ych Wi\u0119\u017ani\u00f3w Politycznych w \u0179arach<br \/> Prezes Danuta Freder-Kaczmarczyk<\/p><p>Stowarzyszenie Ruch Kontroli Wybor\u00f3w &#8211; Ruch Kontroli W\u0142adzy<br \/> Oddzia\u0142 Wa\u0142brzych<br \/> Przewodnicz\u0105cy Ryszard Jordan<\/p><p>Stowarzyszenie Rodzin &#8222;Polska Pami\u0119\u0107 i To\u017csamo\u015b\u0107&#8221;<br \/> G\u00f3ra Kalwaria<br \/> Prezes Marcin Gwardys<\/p><p>&#8212;&#8212;&#8212;&#8212;&#8212;&#8212;&#8212;&#8212;&#8212;&#8212;&#8212;&#8212;-<\/p><p>Do wiadomo\u015bci:<\/p><p>1. Prezydent RP<\/p><p>2. Premier RP<\/p><p>3. Marsza\u0142ek RP<\/p><p>4. Przewodnicz\u0105cy Klubu Parlamentarnego PiS<\/p><p>5. Przewodnicz\u0105cy Klubu Parlamentarnego PO<\/p><p>6. Przewodnicz\u0105cy Klubu Parlamentarnego Kukiz&#8217;15<\/p><p>7. Przewodnicz\u0105cy Klubu Parlamentarnego Nowoczesna<\/p><p>8. Przewodnicz\u0105cy Klubu Parlamentarnego PSL<\/p><p>9. Pose\u0142 R.Winnicki<\/p><p>10. Pose\u0142 A.G\u00f3rski<\/p><p>11. Pose\u0142 M.Dworczyk<\/p><p>12. Senator M.Golba<\/p><\/blockquote>","protected":false},"excerpt":{"rendered":"Szereg organizacji kresowian krytykuje kszta\u0142t projektu ustawy o ustanowieniu 11 lipca Dniem M\u0119cze\u0144stwa Kresowian, zaproponowanego przez Prawo i Sprawiedliwo\u015b\u0107.Tre\u015b\u0107 listu upowszechnia ksi\u0105dz Tadeusz Isakowicz-Zaleski. Jak zaznacza &#8222;od 27 lat\u00a0 establishment Trzeciej RP wci\u0105\u017c nie ma odwagi powiedzie\u0107 prawdy o ludob\u00f3jstwie dokonanym na obywatelach Drugiej RP przez zbrodniarzy z Organizacji Ukrai\u0144skich Nacjonalist\u00f3w i Ukrai\u0144skiej Powsta\u0144czej Armii&#8221;. [&hellip;]","protected":false},"author":1,"featured_media":0,"comment_status":"closed","ping_status":"closed","sticky":false,"template":"","format":"standard","meta":{"_acf_changed":false,"_monsterinsights_skip_tracking":false,"_monsterinsights_sitenote_active":false,"_monsterinsights_sitenote_note":"","_monsterinsights_sitenote_category":0,"ngg_post_thumbnail":0,"footnotes":"","_wp_rev_ctl_limit":""},"categories":[215],"tags":[349,98,188],"acf":[],"_links":{"self":[{"href":"https:\/\/www.bibula.com\/index.php?rest_route=\/wp\/v2\/posts\/86039"}],"collection":[{"href":"https:\/\/www.bibula.com\/index.php?rest_route=\/wp\/v2\/posts"}],"about":[{"href":"https:\/\/www.bibula.com\/index.php?rest_route=\/wp\/v2\/types\/post"}],"author":[{"embeddable":true,"href":"https:\/\/www.bibula.com\/index.php?rest_route=\/wp\/v2\/users\/1"}],"replies":[{"embeddable":true,"href":"https:\/\/www.bibula.com\/index.php?rest_route=%2Fwp%2Fv2%2Fcomments&post=86039"}],"version-history":[{"count":0,"href":"https:\/\/www.bibula.com\/index.php?rest_route=\/wp\/v2\/posts\/86039\/revisions"}],"wp:attachment":[{"href":"https:\/\/www.bibula.com\/index.php?rest_route=%2Fwp%2Fv2%2Fmedia&parent=86039"}],"wp:term":[{"taxonomy":"category","embeddable":true,"href":"https:\/\/www.bibula.com\/index.php?rest_route=%2Fwp%2Fv2%2Fcategories&post=86039"},{"taxonomy":"post_tag","embeddable":true,"href":"https:\/\/www.bibula.com\/index.php?rest_route=%2Fwp%2Fv2%2Ftags&post=86039"}],"curies":[{"name":"wp","href":"https:\/\/api.w.org\/{rel}","templated":true}]}}