{"id":86027,"date":"2016-02-24T09:20:01","date_gmt":"2016-02-24T14:20:01","guid":{"rendered":"http:\/\/www.bibula.com\/?p=86027"},"modified":"2016-02-24T09:41:36","modified_gmt":"2016-02-24T14:41:36","slug":"upamietnienie-sedziego-scalii-przeszkadza-czarnoskorym-aktywistom","status":"publish","type":"post","link":"https:\/\/www.bibula.com\/?p=86027","title":{"rendered":"Upami\u0119tnienie s\u0119dziego Scalii przeszkadza czarnosk\u00f3rym aktywistom"},"content":{"rendered":"<p><strong>\u015amier\u0107 konserwatywnego s\u0119dziego ameryka\u0144skiego S\u0105du Najwy\u017cszego, Antonina Scalii wywo\u0142uje liczne komentarze dotycz\u0105ce jego dziedzictwa. Uniwersytet Georgetown, kt\u00f3rego absolwentem by\u0142 prawnik, zdecydowa\u0142 si\u0119 na uroczyste upami\u0119tnienie s\u0119dziego. Decyzja ta wywo\u0142a\u0142a o\u017cywion\u0105 i emocjonaln\u0105 dyskusj\u0119 w\u015br\u00f3d spo\u0142eczno\u015bci tamtej uczelni. W\u0142\u0105czy\u0142a si\u0119 w ni\u0105 organizacja czarnosk\u00f3rych student\u00f3w. <br \/> <\/strong><\/p><p>Decyzja o upami\u0119tnieniu Antonina Scalii przez Uniwersytet Georgetown nie spodoba\u0142a si\u0119 dw\u00f3m profesorom. Jeden z nich okre\u015bli\u0142 w e-mailu s\u0119dziego mianem \u201eobro\u0144cy przywilej\u00f3w, opresji i bigoterii\u201d. Pracownicy sprowokowali w ten spos\u00f3b odpowied\u017a dw\u00f3ch innych wyk\u0142adowc\u00f3w &#8211; r\u00f3wnie\u017c mailow\u0105. Napisali oni, \u017ce \u015bmier\u0107 s\u0119dziego stanowi\u0142a dla nich osobisty cios. Przy okazji zwr\u00f3cili uwag\u0119 na problem, jaki stanowi \u201ebrak intelektualnej r\u00f3\u017cnorodno\u015bci w\u015br\u00f3d akademik\u00f3w\u201d oraz \u201eg\u0142\u0119boka nietolerancja dla pogl\u0105d\u00f3w odbiegaj\u0105cych od liberalnej ortodoksji\u201d.<\/p><p>W\u00f3wczas do dyskusji w\u0142\u0105czy\u0142a si\u0119 murzy\u0144ska organizacja Black Law Students Association at Georgetown. Swoje stanowisko wyrazi\u0142a w li\u015bcie otwartym do wyk\u0142adowc\u00f3w i student\u00f3w prawa. Po z\u0142o\u017ceniu kondolencji jego autorzy zacz\u0119li ubolewa\u0107 nad rzekomo powszechnym zjawiskiem&#8230; rasizmu na uniwersytecie.<\/p><p>\u201eWielu czarnosk\u00f3rych student\u00f3w r\u00f3wnie\u017c jest <em>dotkni\u0119tych przez traum\u0119, zranionych, wstrz\u0105\u015bni\u0119tych i w\u015bciek\u0142ych<\/em> za ka\u017cdym razem, gdy mikro-agresja (\u2026) profesora lub studenta jest lekcewa\u017cona dop\u00f3ki nie stanie si\u0119 bardziej systematyczna. Wielu czarnych student\u00f3w jest r\u00f3wnie\u017c <em>dotkni\u0119tych przez traum\u0119, zranionych, wstrz\u0105\u015bni\u0119tych i w\u015bciek\u0142ych<\/em>, gdy stale op\u00f3\u017ania si\u0119 prawdziwy post\u0119p zinstytucjonalizowanego antyrasizmu oraz administracyjnej r\u00f3wno\u015bci i dost\u0119pno\u015bci\u201d.<\/p><p>Organizacja negatywnie oceni\u0142a wypowied\u017a Antonina Scalii sprzed p\u00f3\u0142 roku. S\u0119dzia skrytykowa\u0142 w\u00f3wczas polityk\u0119 masowego przyjmowania czarnosk\u00f3rych na najlepsze uniwersytety, gdy\u017c &#8211; jak zauwa\u017ca\u0142 &#8211; tempo nauki jest dla cz\u0119\u015bci z nich zbyt szybkie. Zdaniem Scalii szko\u0142y te powinny by\u0107 dost\u0119pne, ale dla kompetentnych student\u00f3w.<\/p><p>Murzy\u0144scy aktywi\u015bci wzywaj\u0105 do tego, by decyzj\u0119 dotycz\u0105c\u0105 \u017ca\u0142oby pozostawi\u0107 indywidualnemu os\u0105dowi. Twierdz\u0105, \u017ce zamiast pogr\u0105\u017ca\u0107 si\u0119 w \u017ca\u0142obie nale\u017cy uhonorowa\u0107 \u201epostaci historyczne wszystkich ras, narodowo\u015bci i ideologii politycznych walcz\u0105cych w prawdziwej solidarno\u015bci, by\u015bmy mogli studiowa\u0107 prawo w niepoddanych segregacji rasowej i zr\u00f3\u017cnicowanych klasach\u201d. Zapowiadaj\u0105 intensywn\u0105 nauk\u0119, by w przysz\u0142o\u015bci doj\u015b\u0107 do wysokich stanowisk i \u201eu\u017cy\u0107 prawa do walki o post\u0119p\u201d.<\/p><p>Antonin Scalia zmar\u0142 13 lutego 2016 r. Po jego \u015bmierci pojawia\u0142y si\u0119 <a href=\"http:\/\/www.pch24.pl\/czy-sedzia-antonin-scalia-umarl-z-przyczyn-naturalnych--watpliwosci-coraz-wiecej,41274,i.html\">spekulacje<\/a> na temat ewentualnego zab\u00f3jstwa. S\u0119dzia broni\u0142 tradycyjnej interpretacji Konstytucji; sprzeciwia\u0142 si\u0119 tak\u017ce aborcji i zwi\u0105zkom homoseksualnym. Jego \u015bmier\u0107 grozi zmian\u0105 uk\u0142adu si\u0142 w ameryka\u0144skim S\u0105dzie Najwy\u017cszym na korzy\u015b\u0107 libera\u0142\u00f3w.<\/p><p>\u0179r\u00f3d\u0142o: washingtonpost.com<\/p><p>mjend<\/p><p class=\"zrodlo\">Za: <a href=\"http:\/\/www.pch24.pl\/upamietnienie-sedziego-scalii-przeszkadza-czarnoskorym-aktywistom,41412,i.html\">PoloniaChristiana &#8211; pch24.pl (2016-02-24)<\/a><\/p><blockquote><p><strong>Wybrane wpisy Internaut\u00f3w pod w\/w tekstem na stronie \u017ar\u00f3d\u0142owej:<\/strong><\/p><p><em>goliath<\/em><br \/> Najwi\u0119kszymi rasistami s\u0105 murzyni i to jest fakt. Wsz\u0119dzie widz\u0105 przejawy rasizmu i to jest ich wrodzona choroba z kt\u00f3rej nie wylecz\u0105 si\u0119 nigdy. Zawsze to powtarza\u0142em i b\u0119d\u0119 powtarza\u0142: spo\u0142ecze\u0144stwo jednolite rasowo zawsze b\u0119dzie spo\u0142ecze\u0144stwem stabilniejszym i bezpieczniejszym ni\u017c wielorasowy koktajl. Mam nadziej\u0119 \u017ce moderator nie ugnie si\u0119 pod presj\u0105 politycznej poprawno\u015bci i zamie\u015bci m\u00f3j wpis&#8230;<\/p><\/blockquote><h4>\u00a0<\/h4><hr style=\"background-color: #000000; border-width: 0; color: #000000; height: 2px; line-height: 0; text-align: center; width: 100%;\" \/><h4>\u00a0<\/h4>","protected":false},"excerpt":{"rendered":"\u015amier\u0107 konserwatywnego s\u0119dziego ameryka\u0144skiego S\u0105du Najwy\u017cszego, Antonina Scalii wywo\u0142uje liczne komentarze dotycz\u0105ce jego dziedzictwa. Uniwersytet Georgetown, kt\u00f3rego absolwentem by\u0142 prawnik, zdecydowa\u0142 si\u0119 na uroczyste upami\u0119tnienie s\u0119dziego. Decyzja ta wywo\u0142a\u0142a o\u017cywion\u0105 i emocjonaln\u0105 dyskusj\u0119 w\u015br\u00f3d spo\u0142eczno\u015bci tamtej uczelni. W\u0142\u0105czy\u0142a si\u0119 w ni\u0105 organizacja czarnosk\u00f3rych student\u00f3w. Decyzja o upami\u0119tnieniu Antonina Scalii przez Uniwersytet Georgetown nie spodoba\u0142a si\u0119 [&hellip;]","protected":false},"author":1,"featured_media":0,"comment_status":"closed","ping_status":"closed","sticky":false,"template":"","format":"standard","meta":{"_acf_changed":false,"_monsterinsights_skip_tracking":false,"ngg_post_thumbnail":0,"footnotes":"","_wp_rev_ctl_limit":""},"categories":[7],"tags":[31,221],"acf":[],"_links":{"self":[{"href":"https:\/\/www.bibula.com\/index.php?rest_route=\/wp\/v2\/posts\/86027"}],"collection":[{"href":"https:\/\/www.bibula.com\/index.php?rest_route=\/wp\/v2\/posts"}],"about":[{"href":"https:\/\/www.bibula.com\/index.php?rest_route=\/wp\/v2\/types\/post"}],"author":[{"embeddable":true,"href":"https:\/\/www.bibula.com\/index.php?rest_route=\/wp\/v2\/users\/1"}],"replies":[{"embeddable":true,"href":"https:\/\/www.bibula.com\/index.php?rest_route=%2Fwp%2Fv2%2Fcomments&post=86027"}],"version-history":[{"count":0,"href":"https:\/\/www.bibula.com\/index.php?rest_route=\/wp\/v2\/posts\/86027\/revisions"}],"wp:attachment":[{"href":"https:\/\/www.bibula.com\/index.php?rest_route=%2Fwp%2Fv2%2Fmedia&parent=86027"}],"wp:term":[{"taxonomy":"category","embeddable":true,"href":"https:\/\/www.bibula.com\/index.php?rest_route=%2Fwp%2Fv2%2Fcategories&post=86027"},{"taxonomy":"post_tag","embeddable":true,"href":"https:\/\/www.bibula.com\/index.php?rest_route=%2Fwp%2Fv2%2Ftags&post=86027"}],"curies":[{"name":"wp","href":"https:\/\/api.w.org\/{rel}","templated":true}]}}