{"id":86009,"date":"2016-02-23T11:53:14","date_gmt":"2016-02-23T16:53:14","guid":{"rendered":"http:\/\/www.bibula.com\/?p=86009"},"modified":"2016-02-25T15:03:13","modified_gmt":"2016-02-25T20:03:13","slug":"to-wszystko-jest-nienormalne-jerzy-robert-nowak","status":"publish","type":"post","link":"https:\/\/www.bibula.com\/?p=86009","title":{"rendered":"To wszystko jest nienormalne &#8211; <em>Jerzy Robert Nowak<\/em>"},"content":{"rendered":"<h4>To wszystko jest nienormalne (I)<\/h4><p>Tekstem tym otwieram cykl, kt\u00f3ry chcia\u0142bym uczyni\u0107 jednym ze sta\u0142ych sk\u0142adnik\u00f3w mego blogu. B\u0119dzie on zawiera\u0142 teksty wyra\u017caj\u0105ce m\u00f3j szczeg\u00f3lny krytycyzm wobec pewnych dziwnych element\u00f3w aktualnej sytuacji, przede wszystkim aroganckich dzia\u0142a\u0144 lewak\u00f3w i leming\u00f3w. Nie b\u0119d\u0119 ukrywa\u0142 jednak r\u00f3wnie\u017c swego krytycznego, subiektywnego tonu nawet i wobec budz\u0105cych moje zdziwienie niekt\u00f3rych zachowa\u0144 polityk\u00f3w i publicyst\u00f3w prawicowych. W tym ostatnim przypadku b\u0119d\u0119 jednak liczy\u0142 na rzetelne polemiki, oparte na norwidowskiej zasadzie \u201er\u00f3\u017cnienia si\u0119 pi\u0119knie\u201d.<br \/> <br \/> <b>Obro\u0144cy Wa\u0142\u0119sy, k\u0142ami\u0105c, id\u0105 w zaparte<\/b><br \/> <br \/> <b><\/b><b> <\/b>Przed kilku dziesi\u0119cioleciami mieli\u015bmy niezwykle twardy komunistyczny beton, z takimi tuzami jak K\u0119pa, Kocio\u0142ek, genera\u0142 Milewski, genera\u0142 Bary\u0142a czy genera\u0142 Oliwa. Dzi\u015b jednak mamy zn\u00f3w beton, chyba r\u00f3wnie twardy jak tamten, tyle, \u017ce spo\u015br\u00f3d dawnej opozycji laickiej, r\u00f3\u017cnych michnikowc\u00f3w oraz katolewicy. \u0179adna prawda nie przebije si\u0119 przez ich stwardnia\u0142e od k\u0142amstw m\u00f3zgi, nic im ju\u017c nie pomo\u017ce. Ca\u0142a czereda k\u0142amc\u00f3w staje w obronie Wa\u0142\u0119sy w strachu przed ca\u0142kowitym obna\u017ceniem zdrady Okr\u0105g\u0142ego Sto\u0142u. Przecie\u017c teraz wida\u0107 jak na d\u0142oni, \u017ce ca\u0142a prezydentura Wa\u0142\u0119sy, z jego upartym wspieraniem \u201elewej nogi\u201d, odbywa\u0142a si\u0119 pod dyktando papier\u00f3w przechowywanych u Kiszczaka.<br \/> <br \/> \u00a0<b>Osobi\u015bcie uwa\u017cam, \u017ce najwa\u017cniejsze w ca\u0142ej sprawie nie s\u0105 wcale rozliczne donosy L. Wa\u0142\u0119sy z lat 1970-1976, lecz to, jak odbi\u0142y si\u0119 one na skutek szanta\u017c\u00f3w Kiszczaka na ca\u0142ej jego tak katastrofalnej prezydenturze. Przecie\u017c bez tych szanta\u017cy trudno by\u0142oby sobie wyobrazi\u0107 ca\u0142\u0105 tak anormaln\u0105 metamorfoz\u0119 Wa\u0142\u0119sy po 1990 r.<\/b> To, \u017ce by\u0142y lider antykomunistycznej &#8222;Solidarno\u015bci\u201d w najwi\u0119kszym stopniu przyczyni\u0142 si\u0119 do ca\u0142kowitego zahamowania lustracji i dekomunizacji w Polsce, konsekwentnie wspieraj\u0105c \u201elew\u0105 nog\u0119\u201d. I to pomimo faktu, \u017ce ca\u0142y pierwszy akapit swego prezydenckiego programu wyborczego z 1990 r. po\u015bwi\u0119ci\u0142 opisowi jak to b\u0119dzie twardo rozlicza\u0107 niesprawiedliwo\u015bci PRL-u. Tylko strachem przed szanta\u017cem mo\u017cna wyt\u0142umaczy\u0107 jak\u017ce zajad\u0142y up\u00f3r Wa\u0142\u0119sy w imi\u0119 umo\u017cliwienia Rosjanom pozostania w bazach po wyj\u015bciu wojsk, co zapewni\u0142oby stworzenie tam sieci rosyjskiej agentury. Jak\u017ce znamienne by\u0142y niedawne stwierdzenia Marka Markiewicza, pierwszego przewodnicz\u0105cego Krajowej Rady Radiofonii i Telewizji, powo\u0142anego do KRRiT w\u0142a\u015bnie przez Wa\u0142\u0119s\u0119. W wypowiedzi dla TVP Info 21 lutego 2016 r. Markiewicz przypomnia\u0142, \u017ce Wa\u0142\u0119sa rozwi\u0105za\u0142 Sejm akurat na 10 dni przed zako\u0144czeniem prac sejmowej komisji specjalnej, kt\u00f3ra mia\u0142a uchwali\u0107 postawienie Kiszczaka i Jaruzelskiego przed s\u0105dem za wprowadzenie stanu wojennego. Jaki jest dow\u00f3d na to, \u017ce wspomniana decyzja o rozwi\u0105zaniu Sejmu przez Wa\u0142\u0119s\u0119 nie zosta\u0142a podj\u0119ta w strachu przed gro\u017ab\u0105 ujawnienia materia\u0142\u00f3w z szafy Kiszczaka? Czy to nie ten paniczny strach przed ujawnieniem teczek z donosami nie sta\u0142 si\u0119 g\u0142\u00f3wn\u0105 inspiracj\u0105 polityki kundlizmu w stosunkach z Niemcami, Rosj\u0105, USA i Izraelem, prowadzonej przez Wa\u0142\u0119s\u0119 i tak wspieranego przez niego innego agenta &#8211; ministra spraw zagranicznych Krzysztofa Skubiszewskiego. Jak\u017ce pouczaj\u0105cy jest zapis ze spotkania z Wa\u0142\u0119s\u0105 w pami\u0119tnikach prezydenta Rosji Borysa Jelcyna. Prezydent Jelcyn wspomina\u0142 jak po\u0142o\u017cy\u0142 przed Wa\u0142\u0119sa na stole wielk\u0105 stert\u0119 dokument\u00f3w i powiedzia\u0142: \u201eTu jest wszystko o \u201eSolidarno\u015bci\u201d. Co sta\u0142o si\u0119 dalej Jelcyn skomentowa\u0142 tylko dwoma s\u0142owami \u201eWa\u0142\u0119sa poblad\u0142\u201d. Osobny temat, to niezwykle szkodliwa rola Wa\u0142\u0119sy we wspieraniu grabi\u0105cego Polsk\u0119 na rzecz Zachodu tak niszcz\u0105cego Planu Sorosa- Sachsa &#8211; Balcerowicza.<br \/> <br \/> Dzi\u015b prawdziwie j\u0119ki wydaje z siebie Jaros\u0142aw Wa\u0142\u0119sa, by zanegowa\u0107 dawne \u015bwi\u0144stwa ojca. Wie, \u017ce nagle ko\u0144czy si\u0119 \u015bwiat jego kariery, opartej wy\u0142\u0105cznie na nimbie Lecha. Kt\u00f3\u017c zechce go znowu wybra\u0107 do parlamentu po rewelacjach odkrytych w szufladzie Kiszczaka?. Szkoda, \u017ce nie ma zwyczaju odwo\u0142ywania pos\u0142\u00f3w, bo niedawni wyborcy pewno polecieliby t\u0142umnie, aby odwo\u0142a\u0107 jegomo\u015bcia, kt\u00f3ry przy braku jakichkolwiek talent\u00f3w, dosta\u0142 si\u0119 nawet do europarlamentu dzi\u0119ki zafa\u0142szowanej legendzie jego ojca. Wyobra\u017cam sobie jakie sm\u0119tne dni prze\u017cywa teraz Andrzej Wajda. Biedaczyna nafa\u0142szowa\u0142 si\u0119 tak pracowicie, aby wykreowa\u0107 panegiryczny obraz Wa\u0142\u0119sy. A tu nagle wszystko p\u0119k\u0142o &#8211; dzi\u0119ki Kiszczakowi. Warto by\u0142oby sobie przypomnie\u0107 te\u017c nazwisko tego idioty &#8211; polityka PO, kt\u00f3ry przes\u0105dzi\u0142 o nazwaniu lotniska w Gda\u0144sku na cze\u015b\u0107 Lecha Wa\u0142\u0119sy &#8211; za jego \u017cycia. Mo\u017ce powinien ponie\u015b\u0107 personalnie koszty zmiany tej nazwy, po odkryciu ca\u0142ej prawdy o dokonaniach Lecha W. My\u015bl\u0119 te\u017c, \u017ce przychodzi najwy\u017cszy czas na to, by postawi\u0107 zarzuty prokuratorskie takiemu szkodnikowi jak b. szef IPN-u Leon Kieres, kt\u00f3ry niegdy\u015b bezprawnie przyzna\u0142 status poszkodowanego Lechowi Wa\u0142\u0119sie wbrew tylu znanym ju\u017c w\u00f3wczas \u015bwiadectwo jego donosicielstwa. Kieres dobrze wiedzia\u0142, \u017ce \u0142amie prawo w tej sprawie. W rozmowie z Mari\u0105 Sterlingow 26 sierpnia 2005 r. Kieres powiedzia\u0142 na temat swej tak szokuj\u0105cej decyzji przyznania statusu poszkodowanego L. Wa\u0142\u0119sie: \u201eA je\u017celi za Lecha Wa\u0142\u0119s\u0119 b\u0119dzie trzeba i\u015b\u0107 do wi\u0119zienia, to p\u00f3jd\u0119. Ja jestem profesorem prawa; pewnie, \u017ce boj\u0119 si\u0119 prokuratora i wi\u0119zienia, ale dla mnie jest to kwestia warto\u015bci\u201d. S\u0142owo si\u0119 rzek\u0142o, koby\u0142ka u p\u0142otu. Zobaczymy jak Kieres zareaguje teraz na jak\u017ce s\u0142uszne zarzuty prokuratorskie!<br \/> \u00a0<br \/> Samego Wa\u0142\u0119s\u0119, tak jak kluczy dzisiaj, pr\u00f3buj\u0105c rozpaczliwie si\u0119 broni\u0107 i ci\u0105gle zmieniaj\u0105c lini\u0119 obrony, trudno traktowa\u0107 serio. Przecie\u017c ten cz\u0142owiek ma na swoim koncie niebywa\u0142\u0105 ilo\u015b\u0107 ogromnych bzdur, z kt\u00f3rych ko\u0144 by si\u0119 u\u015bmia\u0142. By przypomnie\u0107 cho\u0107by jego wysuni\u0119t\u0105 we wrze\u015bniu 2013 r w rozmowie z rosyjsk\u0105 agencj\u0105 prasow\u0105 ITAR-TASS. propozycj\u0119 po\u0142\u0105czenia Polski z Niemcami w jedno pa\u0144stwo \u201eEuropa\u201d. Czy niedawne stwierdzenie Wa\u0142\u0119sy, \u017ce jego prezydentura b\u0119dzie oceniana jako najlepsza w ca\u0142ym pi\u0119\u0107setleciu Polski! Czy ten cz\u0142owiek jest normalny? A mo\u017ce mu ju\u017c zupe\u0142nie wypra\u0142y m\u00f3zg pochlebstwa r\u00f3\u017cnych lizus\u00f3w.<br \/> <br \/> <br \/> <b>Waszczykowski, Schnepf i antypolski szef ukrai\u0144skiego IPN-u<\/b><br \/> <br \/> Coraz wi\u0119cej krytyk budz\u0105 dzia\u0142ania, czy raczej brak dzia\u0142a\u0144 ministra W. Waszczykowskiego. Widoczna jest ogromna dysproporcja mi\u0119dzy niepohamowanym gadulstwem tego ministra (\u0142\u0105cznie z jego brechtami o wegetarianach i cyklistach), a ogromn\u0105 inercj\u0105 w oczyszczaniu dyplomatycznej stajni Augiasza. Trzeba powiedzie\u0107 wprost -Waszczykowski kompromituje si\u0119 coraz bardziej z ka\u017cdym dalszym dniem utrzymywania na stanowisku w Waszyngtonie najwi\u0119kszego szkodnika Ryszarda Schnepfa, nie m\u00f3wi\u0105c o licznych innych ambasadorach- paso\u017cytach. Kamila Baranowska, \u015bwietnie podsumowuj\u0105c bilans dokona\u0144 rz\u0105du B. Szyd\u0142o w najnowszym numerze \u201ew Sieci\u201d, stwierdzi\u0142a bez ogr\u00f3dek: \u201eWaszczykowski to jeden z najgorzej ocenianych ministr\u00f3w- zar\u00f3wno we w\u0142asnym obozie, jak i w gronie komentator\u00f3w, a tak\u017ce polityk\u00f3w opozycji (\u2026)\u201d. (Por. K. Baranowska: Na kogo mo\u017ce liczy\u0107 Szyd\u0142o, \u201ew Sieci\u201d 15 lutego 2016 ).<br \/> <br \/> \u00a0Szczeg\u00f3lnie zaskakuje totalna bierno\u015b\u0107 ministra W. Waszczykowskiego wobec \u015bwie\u017cego skandalu wywo\u0142anego antypolskim zachowaniem szefa ukrai\u0144skiego IPN-u Wo\u0142odymyra Wiatrowicza, wielkiego wielbiciela S. Bandery. O co posz\u0142o ? Wed\u0142ug \u201eRzeczpospolitej\u201d z 16 lutego, akurat w tym dniu mia\u0142y si\u0119 odby\u0107 w Starokonstantynowie (obw\u00f3d chmielnicki na Ukrainie) uroczysto\u015bci upami\u0119tniaj\u0105ce dw\u00f3ch polskich cichociemnych pochodz\u0105cych z Wolynia: L. Zub &#8211; Zdanowicza i W. Kopisto. W ods\u0142oni\u0119ciu tablicy na ich cze\u015b\u0107 mieli uczestniczy\u0107 m.in.: wiceminister obrony narodowej Bartosz Kownacki i pose\u0142 PiS Micha\u0142 Dworczyk, przewodnicz\u0105cy sejmowej Komisji \u0141\u0105czno\u015bci z Polakami za Granic\u0105. Inicjatorami upami\u0119tnienia polskich \u017co\u0142nierzy by\u0142y dwie polskie organizacje: Starokonstantynowski Zwi\u0105zek Polak\u00f3w i Winnickie Stowarzyszenie Kresowe. Plan uroczysto\u015bci zosta\u0142 poparty z entuzjazmem przez ukrai\u0144skie w\u0142adze Staroikonstantynowa. W ostatniej chwili uroczysto\u015bci zosta\u0142y jednak zablokowane przez wspomnianego szefa ukrai\u0144skiego IPN-u W. Wiatrowicza,, znanego z zajad\u0142ej wrogo\u015bci wobec Polak\u00f3w. Jak pisa\u0142a &#8222;Rzeczpospolita&#8221; Wiatrowicz wymusi\u0142 na merze odwo\u0142anie uroczysto\u015bci, argumentuj\u0105c, \u017ce Armia Krajowa mordowa\u0142a Ukrai\u0144c\u00f3w. Oburzony zachowaniem Wiatrowycza mer Starokonstantynowa nazwa\u0142 go agentem Kremla. Pose\u0142 PiS-u Micha\u0142 Dworczak, szef sejmowej Komisji \u0141\u0105czno\u015bci z Polakami za Granic\u0105 skomentowa\u0142 wydarzenie s\u0142owami, \u017ce szef ukrai\u0144skiego IPN-u od dawna \u201eantagonizuje Polak\u00f3w i Ukrai\u0144c\u00f3w, co prowadzi do budowy napi\u0119cia miedzy oboma krajami\u201d. Nieprzypadkowo w wydawnictwie edukacyjnym ukrai\u0144skiego IPN-u w\u015br\u00f3d wrog\u00f3w Ukrainy\u201d umieszczono \u201ekotwic\u0119\u201d Polski Walcz\u0105cej obok swastyki i czerwonej gwiazdy.(Wg. tekstu Gadaj\u0105cego Grzyba: \u201eCichociemni\u201d uwieraj\u0105 Ukrain\u0119, \u201eWarszawska Gazeta&#8221; 19 lutego 2016 r.). R\u00f3wnie\u017c ukrai\u0144scy historycy uwa\u017caj\u0105, \u017ce szef ukrai\u0144skiego IPN prowadzi dzia\u0142ania przeciwko Polsce. Ukrai\u0144ski historyk Wasyl Rusewicz stwierdzi\u0142 w rozmowie z \u201eRzeczpospolit\u0105\u201d 16 lutego 2016.: \u201eWiatrowicz prowadzi walk\u0119 przeciwko Polakom. To jest jasne, wystarczy popatrze\u0107 na to, co robi.. Ka\u017cde jego dzia\u0142anie i pomys\u0142y s\u0105 nastawione przeciwko Polsce. Nie uznaje rzezi na Wo\u0142yniu, czystek etnicznych. On chce, aby polityka historyczna Ukrainy opiera\u0142a si\u0119 na kulcie UPA i Stepana Bandery. A to jest historyczne k\u0142amstwo\u201d.\u00a0 <br \/> Polak\u00f3w spotka\u0142 wielki afront. A co w tej sprawie zrobi\u0142o MSZ Waszczykowskiego ? Absolutnie nic! I jest to kolejnym skandalem po dzia\u0142aniach W. Wiatrowycza,.<br \/> <br \/> W moim tek\u015bcie na blogu z 31 stycznia 2016 r. o dokonaniach i zaniechaniach polskiej polityki w ostatnim okresie pisa\u0142em m.in.: \u201e<b>Chowanie g\u0142owy w piasek przez ministra W. Waszczykowskiego wobec nieuczciwego podej\u015bcia polityk\u00f3w ukrai\u0144skich do sprawy rozliczania ukrai\u0144skiego ludob\u00f3jstwa na Kresach w dobie wojny.<\/b> Do\u015b\u0107 dziwacznie zabrzmia\u0142o sformu\u0142owanie ministra Waszczykowskiego: \u201eWspieramy naszych ukrai\u0144skich partner\u00f3w (\u2026) w rozliczaniu trudnych bolesnych kwestii historycznych\u201d. Gdzie Pan Minister widzi jak\u0105kolwiek sk\u0142onno\u015b\u0107 \u201enaszych ukrai\u0144skich partner\u00f3w\u201d do \u201erozliczania trudnych bolesnych kwestii historycznych\u201d? A przede wszystkim ludob\u00f3jstwa pope\u0142nionego na Polakach w czasie wojny na Wo\u0142yniu i w Ma\u0142opolsce Wschodniej. Jest akurat odwrotnie. Obecni politycy rz\u0105dz\u0105cy na Ukrainie nie tylko nie rozliczaj\u0105 tych bolesnych spraw, lecz je wybielaj\u0105 kosztem Polski. Czy mam przypomina\u0107 rol\u0119 szefa ukrai\u0144skiego IPN-u Wo\u0142odymyra Wiatrowicza, probanderowskiego historyka, promuj\u0105cego Bander\u0119 jako \u201eBohatera Ukrainy\u201d. (\u2026)\u201d. Jak wida\u0107 minister Waszczykowski dalej nic nie uczy si\u0119 z uzasadnionych krytyk jego polityki, wobec Ukrainy, podobnie jak z krytyk jego tak pora\u017caj\u0105cej bierno\u015bci w sprawie Schnepfa i innych ambasador\u00f3w &#8211; szkodnik\u00f3w. Czy rz\u0105d nie powinien wyci\u0105gn\u0105\u0107 z tego wniosk\u00f3w? <br \/> <br \/> <b>Skompromitowany szef NIK-u zamiast zrezygnowa\u0107, przyzna\u0142 sobie wielka nagrod\u0119<\/b><br \/> <br \/> W zesz\u0142ym roku zarzucono prezesowi NIK-u Krzysztofowi Kwiatkowskiemu, \u017ce wraz z by\u0142ym prezesem klubu PSL Janem Burym mieli ustawia\u0107 konkursy i obsadza\u0107 znajomymi stanowiska w NIK-u. Jak pisano na ten temat w \u201eSuperExpressie\u201d z 18 lutego 2016: \u201eWed\u0142ug katowickiej prokuratury Kwiatkowski przekroczy\u0142 swoje uprawnienia, za co gro\u017c\u0105 mu 3 lata pozbawienia wolno\u015bci:\u201d,. Ju\u017c pod koniec sierpnia 2015 r. prokurator generalny Andrzej Seretem skierowa\u0142 do Sejmu wniosek katowickiej prokuratury o uchylenie Kwiatkowskiemu. immunitetu posiadanego jako szef NIK-u. Sam Kwiatkowski wyst\u0105pi\u0142 w sierpniu 2015 r. do marsza\u0142ka Sejmu o uchylenie mu immunitetu i przekaza\u0142 nadz\u00f3r nad wszystkimi kontrolami i jednostkami organizacyjnymi swoim zast\u0119pcom. Od tego czasu min\u0119\u0142o p\u00f3\u0142 roku, przysz\u0142a nowa w\u0142adza, a Kwiatkowski dalej jak gdyby nic si\u0119 nie sta\u0142o, pozostaje prezesem NIK-u. Co wi\u0119cej ostatnio wyp\u0142aci\u0142 sobie 40 000 tysi\u0119cy nagrody, a jego zast\u0119pcy dostali jeszcze wi\u0119cej, bo po 55-60 tys. z\u0142. (Wg. wspomnianego \u201eSuperExpressu\u201d z 19 lutego 2016 r.). Czy to wszystko jest normalne?<\/p><p><strong><em>\u00a0Jerzy Robert Nowak<\/em> <\/strong><\/p><p class=\"zrodlo\">Za: <a href=\"http:\/\/jerzyrnowak.blogspot.com\/2016\/02\/to-wszystko-jest-nie-normalne-i.html\"> Jerzy Robert Nowak &#8211; oficjalny blog (22 lutego 2016)<\/a><\/p><h4>\u00a0<\/h4><hr style=\"background-color: #000000; border-width: 0; color: #000000; height: 2px; line-height: 0; text-align: center; width: 100%;\" \/><h4>\u00a0<\/h4><h4 class=\"post-title entry-title\">To wszystko jest nienormalne &#8211; II<\/h4><div class=\"post-header\"><b>Totalna kompromitacja D. Tuska<\/b><div id=\"post-body-2211589439021850797\" class=\"post-body entry-content\"><p>Donald Tusk niew\u0105tpliwie zas\u0142u\u017cy\u0142 sobie na miano jednego z najwi\u0119kszych szkodnik\u00f3w Polski po 1989 r. Niewolniczo wys\u0142ugiwa\u0142 si\u0119 niemieckiej kanclerz Angeli Merkel, przez tyle lat rz\u0105d\u00f3w PO blokuj\u0105c jakiekolwiek mo\u017cliwo\u015bci reform. Zadecydowa\u0142a o tym prawdziwie dominuj\u0105ca cecha jego charakteru &#8211; lenia i sybaryty, Kiedy\u015b nie ukrywa\u0142 nawet tego typu sk\u0142onno\u015bci u siebie, m\u00f3wi\u0105c w wywiadzie w 1991 r. : \u201eBardzo ceni\u0119 sobie luz (\u2026) Tak w og\u00f3le to lubi\u0119 poleniuchowa\u0107 (\u2026) Na przyk\u0142ad lubi\u0119 le\u017ce\u0107 w \u0142\u00f3\u017cku i patrze\u0107 bezmy\u015blnie w sufit\u201d. W styczniu 1997 szczerze wyzna\u0142 w wywiadzie dla \u201eG\u0142osu Wybrze\u017ca\u201d, pytany z jakiego powodu najcz\u0119\u015bciej gryzie go sumienie: \u201e Z powodu lenistwa\u201d. Jeszcze w 2000 r., wype\u0142niaj\u0105c s\u0142ynn\u0105 ankiet\u0119 Prousta, Tusk wymieni\u0142 jako swe ulubione zaj\u0119cie \u201epowolne zasypianie u fryzjera\u201d. (Por., szerzej : J. R. Nowak: \u201ePlatforma Ob\u0142udnik\u00f3w&#8221;, Warszawa 2009,ss.12-13 ). Zanim zosta\u0142 premierem, przez ca\u0142e lata zamiast przyk\u0142adania si\u0119 do pracy , wola\u0142 zanurza\u0107 si\u0119 w d\u0142ugie wyrzekania na los. Jak to niezwykle szczerze oceni\u0142a \u017cona Tuska w wywiadzie dla &#8222;Tygodnika Solidarno\u015b\u0107\u201d z 17 kwietnia 1992 r.: \u201eOn bywa mendowaty. Chodzi i mendzi\u201d<\/p><p>Bardzo nie lubi\u0119 Stanis\u0142awa Janeckiego, zbyt dobrze pami\u0119taj\u0105c o jego dawniejszych licznych artyku\u0142ach, atakuj\u0105cych Ko\u015bci\u00f3\u0142, polsk\u0105 histori\u0119 i Polak\u00f3w (vide np. napisany wraz z S. J. Macem obrzydliwy tekst na temat stosunk\u00f3w polsko-\u017cydowskich \u201ePrzepraszamy i prosimy o przebaczenie\u201d.) Niezale\u017cnie od tego musz\u0119 uzna\u0107, \u017ce \u015bwie\u017co (15 lutego) opublikowa\u0142 w tygodniku \u201ew Sieci\u201d prawdziwie odkrywczy tekst na temat totalnego upadku Tuska jako przewodnicz\u0105cego Rady Europejskiej, czy jak g\u0142osi jego \u017cona \u201ekr\u00f3la Europy\u201d. Wed\u0142ug tekstu Janeckiego \u201eKoniec Europy\u201d: Tusk po roku urz\u0119dowania nie ma \u017cadnych szans na wyb\u00f3r na drug\u0105 kadencj\u0119, bo \u201enie chce Tuska ju\u017c \u017caden z szef\u00f3w o\u015bmiu frakcji dzia\u0142aj\u0105cych w Parlamencie Europejskim, co mo\u017cna uzna\u0107 za wielki wyczyn\u201d. Jak dalej pisa\u0142 Janecki \u201e(\u2026) przeciwko przed\u0142u\u017ceniu kadencji Donaldowi Tuskowi s\u0105 wszyscy wiceprzewodnicz\u0105cy KE. S\u0105 to: by\u0142a dyrektor w Banku \u015awiatowym, Bu\u0142garka Kristalina Georgiewa, byli premierzy Estonii Andrus Ansie, \u0141otwy Valais Dombrowski z Finlandii Jyrki Katainen, i by\u0142y dyplomata ze S\u0142owacji Maros Sefcovic \u201e(\u2026) jeszcze nie by\u0142o tak, \u017ceby wysoki rang\u0105 unijny urz\u0119dnik budzi\u0142 tak jednoznaczna dezaprobat\u0119 jak Donald Tusk. Ale dla Polski to z\u0142a wiadomo\u015b\u0107, bo takie negatywne opini\u0119 b\u0119d\u0105 rzutowa\u0107 na powierzanie Polakom bardzo wa\u017cnych stanowisk w przysz\u0142o\u015bci\u201d. Najciekawsze by\u0142o to jak Janecki t\u0142umaczy\u0142 \u017ar\u00f3d\u0142a totalnego zniech\u0119cenia w UE do Tuska: \u201eTusk jest pod ostrym ostrza\u0142em g\u0142\u00f3wnie z powodu lenistwa, niesystematyczno\u015bci, niefrasobliwo\u015bci, s\u0142abej organizacji pracy, odk\u0142adania wszystkiego na ostatni\u0105 chwil\u0119, nieznajomo\u015bci procedur i unijnego prawa\u201d.. Jak wi\u0119c wida\u0107 Tusk nigdy nie wyleczy\u0142 si\u0119 ze swej najpowa\u017cniejszej wady- lenistwa, cho\u0107 ju\u017c w 1997 r. zwierza\u0142 si\u0119 z dr\u0119cz\u0105cych go z tego powodu wyrzut\u00f3w sumienia.<\/p><p><b>Ponury bilans \u201edokona\u0144\u201d obiboka Tyska<\/b><\/p><p>Przyjrzyjmy si\u0119 teraz na koniec generalnemu jak\u017ce sm\u0119tnemu bilansowi ostatniego dziesi\u0119ciolecia \u201edokona\u0144\u201d D. Tuska. Polityk ten dzi\u0119ki niebywa\u0142ym umiej\u0119tno\u015b\u0107 intrygowania i fa\u0142szowania pijaru wyeliminowa\u0142 wszystkich rywali i doprowadzi\u0142 do o\u015bmioletnich rz\u0105d\u00f3w PO w Polsce, po kt\u00f3rych niemal wsz\u0119dzie zosta\u0142a ruina. Te osiem lat ukradziono bezpowrotnie Polakom ze strat\u0105 dla szans naprawy kraju i modernizacji. Dodajmy, \u017ce Tusk, polityk g\u0142osz\u0105cy ju\u017c dziesi\u0119ciolecia temu, \u017ce \u201epolsko\u015b\u0107 to nienormalno\u015b\u0107\u201d, doprowadzi\u0142 do bardzo silnego podwa\u017cenia patriotyzmu i polsko\u015bci w Polsce. Jak\u017ce wymowne pod tym wzgl\u0119dem jest \u015bwiadectwo aktorki Joanny Szczepkowskiej, aktorki, kt\u00f3ra przez wiele lat by\u0142a tak blisko zwi\u0105zana z warszawskim \u201esalonem\u201d, z kr\u0119gami oddanych PO celebryt\u00f3w: W najnowszym wywiadzie pt. \u201eW\u0105tpi\u0119 w czysto\u015b\u0107 idei KOD\u201d (\u201eABC\u201d z 15 lutego 2016 r.) Szczepkowska powiedzia\u0142a m.in.: <b>\u201eBardzo sprzyja\u0142am Donaldowi Tuskowi (\u2026) Ja si\u0119 czu\u0142am przynale\u017cn\u0105 do tej opcji, uto\u017csamia\u0142am j\u0105 z demokracj\u0105, ale zacz\u0119\u0142o to ju\u017c i\u015b\u0107 w stron\u0119 ekstremaln\u0105, to by\u0142o dzielenie narodu na \u201eo\u015bwieconych\u201d i na \u201epolski za\u015bcianek\u201d. Wszystko co Polacy czuj\u0105 jako \u201epolskie\u201d by\u0142o podwa\u017cane , o\u015bmieszane, dyskredytowane. W takim sosie nie da si\u0119 rozmawia\u0107 o sprawach trudnych w naszej historii. Nie z pozycji pogardy<\/b>. (Podkr.- JRN) .To straszna kr\u00f3tkowzroczno\u015b\u0107. Ja uwa\u017cam, \u017ce wpisywaniem si\u0119 w taki klimat PO strzeli\u0142a sobie walkowera i doprowadzi\u0142a do zwyci\u0119stwa PiS\u201d. Aktorka Joanna Szczepkowska w ko\u0144cu pozna\u0142a si\u0119 na antypolonizmie i antypatriotyzmie PO i zerwa\u0142a z Platform\u0105. <b>Jak jednak oceni\u0107 cz\u0119\u015b\u0107 duchownych,. nawet hierarch\u00f3w, kt\u00f3rzy przez lata popierali antynarodow\u0105 PO wbrew tak wielkiemu patriotycznemu dziedzictwu Prymasa Tysi\u0105clecia!<\/b><\/p><p>Coraz wyra\u017aniej widzimy te\u017c skutki kompromitacji dobrego imienia Polski i Polak\u00f3w przez niebywa\u0142e nier\u00f3bstwo D. Tuska na stanowisku przewodnicz\u0105cego Rady Europy, Ten obibok b\u0119dzie nam przez wiele lat wypominany. Jeden polityk-szkodnik przyni\u00f3s\u0142 wi\u0119c a\u017c tak wielkie straty. dla Polski, paso\u017cytuj\u0105c kosztem naszego kraju. Czy\u017c mo\u017ce by\u0107 co\u015b bardziej nienormalnego i patologicznego? Miejmy nadziej\u0119, \u017ce Tusk odpowie w ko\u0144cu za swoje \u201ewyczyny\u201d, w najgorszym razie zaocznie, gdyby zbyt mocno ba\u0142 si\u0119 stan\u0105\u0107 przed s\u0105dem w Polsce. Wojciech Biedro\u0144 powo\u0142ywa\u0142 si\u0119 w \u201eABC\u201d z 15 lutego 2015 r. na opini\u0119 wp\u0142ywowego polityka Po, kt\u00f3ry twierdzi, \u017ce <b>Tusk<\/b>:\u201e<b>Panicznie boi si\u0119 tak\u017ce sprawy smole\u0144skiej. Obawia si\u0119, ze m\u00f3g\u0142by stan\u0105\u0107 przed zdominowana przez PiS komisj\u0105 \u015bledcz\u0105<\/b>\u201d. (Podkr.- JRN). Wed\u0142ug Biedronia: \u201eStrach przed pytaniami o Smole\u0144sk sta\u0142 si\u0119 podobno obsesj\u0105 Donalda Tuska. Czego naprawd\u0119 boi si\u0119 by\u0142y premier? Wiele wskazuje, \u017ce komisja \u015bledcza dotycz\u0105ca katastrofy smole\u0144skiej obna\u017cy\u0142aby nieudolno\u015b\u0107 jego ekipy, a szczeg\u00f3lnie w kwestiach rozm\u00f3w z Rosjanami\u201d.<\/p><p><b>Dysonans wok\u00f3\u0142 Trybuna\u0142u Konstytucyjnego<\/b><\/p><p><b>\u00a0<\/b>W \u201ePrzegl\u0105dzie tygodnia\u201d, publikowanym \u201ew Sieci\u201d z 4 stycznia 2016 z op\u00f3\u017anieniem przeczyta\u0142em do\u015b\u0107 zdumiewaj\u0105c\u0105 informacj\u0119: \u201e(\u2026.) pos\u0142usze\u0144stwo Prawu i Sprawiedliwo\u015bci wypowiedzieli jurkowcy w liczbie jeden. Jurkowiec Klawiter Jan (kt\u00f3ry i tak do klubu Pis nie nale\u017cy) nie g\u0142osowa\u0142 za ustaw\u0105 o TK. I \u017ceby nie by\u0142o, \u017ce to przypadek, to ustaw\u0119 zaatakowa\u0142 mocno Marek Jurek (\u2026):. Sprawdzi\u0142em informacj\u0119 z \u201ew Sieci\u201d. I co si\u0119 okaza\u0142o. 29 grudnia 2015 r. Marek Jurek skrytykowa\u0142 PiS-owskie zmiany w odniesieniu do Trybuna\u0142u Konstytucyjnego, m\u00f3wi\u0105c m.in.:\u201d To nie s\u0105 zmiany, kt\u00f3re s\u0142u\u017c\u0105 zbudowaniu trwa\u0142ej, konstytucyjnej przebudowie Trybuna\u0142u, ale przebudowie kierunku orzecznictwa . Je\u017celi przyjmiemy koncepcj\u0119 <strong>demokracji ludowej<\/strong>, \u017ce ka\u017cdy rz\u0105d ustawia sw\u00f3j s\u0105d konstytucyjny, to po prostu demokracja traci charakter konstytucyjny\u201d. (Cyt. za : Marek Jurek krytykuje PiS za TK, pada por\u00f3wnanie do PRL-u!, Otwarte Forum Dyskusyjne Frondy z 29 grudnia 2015 r.)<\/p><p>Przeciera\u0142em oczy ze zdumienia. Nie mog\u0142em zrozumie\u0107 jak dosz\u0142o do tego, \u017ce tak do\u015bwiadczony prawicowy polityk jak Marek Jurek, wchodz\u0105cy w sk\u0142ad koalicji z PiS-em , publicznie wyst\u0105pi\u0142 w obronie tak zajadle hamuj\u0105cego zmiany Trybuna\u0142u Konstytucyjnego, na czele z os\u0142awionym szkodnikiem Andrzejem Rzepli\u0144skim. Mo\u017cna wyra\u017ca\u0107 krytyczny s\u0105d o tempie zmian dokonywanych przez obecne w\u0142adze (osobi\u015bcie uwa\u017cam je za zbyt powolne w niekt\u00f3rych sprawach). Jak mo\u017cna jednak sprzeciwia\u0107 si\u0119 ograniczeniu nadmiernych kompetencji Trybuna\u0142u Konstytucyjnego, kt\u00f3re tak demagogicznie wspierane s\u0105 przez lewackich warcho\u0142\u00f3w z KOD-u?. Mam nadziej\u0119, \u017ce w mi\u0119dzyczasie b. marsza\u0142ek Sejmu Marek Jurek przemy\u015bla\u0142 ca\u0142\u0105 spraw\u0119 i <b>publicznie <\/b>zrewaluuje sw\u0105 ocen\u0119 na ten temat.<\/p><p><b>Szokuj\u0105ce pytania<\/b><\/p><p>Aleksander Nalaskowski zada\u0142 \u201ew Sieci\u201e (nr z 4 stycznia 2016 r.) seri\u0119 bardzo bulwersuj\u0105cych pyta\u0144, kt\u00f3re, o ile wiem, jak dot\u0105d nie doczeka\u0142y si\u0119 odpowiedzi. Nalaskowski pisa\u0142 m.in.: \u201e(\u2026) W walce j\u0119zykowej, zw\u0142aszcza politycznej, najwa\u017cniejsza broni\u0105 s\u0105 pytania (\u2026) Pyta\u0107 bowiem mo\u017cna ka\u017cdego i bezkarnie, a udowodnienie insynuacji w pytaniu jest nadzwyczaj trudne (\u2026) A oto zestaw przyk\u0142adowych pyta\u0144 na najbli\u017cszy czas (\u2026) 1.) Czy to prawda, \u017ce w Nowoczesnej dominuj\u0105 kobiety, kt\u00f3rym nie u\u0142o\u017cy\u0142o si\u0119 \u017cycie rodzinne i w ten spos\u00f3b kompensuj\u0105 sobie brak g\u0142\u0119bszych dozna\u0144 (\u2026) 3) Czy prawd\u0105 jest, \u017ce lider Nowoczesnej jeszcze przed przekroczeniem czterdziestki zgromadzi\u0142 kapita\u0142 o warto\u015bci 5o mln z\u0142, w zasadzie nie pracuj\u0105c, ale kombinuj\u0105c akcjami? 4). Czy prawd\u0105 jest, \u017ce lider Nowoczesnej nie zda\u0142by testu gimnazjalnego z historii i wiedzy o kulturze? (\u2026) 9).Czy prawd\u0105 jest, \u017ce ponad polowa cz\u0142onk\u00f3w PO to dawni cz\u0142onkowie Polskiej Zjednoczonej Partii Robotniczej? (\u2026) \u0179eby by\u0142o jasne &#8211; ja tylko pytam (\u2026)&#8221;.<\/p><p>Za: <a href=\"http:\/\/jerzyrnowak.blogspot.com\/2016\/02\/to-wszystko-jest-nienormalne-ii.html\"> Jerzy Robert Nowak &#8211; oficjalny blog (23 lutego 2016)<\/a><\/p><h4>\u00a0<\/h4><hr style=\"background-color: #000000; border-width: 0; color: #000000; height: 2px; line-height: 0; text-align: center; width: 100%;\" \/><h4>\u00a0<\/h4><h4>To wszystko jest nienormalne &#8211; III<\/h4><p>Znany chuligan pi\u00f3ra, \u201eHiena Roku 2015\u201d Tomasz Lis pozwoli\u0142 sobie ostatnio jako naczelny \u201eNewsweek\u201d &#8211; a na \u201eozdobienie\u201d ok\u0142adki swego tygodnika \u201eNewsweek\u201d- a wstr\u0119tnymi karykaturami prezydenta; Andrzeja Dudy i premier Beaty Szyd\u0142o. Szczeg\u00f3lnie grubia\u0144sko skarykaturowano portret Pani Premier. Beata Szyd\u0142o, maj\u0105ca tak mi\u0142y, ciep\u0142y wyraz twarzy, zosta\u0142a\u00a0 ukazana jako typ odstraszaj\u0105cej Baby Jagi. Nie\u00a0 nale\u017ca\u0142oby w\u0142a\u015bciwie komentowa\u0107 zalet i wad wygl\u0105du r\u00f3\u017cnych polityk\u00f3w. Poniewa\u017c\u00a0 jednak\u00a0 Lis\u00a0 to zacz\u0105\u0142, powiem tylko to, co o czym wiedz\u0105 miliony Polak\u00f3w. Prezydent Duda i jego ma\u0142\u017conka oraz premier Szyd\u0142o s\u0105 niezwykle wielkim od\u015bwie\u017ceniem estetycznym po cz\u0119stowaniu nas przez lata widokami tak ma\u0142o powabnej osoby jak Komorowska, na dodatek wci\u0105\u017c nachalnie wysuwaj\u0105cej si\u0119 przed swego m\u0119\u017ca \u201ebul-Komorowskiego\u201d i\u00a0 w\u015bciekle zajad\u0142ej histerycznej facjaty premierzycy Kopacz. Jak\u0105\u017c ulg\u0119 estetyczn\u0105 dla milion\u00f3w Polak\u00f3w spowodowa\u0142o ich znikni\u0119cie z ekran\u00f3w telewizor\u00f3w!<\/p><p><strong>Nieuczciwe ataki Roberta Mazurka<\/strong><\/p><p>W obecnej jak\u017ce trudnej\u00a0 walce o wyci\u0105gni\u0119cie Polski z bagna, do jakiego wepchni\u0119to nas za\u00a0 rz\u0105d\u00f3w PO, powinno si\u0119 maksymalnie wspiera\u0107 ludzi szczeg\u00f3lnie oddanych tej walce, i co najwa\u017cniejsze ludzi kompetentnych. Z tym wi\u0119kszym zaskoczeniem przyj\u0105\u0142em wi\u0119c w najnowszej, zawsze \u015bwietnej \u201ew Sieci\u201d (nr z 15 lutego 2016) dwa skrajnie j\u0105trz\u0105ce i niesprawiedliwe ataki Roberta Mazurka w tek\u015bcie pt. \u201eRanking przecenianych\u201d. Oba ataki\u00a0 Mazurka uderza\u0142y w ludzi kompetentnych zaanga\u017cowanych w dokonanie Prze\u0142omu w Polsce, a nazwanych przez niego \u201ewydmuszkami\u201d. Tak\u0105 \u201ewydmuszk\u0105\u201d jest &#8211; wed\u0142ug Mazurka jeden z najlepszych ministr\u00f3w w rz\u0105dzie Beaty Szyd\u0142o- minister cyfryzacji Anna Stre\u017cy\u0144ska. Mazurek\u00a0 okre\u015bli\u0142 jako przecenian\u0105\u00a0 \u201ewydmuszk\u0119\u201d , znakomitego fachowca, ogromnie zas\u0142u\u017conego w rozbijaniu monopoli, zw\u0142aszcza monopolu\u00a0 Telekomunikacji Polskiej SA.\u00a0 Dziwny i wielce stronniczy jest tekst Mazurka\u00a0 .\u00a0 Znany z k\u0105\u015bliwo\u015bci publicysta z furi\u0105 rzuci\u0142 si\u0119 na\u00a0 Stre\u017cy\u0144sk\u0105 m.in. za odwo\u0142anie szefa Centralnego O\u015brodka informatyki Nikodema Bo\u0144cz\u0119-Tomaszewskiego, okre\u015blaj\u0105c go jako \u201epowszechnie szanowanego eksperta\u201d. R\u00f3wnocze\u015bnie\u00a0 jednak Mazurek ani s\u0142owem nie\u00a0 wspomnia\u0142 o oficjalnie przedstawionych przez \u00a0minister Stre\u017cy\u0144sk\u0105 powodach odwo\u0142ania N. Bo\u0144czy -Tomaszewskiego ze stanowiska. Przypomnijmy wi\u0119c jak wyja\u015bni\u0142a sw\u0105 decyzj\u0119 minister Str\u00f3\u017cy\u0144ska\u00a0 na konferencji prasowej z 26 stycznia\u00a0 2016 r. &#8211; wg. w Polityce z tego\u017c dnia. <strong>\u201ePrzyczyn\u0105 odwo\u0142ania szefa Centralnego O\u015brodka Informatyki by\u0142o w\u0142a\u015bnie to, \u017ce\u00a0nie mieli\u015bmy gwarancji, \u017ce\u00a0rozpocz\u0119te tam projekty zostan\u0105 zako\u0144czone<\/strong><strong>.<\/strong> Wszystkie dokumenty i\u00a0raporty Ministerstwa Spraw Wewn\u0119trznych (od\u00a0kt\u00f3rego MC\u00a0przej\u0119\u0142o nadz\u00f3r nad COI) wskazuj\u0105 na\u00a0te\u00a0same problemy COI &#8211; totaln\u0105 niesterowno\u015b\u0107 i\u00a0niezale\u017cno\u015b\u0107 od\u00a0nadzoruj\u0105cego ministra. <strong>W\u00a0wyniku tej sytuacji grozi nam zwrot dotacji wysoko\u015bci 284 mln z\u0142, dlatego stanowcze dzia\u0142ania\u00a0s\u0105\u00a0uzasadnione\u201d. <\/strong>Stre\u017cy\u0144ska zwr\u00f3ci\u0142a uwag\u0119 na\u00a0\u201eniezdrowe dysproporcje\u201d mi\u0119dzy ilo\u015bci\u0105 obs\u0142ugi administracyjnej w\u00a0stosunku do\u00a0pracuj\u0105cych nad systemami informatycznymi\u00a0programist\u00f3w. <strong>Firma ta\u00a0uchodzi\u0142a za\u00a0+polski Microsoft+, a\u00a0przy 150 <\/strong><strong>osobach obs\u0142ugi administracyjnej, by\u0142o tylko 30\u00a0programist\u00f3w, zatrudnionych do\u00a0tak ambitnych projekt\u00f3w jak elektroniczne dowody osobiste, Centralna Ewidencja Pojazd\u00f3w i\u00a0Kierowc\u00f3w. Z\u00a0tego te\u017c powodu \u00a0wyst\u0105pi\u0142y op\u00f3\u017anienia w\u00a0samym po\u0142\u0105czeniu rejestr\u00f3w\u00a0pa\u0144stwowych.\u00a0 Ca\u0142kowite przemilczenie\u00a0\u00a0 wymienionych tu\u00a0 motyw\u00f3w decyzji minister Stre\u017cy\u0144skiej by\u0142o skrajnie nieuczciwym popisem Mazurka.<\/strong><\/p><p>R\u00f3wnie nieuczciwym dzia\u0142aniem by\u0142o zaatakowanie przez Mazurka w tym samym tek\u015bcie jako rzekomo przecenian\u0105 \u201ewydmuszk\u0119\u201d publicyst\u0119 Matthew Tyrmanda, syna\u00a0 s\u0142ynnego Leopolda Tyrmanda.\u00a0 Jego ojciec by\u0142 symbolem niepoprawno\u015bci politycznej, a syn jak\u017ce skutecznie idzie w jego \u015blady w rozlicznych tekstach atakowanych przez leming\u00f3w i lewakow. Mazurek zdumiewa si\u0119, \u017ce\u00a0 m\u0142ody Tyrmand sta\u0142 si\u0119 \u201eidolem prawej strony Internetu\u201d (zawi\u015b\u0107 Mazurka jest oczywista). I pisze, \u017ce trudno powiedzie\u0107, sk\u0105d ta popularno\u015b\u0107 Tyrmanda. Bo \u201enie napisa\u0142 \u017cadnej ksi\u0105\u017cki, z rzadka publikuje co\u015b w Internecie, nie s\u0105 znane jego osi\u0105gni\u0119cia biznesowe\u201d. Odpowiem Mazurkowi -m\u0142ody Tyrmand zyska\u0142 sobie sympati\u0119 na prawicy licznymi jak\u017ce celnymi \u201eniepoprawnymi politycznie\u201d artyku\u0142ami, uderzaj\u0105cymi w patologie Trzeciej RP i oceniaj\u0105cymi je tym kompetentniej &#8211; przez por\u00f3wnanie swoich wcze\u015bniejszych obserwacji ameryka\u0144skich. Ma r\u00f3wnie\u017c, w odr\u00f3\u017cnieniu od R Mazurka, ju\u017c dzi\u015b wcale niema\u0142e zas\u0142ugi w walce z antypolonizmem. Tyrmand prowadzi trudn\u0105 do przecenienia ostr\u0105 kampanie przeciwko oczernianiu polskiego rz\u0105du w zachodnich mediach. W swych wyst\u0105pieniach atakowa\u0142 za k\u0142amstwa na temat\u00a0 dzisiejszej sytuacji w Polsce m.in. Rados\u0142awa Sikorskiego i jego \u017con\u0119 Ann\u0119 Applebaum, Jacka Rostowskiego i jego c\u00f3rk\u0119 os\u0142awion\u0105 k\u0142amczuch\u0119 Mari\u0119, oraz licznych k\u0142amliwych korespondent\u00f3w czasopism zachodnich w Polsce. Jak pisa\u0142 \u015bwie\u017co w \u015bwietnym tek\u015bcie o m\u0142odym Tyrmandzie Artur Bartkiewicz: \u201eTyrmand ewidentnie pr\u00f3buje\u00a0 si\u0119 wi\u0119c obsadzi\u0107 w roli angloj\u0119zycznego obro\u0144cy polskiego rz\u0105du, co czyni go interesuj\u0105cym sojusznikiem PiS w sytuacji, gdy zachodnie media w wi\u0119kszo\u015bci krytycznie oceniaj\u0105 dzia\u0142alno\u015b\u0107 ekipy Beaty Szyd\u0142o\u201d. (Por. A. Bartkiewicz: Kim pan jest panie Tyrmand? &#8222;Rzeczpospolita.Plus minus\u201d, 20-21 lutego 2016). I takiego, tak potrzebnego dzi\u015b publicyst\u0119, jadowicie atakuje Robert Mazurek. Po co? Jakie\u00a0 s\u0105 prawdziwe intencje Mazurka?<\/p><p>Niezad\u0142ugo opublikuj\u0119 na tym blogu odr\u0119bny tekst konkretnie omawiaj\u0105cy zalety publicystyki M. Tyrmanda pt.\u201dDwaj panowie Tyrmand\u201d. Powiem na koniec jedno: Matthew Tyrmandowi za jego teksty nale\u017c\u0105 si\u0119 wielkie s\u0142owa uznania, zw\u0142aszcza w takim tygodniku jak \u201ewSieci\u201d, a nie\u00a0 paszkwilancki atak Mazurka.<\/p><p>M\u0142ody Tyrmand pisze teksty o dzisiejszej Polsce, pod kt\u00f3rymi mo\u017cna si\u0119 podpisa\u0107 obur\u0105cz. W przypadku R Mazurka natomiast szereg razy zauwa\u017ca\u0142em teksty skrajnie nie licuj\u0105ce z jego opini\u0105 jako\u00a0 prawicowego publicysty. Szczeg\u00f3lnie niegodziwy pod tym wzgl\u0119dem by\u0142 jego atak sprzed kilku laty w \u201eUwa\u017cam rze\u201d na w\u0119giersk\u0105 ustaw\u0119 medialn\u0105, kt\u00f3r\u0105 nazwa\u0142 \u201eszambem\u201d. Z\u00a0 tym swoim atakiem Mazurek stan\u0105\u0142\u00a0 w jednym szeregu z\u00a0 nienawidz\u0105cymi Orb\u00e1na A. Michnikiem et consortes, w przeciwie\u0144stwie do prawdziwych obro\u0144c\u00f3w wolno\u015bci s\u0142owa takich jak Jan Pospieszalski, kt\u00f3rzy z zachwytem aprobowali\u00a0 wspomnian\u0105 ustaw\u0119 medialn\u0105. (Por. fragmenty wypowiedzi J. Pospieszalskiego na ten temat w ksi\u0105\u017cce: J. R. Nowak: W\u0119gierska droga do zwyci\u0119stwa\u201d, Warszawa 2015, t.II, s.74 ).<\/p><p><strong>\u201eRzeczpospolita\u201d znowu szkaluje Orb\u00e1na<\/strong><\/p><p>Zaskakuj\u0105 mnie intencje redaktor\u00f3w \u201eRzeczypospolitej\u201d. Z jednej strony\u00a0 od pewnego czasu mno\u017c\u0105 si\u0119 w niej ataki na PiS (w tym szczeg\u00f3lnie skrajne teksty Marka Migalskiego). Z drugiej strony za\u015b \u201eRzeczpospolita\u201d nie ustaje z podgryzaniem W\u0119gier Orb\u00e1na akurat w czasie, gdy panuje\u00a0 najmocniejsze zbli\u017cenie miedzy nimi a Polsk\u0105, rz\u0105dzon\u0105 przez PiS. Szczeg\u00f3lnie szokuj\u0105cy, wr\u0119cz wredny,\u00a0 by\u0142 zamieszczony w tym dzienniku\u00a0 11 lutego 2016 r. niedawny atak W\u0119gra (!) D. H\u00c3\u00a9jja : \u201eNiebezpieczne zwi\u0105zki z Budapesztem\u201d., opisany przeze mnie na blogu. Tym razem- w dniu 18 lutego 2016 r. w &#8222;Rzeczypospolitej\u201d opublikowano\u00a0 agresywnie antyw\u0119gierski tekst\u00a0 Andrzeja \u0141omanowskiego\u00a0 \u201eTroja\u0144ski ko\u0144 Putina\u201d. Ju\u017c sam tytu\u0142 paszkwilanckiego tekstu m\u00f3wi\u00a0 sam za siebie,. Jego autor oskar\u017ca premiera V Orb\u00e1na o dywersyjn\u0105 prorosyjsk\u0105 rol\u0119 w\u00a0 sytuacji, gdy chodzi tylko o\u00a0 przymus sytuacyjny W\u0119gier, uzale\u017cnionych od\u00a0 rosyjskiej energii. Plot\u0105cemu brechty \u0141omanowskiemu, sta\u0142emu wsp\u00f3\u0142pracownikowi \u201eGazety Polskiej Codziennie\u201d radzi\u0142bym przeczyta\u0107 \u00a0opublikowany dok\u0142adnie rok temu tekst w tej\u017ce gazecie pi\u00f3ra b. wiceministra spraw zagranicznych z PiS-u Krzysztofa Szczerskiego.. Pisa\u0142 on tam m.in. : \u201eOceniaj\u0105c polityk\u0119 Orb\u00e1na wobec Moskwy nie mo\u017cna zapomina\u0107 o uwzgl\u0119dnieniu kontekstu sytuacji W\u0119gier, kt\u00f3re s\u0105 uzale\u017cnione od jednego dostawcy gazu- Rosji. Ci, kt\u00f3rzy tak mocno oburzaj\u0105 si\u0119 na rozmowy, kt\u00f3re Orb\u00e1n toczy z Putinem, powinni mie\u0107 \u015bwiadomo\u015b\u0107, \u017ce w\u0119gierski premier robi to, co na jego miejscu uczyni\u0142by ka\u017cdy polityk\u00a0 dzia\u0142aj\u0105cy na rzecz w\u0142asnej ojczyzny &#8211; zabezpiecza jej interesy energetyczne (&#8230;) Skupianie si\u0119 w takiej krytyce wy\u0142\u0105cznie na Orb\u00e1nie jest zreszt\u0105 hipokryzj\u0105 w sytuacji, w kt\u00f3rej w ca\u0142ej Europie nast\u0119puje wzrost importu surowc\u00f3w z Rosji (&#8230;)\u201d ( Por. K. Szczerski :Pragmatyzm Orb\u00e1na w \u201eGazeta Polska codziennie\u201d z 18 lutego 2015 r.). Ciekawe, \u017ce\u00a0 &#8222;Rzeczpospolita\u201d nie wypomina\u00a0 jako\u015b Niemcom Schr\u00f6dera i Merkel, \u017ce samolubnie\u00a0 popar\u0142y rozbudow\u0119 gazoci\u0105gu z Rosja kosztem cho\u0107by Polski.<strong>\u00a0\u00a0\u00a0\u00a0\u00a0\u00a0\u00a0 <br \/><\/strong><\/p><p>\u0141omanowski \u201epopisa\u0142 si\u0119\u201d szczeg\u00f3lnie ohydnym por\u00f3wnaniem, pisz\u0105c: \u201eAle w Europie\u00a0 wskazuj\u0105 nie na\u00a0 \u201erealizm\u201d. Tylko na blisko\u015b\u0107 ideow\u0105 Putina i Orb\u00e1na. &#8211; Jest (w\u0119gierski lider) jedynym putinist\u0105, kt\u00f3ry znajduje si\u0119 u w\u0142adzy w Europie- m\u00f3wi\u0142 o nim by\u0142y niemiecki minister spraw zagranicznych Joschka Fischer\u201d. Jak wida\u0107 w swych antyw\u0119gierskich oszczerstwach \u0141omanowski zyska\u0142 sobie wreszcie \u201eodpowiedni\u201d autorytet. Jak wiadomo Joschka Fischer by\u0142 niegdy\u015b skrajnym awanturniczym lewakiem w 1968 r, oskar\u017canym o brutaln\u0105 napa\u015b\u0107 na policjanta. Przypomnijmy, \u017ce\u00a0 pan Lomanowski jest sta\u0142ym wsp\u00f3\u0142pracownikiem \u201eGazety Polskiej Codziennie\u201d.\u201eGazeta Polska\u201d\u00a0 s\u0142usznie z werw\u0105 nawo\u0142uje do kolejnej \u201eWielkiej Wyprawy\u201d na W\u0119gry w dniu 15 marca, a tymczasem jej wsp\u00f3\u0142pracownik A. \u0141omanowski\u00a0 z r\u00f3wn\u0105 werw\u0105 szkaluje\u00a0 W\u0119gry Orb\u00e1na. Czy to jest normalne? Gdzie tu sens, gdzie logika?<\/p><p><strong>Antyimigrancka manifestacja<\/strong><\/p><p><strong>6 lutego 2016 r. \u00a0w Warszawie odby\u0142a si\u0119 antyimigrancka manifestacja. Przemawiali na niej\u00a0 m.in. prezes Ruchu Narodowego Robert Winnicki, pos\u0142anka Kukiz 15 Anna Siarkowska i pose\u0142 tego\u017c\u00a0 Ruchu Tomasz Rzymkowski.<\/strong> <strong>Zdecydowanie najwspanialsze by\u0142o wielokrotnie oklaskiwane przem\u00f3wienie\u00a0 przedstawicielki niemieckiej PEGIDY Tatiany Festerlin, kt\u00f3ra z pasj\u0105 przeprasza\u0142a za ingerowanie niemieckich polityk\u00f3w i medi\u00f3w w polskie sprawy, m\u00f3wi\u0105c m.in.: \u201e<\/strong> Jest nam wstyd za ich arogancj\u0119 i ich mieszanie si\u0119 w wasze narodowe sprawy. Jest nam wstyd za to, co m\u00f3wi\u0105 niemieccy politycy, kt\u00f3rzy krytykuj\u0105 wasz rz\u0105d wybrany demokratycznie. <strong>Wstydzimy si\u0119 za bezczelno\u015b\u0107 niemieckich polityk\u00f3w, kt\u00f3rzy s\u0105 zdania, \u017ceby udziela\u0107 lekcji Polsce w sprawach demokracji i wolno\u015bci. To wszystko, co zosta\u0142o zrobione dla polsko-niemieckiej przyja\u017ani jest systematyczne niszczone przez lewicowy rz\u0105d Merkel i niemieckie media \u00a0<\/strong>(Podkr.-JRN) (\u2026) Ci zarozumiali feuda\u0142owie, kt\u00f3rzy siedz\u0105 w Brukseli w swoich pa\u0142acach, ale nie robi\u0105 nic przeciwko upadkowi europejskiego kontynentu udowadniaj\u0105, \u017ce zawiedli.\u201d\u00a0 Swe wyst\u0105pienie Festerlin zako\u0144czy\u0142a\u00a0 przypomnieniem roli polskiego kr\u00f3la Jana III Sobieskiego jako lidera chrze\u015bcija\u0144skiej krucjaty przeciwko muzu\u0142manom.<\/p><p>W manifestacji uczestniczy\u0142o oko\u0142o 2 tysi\u0119cy os\u00f3b. By\u0142o to wi\u0119c znacz\u0105ce wydarzenie. A mimo to zabrak\u0142o o nim nawet kilku sekundowej informacji w \u201eWiadomo\u015bciach\u201d Programu I TVP. Te same \u201eWiadomo\u015bci\u201d\u00a0 nie omieszka\u0142y poinformowa\u0107 o jakich\u015b drobniutkich manifestacjach otumanionych frajer\u00f3w z KOD-u. Reformowane \u201eWiadomo\u015bci\u201d\u00a0 TVP zachowa\u0142y si\u0119 w sprawie informacji z tej manifestacji gorzej ni\u017c TVN 24 czy Polsat, kt\u00f3re o manifestacji poinformowa\u0142y.\u00a0 Dodajmy, \u017ce w Telewizji Trwam by\u0142 d\u0142u\u017cszy kilkunastominutowy program na wspomniany temat.\u00a0 Kolejny raz sw\u0105 antyprawicow\u0105 stronniczo\u015b\u0107 okaza\u0142a \u201eRzeczypospolita\u2019, w kt\u00f3rej ca\u0142kowicie przemilczano manifestacj\u0119. Za to w \u201eGazecie Polskiej codziennie\u201d znalaz\u0142a si\u0119 szersza informacja,. cho\u0107 nie wolna od b\u0142\u0119d\u00f3w. Np. moje wyst\u0105pienie\u00a0 podczas manifestacji przypisano\u00a0 prof. Andrzejowi Nowakowi z Krakowa. Dziwne, \u017ce redaktor wspomnianej gazety\u00a0 jeszcze nie potrafi nas odr\u00f3\u017cni\u0107.<\/p><p><strong><em>Jerzy Robert Nowak<\/em><\/strong><\/p><p class=\"zrodlo\">Za: <a href=\"http:\/\/jerzyrnowak.blogspot.com\/2016\/02\/to-wszystko-jest-nienormalne-iii.html\">Jerzy Robert Nowak &#8211; oficjalny blog (24 lutego 2016)<\/a><\/div>","protected":false},"excerpt":{"rendered":"To wszystko jest nienormalne (I)Tekstem tym otwieram cykl, kt\u00f3ry chcia\u0142bym uczyni\u0107 jednym ze sta\u0142ych sk\u0142adnik\u00f3w mego blogu. B\u0119dzie on zawiera\u0142 teksty wyra\u017caj\u0105ce m\u00f3j szczeg\u00f3lny krytycyzm wobec pewnych dziwnych element\u00f3w aktualnej sytuacji, przede wszystkim aroganckich dzia\u0142a\u0144 lewak\u00f3w i leming\u00f3w. Nie b\u0119d\u0119 ukrywa\u0142 jednak r\u00f3wnie\u017c swego krytycznego, subiektywnego tonu nawet i wobec budz\u0105cych moje zdziwienie niekt\u00f3rych zachowa\u0144 [&hellip;]","protected":false},"author":1,"featured_media":0,"comment_status":"closed","ping_status":"closed","sticky":false,"template":"","format":"standard","meta":{"_acf_changed":false,"_monsterinsights_skip_tracking":false,"_monsterinsights_sitenote_active":false,"_monsterinsights_sitenote_note":"","_monsterinsights_sitenote_category":0,"ngg_post_thumbnail":0,"footnotes":"","_wp_rev_ctl_limit":""},"categories":[9],"tags":[98,36,167,17,73],"acf":[],"_links":{"self":[{"href":"https:\/\/www.bibula.com\/index.php?rest_route=\/wp\/v2\/posts\/86009"}],"collection":[{"href":"https:\/\/www.bibula.com\/index.php?rest_route=\/wp\/v2\/posts"}],"about":[{"href":"https:\/\/www.bibula.com\/index.php?rest_route=\/wp\/v2\/types\/post"}],"author":[{"embeddable":true,"href":"https:\/\/www.bibula.com\/index.php?rest_route=\/wp\/v2\/users\/1"}],"replies":[{"embeddable":true,"href":"https:\/\/www.bibula.com\/index.php?rest_route=%2Fwp%2Fv2%2Fcomments&post=86009"}],"version-history":[{"count":0,"href":"https:\/\/www.bibula.com\/index.php?rest_route=\/wp\/v2\/posts\/86009\/revisions"}],"wp:attachment":[{"href":"https:\/\/www.bibula.com\/index.php?rest_route=%2Fwp%2Fv2%2Fmedia&parent=86009"}],"wp:term":[{"taxonomy":"category","embeddable":true,"href":"https:\/\/www.bibula.com\/index.php?rest_route=%2Fwp%2Fv2%2Fcategories&post=86009"},{"taxonomy":"post_tag","embeddable":true,"href":"https:\/\/www.bibula.com\/index.php?rest_route=%2Fwp%2Fv2%2Ftags&post=86009"}],"curies":[{"name":"wp","href":"https:\/\/api.w.org\/{rel}","templated":true}]}}