{"id":85973,"date":"2016-02-22T09:44:21","date_gmt":"2016-02-22T14:44:21","guid":{"rendered":"http:\/\/www.bibula.com\/?p=85973"},"modified":"2016-02-22T09:47:54","modified_gmt":"2016-02-22T14:47:54","slug":"smolar-o-wspolpracy-walesy-z-sb-wiedzialem-od-1992-oto-jak-salon-utrzymywal-klamstwo-zalozycielskie-iii-rp","status":"publish","type":"post","link":"https:\/\/www.bibula.com\/?p=85973","title":{"rendered":"Smolar: o wsp\u00f3\u0142pracy Wa\u0142\u0119sy z SB wiedzia\u0142em od 1992. Oto jak salon utrzymywa\u0142 k\u0142amstwo za\u0142o\u017cycielskie III RP"},"content":{"rendered":"<p><strong>Jeden z najbardziej wp\u0142ywowych ideolog\u00f3w III RP go\u015bci\u0142 w poniedzia\u0142ek w radiu RMF FM. Przyzna\u0142 tam, \u017ce od dawna wiedzia\u0142, i\u017c Lech Wa\u0142\u0119sa by\u0142 TW \u201eBolkiem\u201d. Doda\u0142 jednak, \u017ce\u2026 nie ma to \u017cadnego znaczenia!<\/strong><\/p><p>Coraz szersze kr\u0119gi przyznaj\u0105 si\u0119 do podtrzymywania k\u0142amstwa za\u0142o\u017cycielskiego III RP. Tym razem o swej wiedzy na temat agenturalnej przesz\u0142o\u015bci pierwszego demokratycznie wybranego prezydenta III RP opowiedzia\u0142 szef Fundacji Batorego Aleksander Smolar.<\/p><p>Smolar zosta\u0142 zapytany przez Konrada Piaseckiego, czy \u201eto, co wynurzy si\u0119 dzi\u015b z teczki gen. Kiszczaka, poka\u017ce nam prawdziwe oblicze historii i prawdziwe oblicze Lecha Wa\u0142\u0119sy?\u201d. \u00a0Smolar zdecydowanie zaprzeczy\u0142, m\u00f3wi\u0105c, i\u017c historia jest skomplikowana wi\u0119c ods\u0142oni\u0119cie szafy Kiszczaka \u201epoka\u017ce jedynie fragmencik\u201d. &#8211; <em>Nawet przyjmuj\u0105c hipotez\u0119, \u017ce on &#8211; jak si\u0119 m\u00f3wi &#8211; podpisa\u0142 deklaracj\u0119, to wiemy o tym od bardzo dawna<\/em> &#8211; doda\u0142.<\/p><p>Dziennikarz przytomnie dopyta\u0142 wi\u0119c, od kiedy Smolar zna prawd\u0119 o TW Bolku. &#8211; <em>Ja wiedzia\u0142em o tym ju\u017c prawie na pewno od listy Macierewicza. Po prostu. Czyli innymi s\u0142owy to jest wczesny okres III RP, ale przecie\u017c w czasach Solidarno\u015bci ju\u017c ludzie z jego \u015brodowiska, kierowani zawi\u015bci\u0105, czy jakkolwiek b\u0105d\u017a, kt\u00f3rzy razem z nim pracowali &#8211; jak Gwiazdowe, Anna Walentynowicz &#8211; opowiadali o nim jako o agencie. I te plotki przenika\u0142y &#8211; <\/em>stwierdzi\u0142 szef Fundacji Batorego.<\/p><p>Przypomnijmy, \u017ce koledzy Aleksandra Smolara z salonu III RP przez lata wy\u015bmiewali ma\u0142\u017ce\u0144stwo Gwiazd\u00f3w, Ann\u0119 Walentynowicz, Krzysztofa Wyszkowskiego i innych ludzi wsp\u00f3\u0142pracuj\u0105cych z Wa\u0142\u0119s\u0105 w czasach \u201eSolidarno\u015bci\u201d za to, \u017ce o\u015bmielali si\u0119 m\u00f3wi\u0107, i\u017c szef NSZZ \u201eS\u201d podpisa\u0142 zgod\u0119 na wsp\u00f3\u0142prac\u0119 a potem donosi\u0142 na koleg\u00f3w.<\/p><p>&#8211; <em>Wtedy nie uwa\u017ca\u0142em za wiarygodne, ale r\u00f3wnocze\u015bnie wtedy, kiedy mia\u0142em ju\u017c do\u015b\u0107 g\u0142\u0119bokie przekonanie, \u017ce mia\u0142 ten rozdzia\u0142 Lech Wa\u0142\u0119sa, to znaczy po grudniu &#8217;70 roku, jako m\u0142ody robotnik, ze wsi pochodz\u0105cy, \u017ce jego z\u0142amano. Ja to bra\u0142em pod uwag\u0119, tylko r\u00f3wnocze\u015bnie wie pan &#8211; to, czego on dokona\u0142 ju\u017c w &#8217;80 roku, by\u0142o tak wielkie i tak \u015bwiadczy\u0142o o zerwaniu z t\u0105 przesz\u0142o\u015bci\u0105, \u017ce to nie mia\u0142o znaczenia<\/em> &#8211; wyja\u015bni\u0142 Smolar.<\/p><p>\u0179r\u00f3d\u0142o: RMF FM<\/p><p>kra<\/p><p class=\"zrodlo\">Za: <a href=\"http:\/\/www.pch24.pl\/aleksander-smolar--o-wspolpracy-walesy-z-sb-wiedzialem-od-1992--oto-jak-salon-utrzymywal-klamstwo-zalozycielskie-iii-rp,41363,i.html\">PoloniaChristiana &#8211; pch24.pl (2016-02-22)<\/a><\/p><blockquote><p><strong>Wybrane komentarze internaut\u00f3w pod w\/w tekstem na stronie \u017ar\u00f3d\u0142owej:<\/strong><\/p><p><em>Robokopo<\/em><br \/> Ale\u017c oczywi\u015bcie, \u017ce &#8222;nie mia\u0142o to \u017cadnego znaczenia&#8221; dla tego \u017byda. Ca\u0142a III RP to uk\u0142ad mi\u0119dzy Chamami a \u017bydami.<\/p><\/blockquote>","protected":false},"excerpt":{"rendered":"Jeden z najbardziej wp\u0142ywowych ideolog\u00f3w III RP go\u015bci\u0142 w poniedzia\u0142ek w radiu RMF FM. Przyzna\u0142 tam, \u017ce od dawna wiedzia\u0142, i\u017c Lech Wa\u0142\u0119sa by\u0142 TW \u201eBolkiem\u201d. Doda\u0142 jednak, \u017ce\u2026 nie ma to \u017cadnego znaczenia!Coraz szersze kr\u0119gi przyznaj\u0105 si\u0119 do podtrzymywania k\u0142amstwa za\u0142o\u017cycielskiego III RP. Tym razem o swej wiedzy na temat agenturalnej przesz\u0142o\u015bci pierwszego demokratycznie [&hellip;]","protected":false},"author":1,"featured_media":0,"comment_status":"closed","ping_status":"closed","sticky":false,"template":"","format":"standard","meta":{"_acf_changed":false,"_monsterinsights_skip_tracking":false,"_monsterinsights_sitenote_active":false,"_monsterinsights_sitenote_note":"","_monsterinsights_sitenote_category":0,"ngg_post_thumbnail":0,"footnotes":"","_wp_rev_ctl_limit":""},"categories":[8],"tags":[92,53,36,73],"acf":[],"_links":{"self":[{"href":"https:\/\/www.bibula.com\/index.php?rest_route=\/wp\/v2\/posts\/85973"}],"collection":[{"href":"https:\/\/www.bibula.com\/index.php?rest_route=\/wp\/v2\/posts"}],"about":[{"href":"https:\/\/www.bibula.com\/index.php?rest_route=\/wp\/v2\/types\/post"}],"author":[{"embeddable":true,"href":"https:\/\/www.bibula.com\/index.php?rest_route=\/wp\/v2\/users\/1"}],"replies":[{"embeddable":true,"href":"https:\/\/www.bibula.com\/index.php?rest_route=%2Fwp%2Fv2%2Fcomments&post=85973"}],"version-history":[{"count":0,"href":"https:\/\/www.bibula.com\/index.php?rest_route=\/wp\/v2\/posts\/85973\/revisions"}],"wp:attachment":[{"href":"https:\/\/www.bibula.com\/index.php?rest_route=%2Fwp%2Fv2%2Fmedia&parent=85973"}],"wp:term":[{"taxonomy":"category","embeddable":true,"href":"https:\/\/www.bibula.com\/index.php?rest_route=%2Fwp%2Fv2%2Fcategories&post=85973"},{"taxonomy":"post_tag","embeddable":true,"href":"https:\/\/www.bibula.com\/index.php?rest_route=%2Fwp%2Fv2%2Ftags&post=85973"}],"curies":[{"name":"wp","href":"https:\/\/api.w.org\/{rel}","templated":true}]}}