{"id":8597,"date":"2009-04-21T21:37:31","date_gmt":"2009-04-22T02:37:31","guid":{"rendered":"http:\/\/www.bibula.com\/?p=8597"},"modified":"2009-04-21T21:37:31","modified_gmt":"2009-04-22T02:37:31","slug":"prorektora-kul-franciszka-ferta-strzal-we-wlasna-stope","status":"publish","type":"post","link":"https:\/\/www.bibula.com\/?p=8597","title":{"rendered":"Prorektora KUL Franciszka Ferta strza\u0142 we w\u0142asn\u0105 stop\u0119"},"content":{"rendered":"<p>\u0179enuj\u0105ca wypowied\u017a przedstawiciela KUL w telewizyjnej &#8222;Panoramie&#8221; doskonale ilustruje problemy z to\u017csamo\u015bci\u0105 jaka ma ta zas\u0142u\u017cona uczelnia. Id\u0105c bowiem\u00a0tokiem rozumowania w\u0142adz uczelnianych do dla dobra stosunk\u00f3w Polski z Niemcami czy Bia\u0142orusi\u0105 doktoraty h.c. powinni tak\u017ce dosta\u0107 Erica Steinbach i Aleksander \u0141ukaszenka.<\/p>\r\n\r\n<p>Inna sprawa, \u017ce pan prorektor wyra\u017anie wprowadza opini\u0119 publiczn\u0105 w b\u0142\u0105d, sugeruj\u0105c, \u017ce protest przeciwko doktoratowi jest wy\u0142\u0105cznym dzie\u0142em mojej skromnej osoby. Mi\u0142o mi, \u017ce przypisywane s\u0105 mi tak pot\u0119\u017cne mo\u017cliwo\u015bci, ale prawda jest jednak taka, \u017ce to nie ja jestem autorem tego listu. Nie ja te\u017c rozpocz\u0105\u0142em akcj\u0119 protestacyjn\u0105. W ci\u0105gu kilku dni podl istem podpisa\u0142o si\u0119 ju\u017c ok. 40 organizacji i 2,5 tysi\u0105ca os\u00f3b. Poza tym wci\u0105\u017c nie przepisane s\u0105 na stron\u0119 internetow\u0105 niezliczone listy z podpisami, kt\u00f3re id\u0105 normaln\u0105 poczt\u0105.<\/p>\r\n\r\n<p>Warto zaznaczy\u0107, \u017ce w\u015br\u00f3d sygnatariuszy list\u00f3w jest wielu pracownik\u00f3w nauki, duchownych i dziennikarzy, a tak\u017ce os\u00f3b z USA, Kanady czy Wielkiej Brytanii. Sa te absolwenci,\u00a0doktoranci i studenci KUL. Wielu z sygnatariuszy to autentyczni potomkowie pomordowanych przez UPA na Kresach, wi\u0119c cho\u0107by przez pami\u0119\u0107 tych pomordowanych w\u0142adze uczelni, kt\u00f3ra dumnie nosi imi\u0119 Jana Paw\u0142a II, powinny hamowa\u0107 swoje j\u0119zyki. Inna sprawa, \u017ce wypowied\u017a prorektora bardzo pomog\u0142a w nag\u0142o\u015bnieniu sprawy, czego efektem jest to, \u017ce od wieczornego wydania &#8222;Panoramy&#8221; do 7.00 rano dnia nastepnego wp\u0142yn\u0119\u0142y przez internet a\u017c 543 podpisy.<\/p>\r\n\r\n<p>Trzeba te\u017c zaznaczy\u0107, \u017ce w\u015br\u00f3d sygnatariuszy sa tak\u017ce darczy\u0144cy KUL, kt\u00f3rych rektor tej uczelni w Poniedzia\u0142ek Wielkanocny po raz kolejny wzywa\u0142 do przekazywaniu datk\u00f3w. Taka wi\u0119c wypowied\u017a prorektora to prawdziwy strza\u0142 we w\u0142asn\u0105 stop\u0119.<\/p>\r\n\r\n<p>Sygnatariuszy listu informuj\u0119, \u017ce ich podpisy sa systematycznie nanoszone. Poszczegolne nazwiska mo\u017cna znale\u017c\u0107 poprzez wyszukiwark\u0119 na mojej stronie. Dzisiaj wpisanych b\u0119dzie kolejnych tysi\u0105c os\u00f3b.<\/p>\r\n\r\n<p>Dzi\u0119kuj\u0119 w imieniu organizator\u00f3w w\u0142a\u015bcicielom innych stron internetowych, kt\u00f3rzy w\u0142\u0105czyli si\u0119 do akcji. Przy okazji, warto za zapoznac si\u0119 z wpisami na forum &#8222;Dziennika Wschodnieg&#8221; i zabrac tam g\u0142os w tej sprawie. Link: <a href=\"http:\/\/forum.dziennikwschodni.pl\/Kresowianie-Nie-dla-Juszczenki-honory-KUL-t16071.html\">http:\/\/forum.dziennikwschodni.pl\/Kresowianie-Nie-dla-Juszczenki-honory-KUL-t16071.html<\/a><\/p>\r\n\r\n<p><br class=\"spacer_\" \/><\/p>\r\n\r\n\r\n<div class=\"headerLeft\">\r\n<blockquote>\r\n<div class=\"shead\">Isakowicz-Zaleski krytykuje KUL<\/div>\r\n<div class=\"title\">\r\n<h1>Doktorat dla Juszczenki w cieniu UPA<\/h1>\r\n<\/div>\r\n<div class=\"source\">\u0179r\u00f3d\u0142o: TVP<\/div>\r\n\r\n\r\n<p>W li\u015bcie otwartym do w\u0142adz Katolickiego Uniwersytetu Lubelskiego ks. Tadeusz Isakowicz-Zaleski protestuje przeciw nadaniu tytu\u0142u Wiktorowi Juszczence. Pod listem podpisuje si\u0119 coraz wi\u0119cej os\u00f3b. <br \/>\r\n <br \/>\r\n Wiktor Juszczenko doktorat honoris causa ma otrzyma\u0107 wraz z prezydentami innych kraj\u00f3w, kt\u00f3re przed 440 laty wsp\u00f3\u0142tworzy\u0142y Uni\u0119 Lubelsk\u0105. <br \/>\r\n <br \/>\r\n W li\u015bcie otwartym do w\u0142adz KUL Isakowicz-Zaleski napisa\u0142 m.in., \u017ce \u201euhonorowanie Juszczenki, admiratora najgorszych tradycji Ukrainy, b\u0119dzie gestem wobec poprawno\u015bci politycznej i pozostanie ciemn\u0105 plam\u0105 na historii KUL\u201d. <br \/>\r\n <br \/>\r\n Ksi\u0105dz przypomina, \u017ce Juszczenko walczy\u0142 o prawa kombatanckie m.in. dla \u017co\u0142nierzy UPA. W 64. rocznic\u0119 powstania ukrai\u0144skiej organizacji m\u00f3wi\u0142 z kolei, \u201e\u017ce swoimi bohaterskimi czynami wpisa\u0142a si\u0119 z\u0142otymi zg\u0142oskami do s\u0142awnej historii pa\u0144stwa ukrai\u0144skiego\u201d. <br \/>\r\n <br \/>\r\n <em>&#8211; To r\u0119kami jej \u017co\u0142nierzy zamordowano na Wo\u0142yniu co najmniej 100 tys. Polak\u00f3w, \u017byd\u00f3w i Ormian <\/em>&#8211; przypomina Isakowicz-Zaleski. <br \/>\r\n <br \/>\r\n <em>&#8211; Wiktor Juszczenko fa\u0142szuje histori\u0119, gloryfikuje zbrodniarzy i przez to pokazuje, \u017ce mo\u017cna oddawa\u0107 cze\u015b\u0107 tym, kt\u00f3rzy mordowali Polak\u00f3w &#8211; <\/em>dodaje. <br \/>\r\n <br \/>\r\n W\u0142adze uczelni listem ksi\u0119dza s\u0105 oburzone. <em>&#8211; Ja bym go zapyta\u0142, co zrobi\u0142 dla KUL, skoro go atakuje. My chcemy co\u015b zrobi\u0107 dla przysz\u0142o\u015bci Polski, sygnalizuj\u0105c, \u017ce przyja\u017a\u0144 z Ukrain\u0105 jest nam droga i bliska &#8211; <\/em>powiedzia\u0142 rektor KUL prof. Franciszek Fert. <br \/>\r\n <br \/>\r\n Rektor uczelni dodaje, \u017ce jeden cz\u0142owiek nie b\u0119dzie decydowa\u0142 o przyznawaniu tytu\u0142\u00f3w naukowych. Tymczasem pod listem &#8211; w ci\u0105gu kilku dni &#8211; podpisa\u0142o si\u0119 ju\u017c kilkadziesi\u0105t organizacji i 2 tysi\u0105ce os\u00f3b. <br \/>\r\n <br \/>\r\n <strong>Przymykanie oczu w imi\u0119 dobrych relacji?<\/strong> <br \/>\r\n <br \/>\r\n Ks. Zaleski zarzuca polskim w\u0142adzom, \u017ce kosztem dobros\u0105siedzkich stosunk\u00f3w zapominaj\u0105 o ofiarach mord\u00f3w na kresach. <br \/>\r\n <br \/>\r\n Prezydent Kaczy\u0144ski przed trzema laty w Paw\u0142okomie wspomina\u0142 kilkuset Ukrai\u0144c\u00f3w zabitych przez Polak\u00f3w. Dopiero przed dwoma miesi\u0105cami obaj prezydenci uczcili pami\u0119\u0107 zamordowanych mieszka\u0144c\u00f3w Huty Pieniackiej.<\/p><\/blockquote>\r\n<\/div>\r\n<div class=\"toolbox\">\r\n<div id=\"recommend-form-content\"><form id=\"recommend-form\" action=\"pub\/stat\/sendtofriend\" method=\"get\"><\/form><\/div>\r\n<div class=\"clr\"><!-- --><\/div>\r\n<\/div>\r\n<div class=\"clr\"><!-- --><\/div>\r\n<div class=\"ds\"><strong>Przybieraj\u0105 na sile protesty wok\u00f3\u0142 decyzji o przyznaniu doktoratu honoris causa Wiktorowi Juszczence. Na czele niezadowolonych jest ks. Tadeusz Isakowicz-Zaleski. Twarz lustracji w polskim Ko\u015bciele grzmi, \u017ce w zwi\u0105zku ze swoj\u0105 gloryfikacj\u0105 dzia\u0142a\u0144 \u017co\u0142nierzy UPA ukrai\u0144ski przyw\u00f3dca nie zas\u0142uguje na najwa\u017cniejsze odznaczenie Katolickiego Uniwersytetu Lubelskiego. <\/strong><\/div>\r\n<div class=\"clr\"><!-- --><\/div>\r\n<div class=\"mediaBox fl\">\r\n<div class=\"photo\"><a title=\"Wiktor Juszczenko w Hucie Pieniackiej (fot.arch.)\" rel=\"lightbox[534268]\" href=\"http:\/\/s.v3.tvp.pl\/images\/6\/9\/f\/uid_69f72e0ba081ada0441da855973fbeb91240247892485_width_700_play_0_pos_3_gs_0.jpg\"><img decoding=\"async\" src=\"http:\/\/s.v3.tvp.pl\/images\/6\/9\/f\/uid_69f72e0ba081ada0441da855973fbeb91240247892485_width_268_play_0_pos_3_gs_0.jpg\" alt=\"Wiktor Juszczenko\" \/> <\/a>\r\n<div class=\"subtitle\">Wiktor Juszczenko w Hucie Pieniackiej (fot.arch.)<!-- --><\/div>\r\n<div class=\"clr\"><!-- --><\/div>\r\n<\/div>\r\n<div class=\"modulBox watch\">\r\n<h4>Zobacz wideo<\/h4>\r\n<div class=\"links\">\r\n<ul>\r\n\t\t<li><a title=\"Isakowicz-Zaleski krytykuje decyzj\u0119 KUL \" href=\"http:\/\/www.isakowicz.pl\/nowytvpinfo\/wiadomosci\/polska\/doktorat-dla-juszczenki-w-cieniu-upa\/isakowiczzaleski-krytykuje-decyzje-kul\">Isakowicz-Zaleski krytykuje decyzj\u0119 KUL <\/a><\/li>\r\n<\/ul>\r\n<\/div>\r\n<\/div>\r\n<!-- --><\/div>\r\n\r\n\r\n<p><br class=\"spacer_\" \/><\/p>\r\n\r\n<p>Za: <a href=\"http:\/\/www.isakowicz.pl\/index.php?page=news&amp;kid=8&amp;nid=1682&amp;PHPSESSID=388da97a2aa58c6cf95928539d8305ed\" target=\"_blank\">Blog ks. Tadeusza Isakowicza-Zaleskiego<\/a><\/p>\r\n\r\n<p><br class=\"spacer_\" \/><\/p>","protected":false},"excerpt":{"rendered":"\u0179enuj\u0105ca wypowied\u017a przedstawiciela KUL w telewizyjnej &#8222;Panoramie&#8221; doskonale ilustruje problemy z to\u017csamo\u015bci\u0105 jaka ma ta zas\u0142u\u017cona uczelnia. Id\u0105c bowiem\u00a0tokiem rozumowania w\u0142adz uczelnianych do dla dobra stosunk\u00f3w Polski z Niemcami czy Bia\u0142orusi\u0105 doktoraty h.c. powinni tak\u017ce dosta\u0107 Erica Steinbach i Aleksander \u0141ukaszenka. Inna sprawa, \u017ce pan prorektor wyra\u017anie wprowadza opini\u0119 publiczn\u0105 w b\u0142\u0105d, sugeruj\u0105c, \u017ce protest [&hellip;]","protected":false},"author":1,"featured_media":0,"comment_status":"closed","ping_status":"closed","sticky":false,"template":"","format":"standard","meta":{"_acf_changed":false,"_monsterinsights_skip_tracking":false,"_monsterinsights_sitenote_active":false,"_monsterinsights_sitenote_note":"","_monsterinsights_sitenote_category":0,"ngg_post_thumbnail":0,"footnotes":"","_wp_rev_ctl_limit":""},"categories":[8],"tags":[17],"acf":[],"_links":{"self":[{"href":"https:\/\/www.bibula.com\/index.php?rest_route=\/wp\/v2\/posts\/8597"}],"collection":[{"href":"https:\/\/www.bibula.com\/index.php?rest_route=\/wp\/v2\/posts"}],"about":[{"href":"https:\/\/www.bibula.com\/index.php?rest_route=\/wp\/v2\/types\/post"}],"author":[{"embeddable":true,"href":"https:\/\/www.bibula.com\/index.php?rest_route=\/wp\/v2\/users\/1"}],"replies":[{"embeddable":true,"href":"https:\/\/www.bibula.com\/index.php?rest_route=%2Fwp%2Fv2%2Fcomments&post=8597"}],"version-history":[{"count":0,"href":"https:\/\/www.bibula.com\/index.php?rest_route=\/wp\/v2\/posts\/8597\/revisions"}],"wp:attachment":[{"href":"https:\/\/www.bibula.com\/index.php?rest_route=%2Fwp%2Fv2%2Fmedia&parent=8597"}],"wp:term":[{"taxonomy":"category","embeddable":true,"href":"https:\/\/www.bibula.com\/index.php?rest_route=%2Fwp%2Fv2%2Fcategories&post=8597"},{"taxonomy":"post_tag","embeddable":true,"href":"https:\/\/www.bibula.com\/index.php?rest_route=%2Fwp%2Fv2%2Ftags&post=8597"}],"curies":[{"name":"wp","href":"https:\/\/api.w.org\/{rel}","templated":true}]}}