{"id":8587,"date":"2009-04-21T12:29:30","date_gmt":"2009-04-21T17:29:30","guid":{"rendered":"http:\/\/www.bibula.com\/?p=8587"},"modified":"2009-04-21T12:29:30","modified_gmt":"2009-04-21T17:29:30","slug":"czechy-medialna-nagonka-po-ataku-na-cyganow","status":"publish","type":"post","link":"https:\/\/www.bibula.com\/?p=8587","title":{"rendered":"Czechy: Medialna nagonka po ataku na Cygan\u00f3w"},"content":{"rendered":"<p>Czeskie media robi\u0105 co mog\u0105,\u00a0 by odwroci\u0107 kart\u0119 na rzecz Cygan\u00f3w w istniej\u0105cym sporze czesko-romskim.Na chwil\u0119 obecn\u0105 \u017cyj\u0105 incydentem, w kt\u00f3rym ranna zosta\u0142a cyga\u0144ska rodzina. Ich dom w Vitkowie mia\u0142 zosta\u0107 obrzucony koktajlami mo\u0142otowa, policja &#8222;nie wyklucza motyw\u00f3w rasistowskich&#8221;.                                                                  Mimo ze policja dysponuje jak na razie przypuszczeniami, rz\u0105d ju\u017c zapowiedzia\u0142 skuteczniejsz\u0105 &#8222;walk\u0119 z ekstremizmem&#8221;, kt\u00f3ry objawia si\u0119 np zdecydowanymi reakcjami nacjonalist\u00f3w i mieszka\u0144c\u00f3w miast wobec cyga\u0144skiego terroru. Odchodz\u0105cy szef rz\u0105du, Mirek Topolanek powiedzia\u0142,\u00a0 \u017ce &#8222;istnieje do\u015b\u0107 spory problem rasizmu o kt\u00f3rym si\u0119 nie m\u00f3wi&#8221; i zapowiedzia\u0142 &#8222;konkretne dzia\u0142ania&#8221; kt\u00f3re podejmie jego rz\u0105d zanim na pocz\u0105tku maja zmieni go gabinet tymczasowy Jana Fishera. Problemem o kt\u00f3rym m\u00f3wienie jest politycznie niepoprawne, to strach czeskich mieszkanc\u00f3w miast terroryzowanych, zaczepianych i napadanych przez cyga\u0144skich kryminalist\u00f3w.Dzia\u0142aniami &#8222;przeciwko ekstremistom&#8221; politycy cz\u0119sto ratuj\u0105 sw\u00f3j nadszarpni\u0119ty wizerunek, poszkodowanymi w takich sporach na og\u00f3\u0142 s\u0105 rodowici mieszka\u0144cy europejskich kraj\u00f3w.<\/p>\r\n\r\n<p>Podczas gdy Cyganie s\u0105 zmora wielu czeskich miejscowo\u015bci, w wyja\u015bnienie incydentu z Vitkowa anga\u017cuje si\u0119 Unia Europejska, kt\u00f3rej komisarz ds zatrudnienia i praw socjalnych Vladimir Szpidla zaapelowa\u0142 do czeskich w\u0142adz o &#8222;zbadanie ataku&#8221;.W wypadku atak\u00f3w Cyganow na Czechow instytucje nie reaguj\u0105 tak energicznie, za\u015b media staraj\u0105 si\u0119 przedstawi\u0107 takie sytuacje, je\u015bli w og\u00f3le o nich wspomn\u0105, jako sprowokowan\u0105 odpowiedz na rasistowskie zaczepki. Unijny komisarz zaniepokojony jest &#8222;rosnac\u0105 liczba przemocy wobec Rom\u00f3w w Europie i wp\u0142ywie, jaki w wielu krajach zyskuje populistyczna retoryka antyromska&#8221;. Stosowana przez wszystkie instytucje UE retoryka antyeuropejska, antynarodowa okre\u015bla mianem rasist\u00f3w wszystkich przeciwstawiaj\u0105cych si\u0119 problemowi cyga\u0144skiej przest\u0119pczo\u015bci w Europie. Europejczycy w swoich krajach coraz cz\u0119\u015bciej staja si\u0119 obywatelami drugiej kategorii, pozbawionymi jakiejkolwiek ochrony w\u0142asnych kraj\u00f3w przed kolorowymi mniejszo\u015bciami trudni\u0105cymi si\u0119 nierzadko przestepczo\u015bci\u0105. Stad tez coraz cz\u0119stsze wystapienia miejscowej ludno\u015bci w obronie w\u0142asnej, swoich rodzin i dobytku.<\/p>\r\n\r\n<p class=\"zrodlo\" style=\"text-align: left;\">za: eseswu.blogspot.com<\/p>\r\n\r\n<p class=\"zrodlo\" style=\"text-align: left;\">Za: <a href=\"http:\/\/www.nacjonalista.org\/wiadomosci.php?id=6181\" target=\"_blank\">nacjonalista.pl<\/a><\/p>","protected":false},"excerpt":{"rendered":"Czeskie media robi\u0105 co mog\u0105,\u00a0 by odwroci\u0107 kart\u0119 na rzecz Cygan\u00f3w w istniej\u0105cym sporze czesko-romskim.Na chwil\u0119 obecn\u0105 \u017cyj\u0105 incydentem, w kt\u00f3rym ranna zosta\u0142a cyga\u0144ska rodzina. Ich dom w Vitkowie mia\u0142 zosta\u0107 obrzucony koktajlami mo\u0142otowa, policja &#8222;nie wyklucza motyw\u00f3w rasistowskich&#8221;. Mimo ze policja dysponuje jak na razie przypuszczeniami, rz\u0105d ju\u017c zapowiedzia\u0142 skuteczniejsz\u0105 &#8222;walk\u0119 z ekstremizmem&#8221;, kt\u00f3ry [&hellip;]","protected":false},"author":1,"featured_media":0,"comment_status":"closed","ping_status":"closed","sticky":false,"template":"","format":"standard","meta":{"_acf_changed":false,"_monsterinsights_skip_tracking":false,"_monsterinsights_sitenote_active":false,"_monsterinsights_sitenote_note":"","_monsterinsights_sitenote_category":0,"ngg_post_thumbnail":0,"footnotes":"","_wp_rev_ctl_limit":""},"categories":[6],"tags":[31],"acf":[],"_links":{"self":[{"href":"https:\/\/www.bibula.com\/index.php?rest_route=\/wp\/v2\/posts\/8587"}],"collection":[{"href":"https:\/\/www.bibula.com\/index.php?rest_route=\/wp\/v2\/posts"}],"about":[{"href":"https:\/\/www.bibula.com\/index.php?rest_route=\/wp\/v2\/types\/post"}],"author":[{"embeddable":true,"href":"https:\/\/www.bibula.com\/index.php?rest_route=\/wp\/v2\/users\/1"}],"replies":[{"embeddable":true,"href":"https:\/\/www.bibula.com\/index.php?rest_route=%2Fwp%2Fv2%2Fcomments&post=8587"}],"version-history":[{"count":0,"href":"https:\/\/www.bibula.com\/index.php?rest_route=\/wp\/v2\/posts\/8587\/revisions"}],"wp:attachment":[{"href":"https:\/\/www.bibula.com\/index.php?rest_route=%2Fwp%2Fv2%2Fmedia&parent=8587"}],"wp:term":[{"taxonomy":"category","embeddable":true,"href":"https:\/\/www.bibula.com\/index.php?rest_route=%2Fwp%2Fv2%2Fcategories&post=8587"},{"taxonomy":"post_tag","embeddable":true,"href":"https:\/\/www.bibula.com\/index.php?rest_route=%2Fwp%2Fv2%2Ftags&post=8587"}],"curies":[{"name":"wp","href":"https:\/\/api.w.org\/{rel}","templated":true}]}}