{"id":85802,"date":"2016-02-14T15:25:26","date_gmt":"2016-02-14T20:25:26","guid":{"rendered":"http:\/\/www.bibula.com\/?p=85802"},"modified":"2016-02-14T15:25:26","modified_gmt":"2016-02-14T20:25:26","slug":"folksfront-przeciwko-sanacji-stanislaw-michalkiewicz","status":"publish","type":"post","link":"https:\/\/www.bibula.com\/?p=85802","title":{"rendered":"\u201eFo\u0142ksfront&#8221; przeciwko \u201esanacji&#8221; &#8211; <em>Stanis\u0142aw Michalkiewicz<\/em>"},"content":{"rendered":"<p>Wprawdzie antypolskie dzia\u0142ania, do kt\u00f3rych wci\u0105gane s\u0105 instytucje Unii Europejskiej, mog\u0105 spowodowa\u0107 gro\u017ane nast\u0119pstwa zar\u00f3wno dla pa\u0144stwa, jak i dla narodu polskiego &#8211; bo pa\u0144stwo mo\u017ce zosta\u0107 rozebrane, za\u015b nar\u00f3d polski &#8211; we w\u0142asnym kraju zepchni\u0119ty do roli narodu drugiej kategorii, ale mimo ca\u0142ej powagi sytuacji, obfituje one w niezamierzone elementy komiczne i tragikomiczne, czyli groteskowe. Wojna polityczna, jak\u0105 przeciwko Prawu i Sprawiedliwo\u015bci prowadzi RAZWIEDUPR, wykorzystuj\u0105cy w tym celu wykreowane przez bezpiek\u0119 Platform\u0119 Obywatelsk\u0105 i Nowoczesn\u0105 oraz konfident\u00f3w, masowo zmobilizowanych do Komitetu Obrony Demokracji, kt\u00f3rzy na polecenie i pod dyskretn\u0105 kontrol\u0105 oficer\u00f3w prowadz\u0105cych co sobot\u0119 kicaj\u0105 jak nie w obronie demokracji, to w obronie praworz\u0105dno\u015bci, jak nie w obronie praworz\u0105dno\u015bci, to w obronie wolno\u015bci &#8211; bo wiadomo, \u017ce nikt nie obroni wolno\u015bci skuteczniej od ubowc\u00f3w, kt\u00f3rzy ju\u017c w poprzednich pokoleniach ubeckich dynastii nie\u015bli Polakom wolno\u015b\u0107 i demokracj\u0119 ludow\u0105.<\/p><p>Kolaboruje z RAZWIEDUPR-em \u017cydowskie lobby zar\u00f3wno w Polsce, jak i za granic\u0105, pokazuj\u0105c w ten spos\u00f3b, \u017ce na naszych oczach odtworzy\u0142 si\u0119 sojusz \u201e<i>Cham\u00f3w<\/i>\u201d z \u201e<i>\u017bydami<\/i>\u201d. Jak pami\u0119tamy, polskoj\u0119zyczna wsp\u00f3lnota rozb\u00f3jnicza, z kt\u00f3r\u0105 historyczny nar\u00f3d Polski od 1944 roku musi dzieli\u0107 terytorium pa\u0144stwowe, w 1955 roku, pragn\u0105c unikn\u0105\u0107 odpowiedzialno\u015bci za zbrodnie okresu stalinowskiego, podzieli\u0142a si\u0119 na dwie polityczne frakcje, kt\u00f3re w\u0142a\u015bnie tak si\u0119 nawzajem przezywa\u0142y i pr\u00f3bowa\u0142y t\u0119 odpowiedzialno\u015b\u0107 zrzuci\u0107 na siebie nawzajem. Sprytniejsze \u201e<i>\u017bydy<\/i>\u201d natychmiast przywdzia\u0142y kostiumy szermierzy wolno\u015bci i nieub\u0142aganym palcem wskaza\u0142y na \u201e<i>Cham\u00f3w<\/i>\u201d, jako winowajc\u00f3w wszystkiego. Rozw\u015bcieczone t\u0105 bezczelno\u015bci\u0105 \u201e<i>Chamy<\/i>\u201d podkre\u015bla\u0142y, \u017ce owszem &#8211; mordowa\u0142y i \u0142ama\u0142y ko\u015bci &#8211; ale przecie\u017c na polecenie \u201e<i>\u017byd\u00f3w<\/i>\u201d, kt\u00f3rzy im rozkazywali, jako ubecka elita. Ten konflikt mia\u0142 kolejn\u0105 ods\u0142on\u0119 w marcu 1968, kiedy to \u201e<i>Chamy<\/i>\u201d odegra\u0142y si\u0119 na \u201e<i>\u017bydach<\/i>\u201d, kt\u00f3rzy sprytnie skorzystali z okazji, by wymie\u015b\u0107 si\u0119 z cudnego raju na Zach\u00f3d, gdzie od razu przywdziali szaty m\u0119czennik\u00f3w re\u017cymu &#8211; tym bardziej wybielone, im wi\u0119ksze \u0142otrostwa w okresie dobrego fartu pope\u0142niali.<\/p><p>Kto\u015b mo\u017ce si\u0119 z\u017cyma\u0107, \u017ce przypominam tamte dawne sprawy, ale jak\u017ce tu nie przypomina\u0107, kiedy obecna wojna polityczna w Polsce przypomina historyczn\u0105 rekonstrukcj\u0119? Nie jest chyba dla nikogo \u017cadn\u0105 tajemnic\u0105, \u017ce &#8211; o ile pan prezes Jaros\u0142aw Kaczy\u0144ski ma jakie\u015b idea\u0142y &#8211; jego idea\u0142em jest II Rzeczpospolita, ale pod rz\u0105dami \u201e<i>sanacji<\/i>\u201d. By\u0142 to rodzaj autorytatyzmu, ale polskim zwyczajem &#8211; bardzo safandulskiego, wi\u0119c na przyk\u0142ad z demonicznym autorytatyzmem hitlerowskim w og\u00f3le nie por\u00f3wnywalnego. Ale chocia\u017c safandulski, dla \u017cydokomuny stanowi znakomity pretekst, by na t\u0119 historyczn\u0105 rekonstrukcj\u0119 odpowiedzie\u0107 swoj\u0105, a w\u0142a\u015bciwie nie tyle \u201e<i>swoj\u0105<\/i>\u201d, co stalinowsk\u0105 rekonstrukcj\u0105 historyczn\u0105 w postaci tzw. \u201e<i>fo\u0142ksfrontu<\/i>\u201d. W latach 30 Ojciec Narod\u00f3w obmy\u015bli\u0142 bowiem strategi\u0119 przechwytywania przyw\u00f3dztwa politycznego w krajach Europy Zachodniej przez partie komunistyczne pod pretekstem robienia \u201e<i>no pasaran<\/i>\u201d faszyzmowi. W tym celu faszyzm, chocia\u017c by\u0142 jedn\u0105 z radykalnych postaci socjalizmu, zosta\u0142 uznany za \u201e<i>prawic\u0119<\/i>\u201d i to w dodatku \u201e<i>skrajn\u0105<\/i>\u201d, dla kt\u00f3rej przeciwwag\u0105 mia\u0142y by\u0107 \u201e<i>fronty ludowe<\/i>\u201d, czyli tak zwane \u201e<i>fo\u0142ksfronty<\/i>\u201d, w kt\u00f3rych role politycznego kierownika mia\u0142a pe\u0142ni\u0107 \u017cydokomuna.<\/p><p>Dla postkomuny, kt\u00f3ra po uw\u0142aszczeniu utraci\u0142a wszelk\u0105 wiarygodno\u015b\u0107 w\u015br\u00f3d \u201e<i>proletariatu<\/i>\u201d (symbolicznym tego wyrazem by\u0142a scena, gdy do manifestacji bezrobotnych przez Sejmem wysz\u0142a pos\u0142anka Izabela Sierakowska, w futrze do kostek, uciu\u0142anym ze \u201e<i>spo\u0142ecznej wra\u017cliwo\u015bci<\/i>\u201d, podobnie jak wystawny dw\u00f3r w Radawcu ko\u0142o Lublina), uczestnictwo w \u201e<i>fo\u0142ksfroncie<\/i>\u201d jest znakomitym wyj\u015bciem z patowej sytuacji ideologicznej tym bardziej, \u017ce utraciwszy wiarygodno\u015b\u0107 w \u015brodowisku tradycyjnego proletariatu, musi odwo\u0142ywa\u0107 si\u0119 do proletariatu zast\u0119pczego w postaci sodomit\u00f3w, gomorytek, no i oczywi\u015bcie \u017byd\u00f3w, kt\u00f3rzy , je\u015bli tylko trzeba, mog\u0105 odegra\u0107 ka\u017cd\u0105 rol\u0119 i wcieli\u0107 si\u0119 w cokolwiek &#8211; jak to pokaza\u0142 Woody Allen w filmie \u201e<i>Zelig<\/i>\u201d, kiedy to tytu\u0142owemu Zeligowi, jak tylko znajduje si\u0119 w\u015br\u00f3d Murzyn\u00f3w, zaraz czernieje sk\u00f3ra, a gdy jest w\u015br\u00f3d kobiet w ci\u0105\u017cy &#8211; ro\u015bnie brzuch. \u201e<i>\u017bydy<\/i>\u201d maj\u0105 oczywi\u015bcie swoj\u0105 kalkulacj\u0119, obliczon\u0105 na doprowadzenie mniej warto\u015bciowego narodu tubylczego do stanu psychicznej, a potem i fizycznej bezbronno\u015bci, by go tym \u0142atwiej ograbi\u0107 pod pretekstem tak zwanych \u201e<i>roszcze\u0144<\/i>\u201d. Skoro jest do zrobienia taki znakomity interes, to czemu\u017c nie odegra\u0107 historycznej rekonstrukcji w postaci \u201e<i>fo\u0142ksfrontu<\/i>\u201d, kt\u00f3ry dodatkowo uzyska wsparcie ze strony Niemiec, zainteresowanych przecie\u017c za\u0142atwieniem remanent\u00f3w oczekuj\u0105cych na to ju\u017c od 70 lat!<\/p><p>Na tym tle groteskowo wygl\u0105da celebrowanie przez cz\u0119\u015b\u0107 katolickiego duchowie\u0144stwa w Polsce \u201e<i>Dnia Judaizmu<\/i>\u201d, w ramach kt\u00f3rego &#8211; niezale\u017cnie od wymy\u015blanych ka\u017cdego roku kaboty\u0144skich hase\u0142 &#8211; Ko\u015bci\u00f3\u0142 katolicki w Polsce wprz\u0119gany jest nie tylko w s\u0142u\u017cb\u0119 \u017cydowskiej polityki historycznej, kt\u00f3ra co najmniej od kilkunastu lat jest \u015bci\u015ble skoordynowana z polityk\u0105 historyczn\u0105 niemieck\u0105, ale r\u00f3wnie\u017c w s\u0142u\u017cb\u0119 \u017cydowskiego przemys\u0142u rozrywkowego. Chocia\u017c niekt\u00f3re aspekty obchod\u00f3w \u201e<i>Dnia Judaizmu<\/i>\u201d wywo\u0142uj\u0105 niezamierzony efekt komiczny, to generalnie sprzyjaj\u0105 one doprowadzaniu historycznego narodu polskiego do stanu psychicznej bezbronno\u015bci. Czym kieruje si\u0119 \u017cydofilska cz\u0119\u015b\u0107 katolickiego duchowie\u0144stwa w Polsce &#8211; trudno zgadn\u0105\u0107, bo je\u015bli liczy na to, i\u017c po uzyskaniu ekonomicznej, a co za tym idzie &#8211; spo\u0142ecznej i politycznej dominacji w Polsce, \u017bydzi w stosunku do Ko\u015bcio\u0142a, a zw\u0142aszcza &#8211; duchowie\u0144stwa, zachowaj\u0105 si\u0119 tolerancyjnie, to z pewno\u015bci\u0105 si\u0119 przeliczy.<\/p><p>Przestrog\u0105 niech b\u0119dzie \u017cydowska gazeta dla Polak\u00f3w pod redakcj\u0105 Adama Michnika. Kreuje si\u0119 ona na przeciwniczk\u0119 przypominania by\u0142ym konfidentom SB ich zaanga\u017cowania, ale kiedy tylko trzeba kogo\u015b zdyscyplinowa\u0107, bez najmniejszego wahania si\u0119ga po lustracyjny miecz. Tak by\u0142o w przypadku JE abpa Henryka Muszy\u0144skiego, kt\u00f3remu przy okazji pogrzebu kt\u00f3rej\u015b ofiary katastrofy smole\u0144skiej wypsn\u0119\u0142o si\u0119 w kazaniu zdanie o potrzebie \u201e<i>kontynuowania misji zmar\u0142ego prezydenta<\/i>\u201d. \u201e<i>Gazeta Wyborcza<\/i>\u201d przywr\u00f3ci\u0142a go do rzeczywisto\u015bci dwoma s\u0142owami: \u201e<i>lustracji te\u017c?<\/i>\u201d i tak jest teraz w przypadku JE bpa Wies\u0142awa Meringa, kt\u00f3rego, kiedy tylko o\u015bmieli\u0142 si\u0119 skrytykowa\u0107 atakuj\u0105cego Polsk\u0119 niemieckiego niedouka Schulza, rzucona przez redakcyjny Judenrat na religijny odcinek frontu ideologicznego pani red. Katarzyna Wi\u015bniewska, zlustrowa\u0142a bez \u017cadnych ceregieli.<\/p><p><strong><em>Stanis\u0142aw Michalkiewicz<\/em><\/strong><\/p><p>Felieton \u00a0<b>\u2022<\/b>\u00a0 tygodnik \u201ePolska Niepodleg\u0142a\u201d \u00a0<b>\u2022<\/b>\u00a0 13 lutego 2016<\/p>","protected":false},"excerpt":{"rendered":"Wprawdzie antypolskie dzia\u0142ania, do kt\u00f3rych wci\u0105gane s\u0105 instytucje Unii Europejskiej, mog\u0105 spowodowa\u0107 gro\u017ane nast\u0119pstwa zar\u00f3wno dla pa\u0144stwa, jak i dla narodu polskiego &#8211; bo pa\u0144stwo mo\u017ce zosta\u0107 rozebrane, za\u015b nar\u00f3d polski &#8211; we w\u0142asnym kraju zepchni\u0119ty do roli narodu drugiej kategorii, ale mimo ca\u0142ej powagi sytuacji, obfituje one w niezamierzone elementy komiczne i tragikomiczne, czyli [&hellip;]","protected":false},"author":1,"featured_media":0,"comment_status":"closed","ping_status":"closed","sticky":false,"template":"","format":"standard","meta":{"_acf_changed":false,"_monsterinsights_skip_tracking":false,"_monsterinsights_sitenote_active":false,"_monsterinsights_sitenote_note":"","_monsterinsights_sitenote_category":0,"ngg_post_thumbnail":0,"footnotes":"","_wp_rev_ctl_limit":""},"categories":[9],"tags":[53,101,34],"acf":[],"_links":{"self":[{"href":"https:\/\/www.bibula.com\/index.php?rest_route=\/wp\/v2\/posts\/85802"}],"collection":[{"href":"https:\/\/www.bibula.com\/index.php?rest_route=\/wp\/v2\/posts"}],"about":[{"href":"https:\/\/www.bibula.com\/index.php?rest_route=\/wp\/v2\/types\/post"}],"author":[{"embeddable":true,"href":"https:\/\/www.bibula.com\/index.php?rest_route=\/wp\/v2\/users\/1"}],"replies":[{"embeddable":true,"href":"https:\/\/www.bibula.com\/index.php?rest_route=%2Fwp%2Fv2%2Fcomments&post=85802"}],"version-history":[{"count":0,"href":"https:\/\/www.bibula.com\/index.php?rest_route=\/wp\/v2\/posts\/85802\/revisions"}],"wp:attachment":[{"href":"https:\/\/www.bibula.com\/index.php?rest_route=%2Fwp%2Fv2%2Fmedia&parent=85802"}],"wp:term":[{"taxonomy":"category","embeddable":true,"href":"https:\/\/www.bibula.com\/index.php?rest_route=%2Fwp%2Fv2%2Fcategories&post=85802"},{"taxonomy":"post_tag","embeddable":true,"href":"https:\/\/www.bibula.com\/index.php?rest_route=%2Fwp%2Fv2%2Ftags&post=85802"}],"curies":[{"name":"wp","href":"https:\/\/api.w.org\/{rel}","templated":true}]}}