{"id":85783,"date":"2016-02-12T14:41:27","date_gmt":"2016-02-12T19:41:27","guid":{"rendered":"http:\/\/www.bibula.com\/?p=85783"},"modified":"2016-02-12T14:41:27","modified_gmt":"2016-02-12T19:41:27","slug":"szydlo-w-berlinie-wewnetrzne-sprawy-polski-nie-powinny-angazowac-politykow-europejskich","status":"publish","type":"post","link":"https:\/\/www.bibula.com\/?p=85783","title":{"rendered":"Szyd\u0142o w Berlinie: \u201eWewn\u0119trzne sprawy Polski nie powinny anga\u017cowa\u0107 polityk\u00f3w europejskich&#8221;"},"content":{"rendered":"<p><strong>Premier Beata Szyd\u0142o podczas spotkania w siedzibie Fundacji Koerbera zwr\u00f3ci\u0142a uwag\u0119 na rzeczywiste problemy Europy, wobec kt\u00f3rych badanie stanu demokracji w Polsce ma by\u0107 tematem zast\u0119pczym. \u201eW czasie, gdy jest ta troska o polski Trybuna\u0142 Konstytucyjny, by\u0107 mo\u017ce umykaj\u0105 wa\u017cne sprawy dotycz\u0105ce chocia\u017cby kwestii migrant\u00f3w\u201d &#8211; m\u00f3wi\u0142a Szyd\u0142o.<\/strong><\/p><p>&#8211; <em>Sprawa Trybuna\u0142u Konstytucyjnego czy reformy medi\u00f3w publicznych s\u0105 wewn\u0119trznymi sprawami Polski i nie powinny anga\u017cowa\u0107 czasu polityk\u00f3w europejskich<\/em> &#8211; powiedzia\u0142a Beata Szyd\u0142o, odbywaj\u0105ca wizyt\u0119 w Berlinie.<\/p><p>&#8211; <em>Unia Europejska powinna zajmowa\u0107 si\u0119 rozmow\u0105 o wsp\u00f3lnych sprawach, politycy UE, cz\u0142onkowie UE powinni ze sob\u0105 jak najwi\u0119cej rozmawia\u0107, bo mo\u017cna cz\u0119sto odnie\u015b\u0107 wra\u017cenie, \u017ce tej rozmowy brakuje<\/em> &#8211; wskaza\u0142a szefowa rz\u0105du.<\/p><p>Premier przypomnia\u0142a o tym, jakie warto\u015bci przy\u015bwieca\u0142y Unii Europejskiej w momencie jej tworzenia. &#8211; <em>Taki by\u0142 pomys\u0142 ojc\u00f3w za\u0142o\u017cycieli, aby\u015bmy wsp\u00f3lnie dbali o swoje bezpiecze\u0144stwo, szanowali si\u0119 wzajemnie, szanowali swoj\u0105 suwerenno\u015b\u0107 i pomagali sobie. To jest ta idea, kt\u00f3ra powinna nas jednoczy\u0107 wok\u00f3\u0142 trudnych spraw, kt\u00f3re w tej chwili stoj\u0105 przed UE<\/em> &#8211; zaznaczy\u0142a.<\/p><p>&#8211; <em>Nasze wewn\u0119trzne sprawy: przytoczone tutaj na wst\u0119pie w\u0105tpliwo\u015bci dotycz\u0105ce czy to Trybuna\u0142u Konstytucyjnego, czy reformy medi\u00f3w publicznych &#8211; s\u0105 wewn\u0119trznymi sprawami Polski; to s\u0105 decyzje suwerenne polskiego parlamentu<\/em> &#8211; podkre\u015bli\u0142a Szyd\u0142o.<\/p><p>Jednocze\u015bnie polska premier stwierdzi\u0142a, i\u017c przypadek przej\u0119cia medi\u00f3w przez PiS nie stanowi precedensu w polityce europejskiej. &#8211; <em>Jako przyk\u0142ad podam, \u017ce rozwi\u0105zania wprowadzane w polskich mediach s\u0105 rozwi\u0105zaniami wprowadzonymi na wz\u00f3r francuski. Wi\u0119c nie ma powod\u00f3w, by\u015bmy wi\u0119cej czasu na ten temat po\u015bwi\u0119cali<\/em> &#8211; powiedzia\u0142a.<\/p><p>&#8211; <em>Polska demokracja ma si\u0119 \u015bwietnie. Polska demokracja si\u0119 rozwija; to jest wielka warto\u015b\u0107. Polacy s\u0105 przywi\u0105zani do wolno\u015bci. My\u015bmy o t\u0119 wolno\u015b\u0107 walczyli bardzo d\u0142ugo i to \u017ce dzisiaj jeste\u015bmy pe\u0142noprawnym cz\u0142onkiem UE i NATO, to olbrzymia warto\u015b\u0107, kt\u00f3rej nigdy nie damy sobie odebra\u0107<\/em> &#8211; przekonywa\u0142a Beata Szyd\u0142o.<\/p><p>\u0179r\u00f3d\u0142o: rp.pl<\/p><p>FO<\/p>","protected":false},"excerpt":{"rendered":"Premier Beata Szyd\u0142o podczas spotkania w siedzibie Fundacji Koerbera zwr\u00f3ci\u0142a uwag\u0119 na rzeczywiste problemy Europy, wobec kt\u00f3rych badanie stanu demokracji w Polsce ma by\u0107 tematem zast\u0119pczym. \u201eW czasie, gdy jest ta troska o polski Trybuna\u0142 Konstytucyjny, by\u0107 mo\u017ce umykaj\u0105 wa\u017cne sprawy dotycz\u0105ce chocia\u017cby kwestii migrant\u00f3w\u201d &#8211; m\u00f3wi\u0142a Szyd\u0142o.&#8211; Sprawa Trybuna\u0142u Konstytucyjnego czy reformy medi\u00f3w publicznych [&hellip;]","protected":false},"author":1,"featured_media":0,"comment_status":"closed","ping_status":"closed","sticky":false,"template":"","format":"standard","meta":{"_acf_changed":false,"_monsterinsights_skip_tracking":false,"ngg_post_thumbnail":0,"footnotes":"","_wp_rev_ctl_limit":""},"categories":[8],"tags":[166,23,98],"acf":[],"_links":{"self":[{"href":"https:\/\/www.bibula.com\/index.php?rest_route=\/wp\/v2\/posts\/85783"}],"collection":[{"href":"https:\/\/www.bibula.com\/index.php?rest_route=\/wp\/v2\/posts"}],"about":[{"href":"https:\/\/www.bibula.com\/index.php?rest_route=\/wp\/v2\/types\/post"}],"author":[{"embeddable":true,"href":"https:\/\/www.bibula.com\/index.php?rest_route=\/wp\/v2\/users\/1"}],"replies":[{"embeddable":true,"href":"https:\/\/www.bibula.com\/index.php?rest_route=%2Fwp%2Fv2%2Fcomments&post=85783"}],"version-history":[{"count":0,"href":"https:\/\/www.bibula.com\/index.php?rest_route=\/wp\/v2\/posts\/85783\/revisions"}],"wp:attachment":[{"href":"https:\/\/www.bibula.com\/index.php?rest_route=%2Fwp%2Fv2%2Fmedia&parent=85783"}],"wp:term":[{"taxonomy":"category","embeddable":true,"href":"https:\/\/www.bibula.com\/index.php?rest_route=%2Fwp%2Fv2%2Fcategories&post=85783"},{"taxonomy":"post_tag","embeddable":true,"href":"https:\/\/www.bibula.com\/index.php?rest_route=%2Fwp%2Fv2%2Ftags&post=85783"}],"curies":[{"name":"wp","href":"https:\/\/api.w.org\/{rel}","templated":true}]}}