{"id":85770,"date":"2016-02-12T09:19:23","date_gmt":"2016-02-12T14:19:23","guid":{"rendered":"http:\/\/www.bibula.com\/?p=85770"},"modified":"2016-02-12T09:20:21","modified_gmt":"2016-02-12T14:20:21","slug":"drzyjcie-mieszkancy-wsi-i-miasteczek-modernizacja-juz-po-was-idzie","status":"publish","type":"post","link":"https:\/\/www.bibula.com\/?p=85770","title":{"rendered":"Dr\u017cyjcie mieszka\u0144cy wsi i miasteczek. Modernizacja ju\u017c po Was idzie!"},"content":{"rendered":"<p><strong>Utyskiwanie na \u201eto spo\u0142ecze\u0144stwo\u201d, kt\u00f3re pokaza\u0142o pupilom salonu czerwon\u0105 kartk\u0119, przechodzi na wy\u017cszy poziom. M\u0105dre g\u0142owy zacz\u0119\u0142y kombinowa\u0107, co zrobi\u0107, aby w przysz\u0142o\u015bci taka sytuacja ju\u017c nigdy si\u0119 nie powt\u00f3rzy\u0142a. Jednym z efekt\u00f3w tego intelektualnego nad\u0119cia s\u0105 propozycje przedstawione przez Janusza Majcherka na \u0142amach \u201eGazety Wyborczej\u201d.<\/strong><\/p><p>G\u0142\u00f3wny postulat Majcherka mo\u017cna stre\u015bci\u0107 &#8211; pozwalaj\u0105c sobie na pewn\u0105 trywializacj\u0119 &#8211; w nast\u0119puj\u0105cy spos\u00f3b: wie\u015b zaora\u0107, a ludzi tam mieszkaj\u0105cych przeprowadzi\u0107 do miasta. Publicysta \u201eWyborczej\u201d m\u00f3wi bowiem wprost: \u201ePolska modernizacja musi w swej istotnej cz\u0119\u015bci wyrazi\u0107 si\u0119 przez urbanizacj\u0119, kt\u00f3rej bezpo\u015brednim skutkiem by\u0142by spadek niemo\u017cliwego do utrzymania w nowoczesnym \u015bwiecie odsetka ludno\u015bci wiejskiej\u201d.<\/p><p>Czym ludno\u015b\u0107 wiejska, a tak\u017ce (jak wynika z dalszej lektury artyku\u0142u \u201eZmodernizowa\u0107 modernizacj\u0119\u201d) ludno\u015b\u0107 ma\u0142omiasteczkowa, narazi\u0142a si\u0119 Majcherkowi? Odpowied\u017a nie zaskakuje: g\u0142osowa\u0142a na PiS! \u201eOwe zaskorupia\u0142e i skostnia\u0142e w swym archaicznym tradycjonalizmie polskie Gemeinschaften (wsp\u00f3lnoty) to w\u0142a\u015bnie spo\u0142eczna baza PiS i wszelkich ruch\u00f3w antymodernizacyjnych\u201d &#8211; pisze Majcherek.<\/p><p>Nie wolno jednak tej konstatacji postrzega\u0107 jedynie w kategoriach praktyki politycznej i widzie\u0107 w niej prosty przepis na \u201eodbicie\u201d Polski z r\u0105k Jaros\u0142awa Kaczy\u0144skiego <em>et consortes<\/em>. Gra toczy si\u0119 bowiem o stawk\u0119 o wiele wa\u017cniejsz\u0105.<\/p><p>Z pewnym zdziwieniem mo\u017cna odnie\u015b\u0107 si\u0119 do obrazu polskiej wsi, na kt\u00f3ry powo\u0142uje si\u0119 Majcherek. Autor, by jeszcze bardziej wzmocni\u0107 efekt strachu przed \u201ewsiowymi i ma\u0142omiasteczkowymi\u201d, wspiera si\u0119 opisem zawartym w opublikowanej w \u201eMagazynie \u015awi\u0105tecznym\u201d rozmowie z Marcinem Kr\u00f3lem.<\/p><p>\u201eNa wsi, gdzie mieszkam, ludzi nic nie obchodz\u0105 polska demokracja i \u017cycie publiczne. G\u0142osowali na Dud\u0119, bo przystojny. Oni niczego od polityki nie oczekuj\u0105. Wyborcz\u0105 kupuj\u0105 w kiosku trzy osoby: weterynarz, dyrektor szko\u0142y i ja. Nikt inny \u017cadnej innej gazety nie kupuje. Takich ludzi jest tam od 30 do 50 proc. i tak samo jest \u015brednio w ca\u0142ym kraju. A my si\u0119 nie zajmujemy tymi, kt\u00f3rzy nie g\u0142osuj\u0105\u201d &#8211; podkre\u015bla Kr\u00f3l.<\/p><p>I wszystko jasne! Te straszne \u201ewioskowe\u201d ludzie nie czytaj\u0105 \u201eWyborczej\u201d! Oczywistym efektem tej \u201egazetofobii\u201d jest si\u0119gaj\u0105ce dna wyrobienie polityczne! Nurzaj\u0105cy si\u0119 w \u201emaj\u0105cym polityczne skutki zacofaniu mentalno-cywilizacyjnym\u201d s\u0105 hamulcowymi dla proces\u00f3w modernizacyjnych. Ich wina jest tym wi\u0119ksza, i\u017c nie bacz\u0105c na rw\u0105cych w\u0142osy z g\u0142owy i za\u0142amuj\u0105cych nad \u201etym krajem\u201d r\u0119ce intelektualist\u00f3w, \u017cyj\u0105 sobie dalej \u201ew takich przednowoczesnych, zamkni\u0119tych wsp\u00f3lnotach wiejskich i ma\u0142omiasteczkowych konserwuj\u0105cych rozmaite formy kulturowego, obyczajowego i mentalnego zacofania\u201d. Na nic zdaj\u0105 si\u0119 poj\u0119kiwania \u201em\u0105drych g\u0142\u00f3w\u201d, jak wynika bowiem ze spisu ludno\u015bci przeprowadzonego w roku 2011 &#8211; odsetek ludno\u015bci mieszkaj\u0105cej na wsi ro\u015bnie. Oczywi\u015bcie trudno nie dostrzec zmian jakim podlega polska wie\u015b, maj\u0105 one charakter zar\u00f3wno demograficzny, ekonomiczny i kulturowy. Dla przyk\u0142adu wspomniany wzrost liczby ludno\u015bci wiejskiej &#8211; jak podkre\u015bla GUS &#8211; spowodowany by\u0142 w du\u017cej mierze migracjami z du\u017cych o\u015brodk\u00f3w miejskich na obrze\u017ca miast, nale\u017c\u0105ce ju\u017c do teren\u00f3w administracyjnie wyodr\u0119bnionych jako obszary wiejskie. A zatem \u201enowi wioskowi\u201d w du\u017cej mierze to, \u201emieszczuchy\u201d przedk\u0142adaj\u0105cy podmiejsk\u0105 spok\u00f3j i cisz\u0119 nad wype\u0142niaj\u0105cy centrum zgie\u0142k. Nie trudno przewidzie\u0107 ich reakcji na proponowan\u0105 przez Majcherka masow\u0105 urbanizacj\u0119.<\/p><p><strong>Samoorganizacja tak, ale po naszemu!<\/strong><\/p><p>Jacek Kuro\u0144, guru wsp\u00f3\u0142czesnych lewicowc\u00f3w, wielokrotnie namawia\u0142 do zmasowanej samoorganizacji. Jego s\u0142ynne \u201enie palcie komitet\u00f3w, zak\u0142adajcie w\u0142asne\u201d stanowi\u0142o dla wielu niepodwa\u017calne <em>modus operandi<\/em>. Wszystko jednak by\u0142o proste i klarowne do czasu, gdy okaza\u0142o si\u0119, i\u017c konserwatywna cz\u0119\u015b\u0107 spo\u0142ecze\u0144stwa przelicytowa\u0142a lewak\u00f3w w dziele samoorganizacji. Trudno wymieni\u0107 wielo\u015b\u0107 inicjatyw i grup wci\u0105\u017c pojawiaj\u0105cych si\u0119 na tzw. prawej stronie. Nawet je\u015bli wiele z nich posiada charakter mg\u0142awicowy, to bez w\u0105tpienia ich powstawanie \u015bwiadczy o ruchliwo\u015bci intelektualnej i organizatorskiej\u00a0 wy\u015bmiewanych przez salon \u201emoher\u00f3w\u201d. Po raz kolejny otrzymali\u015bmy dow\u00f3d, \u017ce zawarte w ksi\u0105\u017cce Orwella prawo stanowi\u0105ce, i\u017c \u201ewszystkie zwierz\u0119ta s\u0105 r\u00f3wne, ale niekt\u00f3re s\u0105 r\u00f3wniejsze\u201d jest niczym Lenin wiecznie \u017cywe. Mo\u017cna odnie\u015b\u0107 wra\u017cenie, \u017ce tak\u017ce autor \u201eZmodernizowa\u0107 modernizacj\u0119\u201d zdaje si\u0119 nim kierowa\u0107. W swoich rozwa\u017canych nie znajduje bowiem \u017cadnych s\u0142\u00f3w uznania dla inicjatyw rodz\u0105cych si\u0119 na wsiach i w ma\u0142ych miasteczkach. Zdaje si\u0119 uwa\u017ca\u0107, \u017ce z tych strasznych miejsc nic dobrego przyj\u015b\u0107 po prostu nie mo\u017ce i basta! \u0179adne wsp\u00f3lnoty budowane przy parafiach, czy ochotnicze stra\u017ce po\u017carne oraz ko\u0142a gospody\u0144, a tak\u017ce ma\u0142omiasteczkowe o\u015brodki kultury powstaj\u0105ce przy bibliotekach na uwag\u0119 Majcherka nie zas\u0142u\u017cy\u0142y.<\/p><p><strong>Miasto rz\u0105dzi!<\/strong><\/p><p>W centrum zainteresowania publicysty pozostaje bowiem miasto i bij\u0105cy od niego blask modernizacji. Jednak, by impuls unowocze\u015bnienia m\u00f3g\u0142 pop\u0142yn\u0105\u0107, konieczne jest uznanie priorytetowego znaczenia organizmu miejskiego oraz jego prymatu nad innymi formami ludzkiej koegzystencji. O to apelowali cytowani przez Majcherka, Micha\u0142 Boni oraz Leszek Balcerowicz.<\/p><p>\u201eW\u015br\u00f3d polityk\u00f3w rz\u0105dz\u0105cej w minionych latach Platformy Obywatelskiej ujawnia\u0142a si\u0119 czasami \u015bwiadomo\u015b\u0107 koniecznej dezagraryzacji i urbanizacji kraju. Pisa\u0142 o tym w swoich opracowaniach i projektach modernizacyjnych Micha\u0142 Boni. Zwraca\u0142 na to uwag\u0119 tak\u017ce Leszek Balcerowicz sugeruj\u0105cy koncentracj\u0119 pa\u0144stwowego wysi\u0142ku inwestycyjno-infrastrukturalnego w du\u017cych o\u015brodkach miejskich jako potencjalnych centrach innowacyjno\u015bci i rozwoju gospodarczego\u201d &#8211; pisze Majcherek. Efekty tego metropolitalnego modelu rozwoju wida\u0107 nad Wis\u0142\u0105 a\u017c nadto wyra\u017anie. Opisuje je chyba najw\u0142a\u015bciwiej s\u0142owo &#8211; \u201epustynnienie\u201d. Znikaj\u0105ce z krajobrazu ma\u0142ych miasteczek poczty, kina, biblioteki, szko\u0142y etc. mog\u0105 tam ju\u017c nigdy nie powr\u00f3ci\u0107. W \u015blad za nimi ruszaj\u0105 bowiem mieszka\u0144cy, kt\u00f3rym wybudowano autostrady chyba tylko po to, aby mogli ze swej \u201ema\u0142ej ojczyzny\u201d wyjecha\u0107, czasem bardzo daleko\u2026<\/p><p><strong>Zaplute kar\u0142y antymodernizacji<\/strong><\/p><p>Autor nie \u0142udzi si\u0119, \u017ce droga ku \u201emodernizacji\u201d b\u0119dzie us\u0142ana r\u00f3\u017cami. Stoj\u0105 wszak na niej nie tylko wspomniani ju\u017c \u201ema\u0142omiasteczkowi z wioskowymi\u201d, ale r\u00f3wnie\u017c kupuj\u0105cy ich przychylno\u015b\u0107 politycy oraz cho\u0107 trudno w to uwierzy\u0107\u2026 struktury europejskie.<\/p><p>\u201eOrganizowana i finansowana przez Uni\u0119 Europejsk\u0105 polityka subsydi\u00f3w, dop\u0142at bezpo\u015brednich, rent strukturalnych i innych form utrzymywania ludno\u015bci wiejskiej w jej tradycyjnym \u015brodowisku utrwala\u0142a nie tylko archaiczne stosunki agrarne, struktur\u0119 w\u0142asno\u015bci i metody produkcji, ale tak\u017ce wzory kultury\u201d &#8211; czytamy w artykule. Wida\u0107 wyra\u017anie, \u017ce antymodernizacyjny spisek si\u0119ga bardzo wysoko, gdzie dostrzec go mog\u0105 tylko wybitne umys\u0142y.<\/p><p>W artykule nie zabrak\u0142o r\u00f3wnie\u017c popularnego w niekt\u00f3rych \u015brodowiskach argumentu \u201ead islamum\u201d. C\u00f3\u017c ono oznacza? Ot\u00f3\u017c upraszczaj\u0105c spraw\u0119, jest to sugerowanie, \u017ce je\u015bli Polska nie wejdzie na drog\u0119 modernizacji a la Majcherek grozi to zainstalowaniem w kraju porz\u0105dk\u00f3w wzorowanych na ortodoksyjnym islamie.<\/p><p>Jak zauwa\u017ca publicysta \u201eGW\u201d \u201eproblem w tym, \u017ce dla obecnego obozu w\u0142adzy owe tradycyjne wsp\u00f3lnoty &#8211; Gemeinschaften (cho\u0107 oni takim niemieckim s\u0142owem nigdy by ich nie nazwali) &#8211; s\u0105 ostoj\u0105 polsko\u015bci, a spo\u0142ecze\u0144stwo zamkni\u0119te to w ich rozumieniu podstawa narodowej sp\u00f3jno\u015bci. To lokalny wariant tej samej doktryny, kt\u00f3ra w innych regionach \u015bwiata forsuje ortodoksyjny islam jako recept\u0119 na wszelkie bol\u0105czki, szariat jako podstaw\u0119 spo\u0142ecznego \u0142adu, a kalifat jako idea\u0142 pa\u0144stwa\u201d. Prawda, \u017ce proste?<\/p><p>Bez w\u0105tpienia na naszych oczach toczy si\u0119 walka o przysz\u0142y kszta\u0142t Polski. Scenariuszy, wed\u0142ug kt\u00f3rych mog\u0105 si\u0119 nasze losy potoczy\u0107, jest z pewno\u015bci\u0105 wiele. Jednym z nich jest forsowana i promowana na wielu salonach miejska przebudowa. Ukrywa ona jednak prawdziwe ambicje jej tw\u00f3rc\u00f3w. Si\u0119gaj\u0105 one zdecydowanie wy\u017cej, ku duszy ludzkiej. Nie ma w tych s\u0142owach ani odrobiny przesady.<\/p><p>Konsekwencj\u0105 przetasowania zmierzaj\u0105cego w kierunku powstania &#8211; na gruzach dotychczasowo istniej\u0105cych &#8211; nowych wsp\u00f3lnot, mo\u017ce okaza\u0107 si\u0119 wypracowanie nowych zasad reguluj\u0105cych mi\u0119dzyludzkie relacje. Rewolucjoni\u015bci takiej okazji z pewno\u015bci\u0105 nie zmarnuj\u0105. B\u0119d\u0105 walczy\u0107, aby wykuwanie si\u0119 \u201enowego\u201d odbywa\u0142o si\u0119 pod ich auspicjami.<\/p><p><em><strong>\u0141ukasz Karpiel<\/strong><\/em><\/p><p class=\"zrodlo\">Za: <a href=\"http:\/\/www.pch24.pl\/drzyjcie-mieszkancy-wsi-i-miasteczek--modernizacja-juz-po-was-idzie-,41179,i.html\">PoloniaChristiana &#8211; pch24.pl (2016-02-12)<\/a><\/p>","protected":false},"excerpt":{"rendered":"Utyskiwanie na \u201eto spo\u0142ecze\u0144stwo\u201d, kt\u00f3re pokaza\u0142o pupilom salonu czerwon\u0105 kartk\u0119, przechodzi na wy\u017cszy poziom. M\u0105dre g\u0142owy zacz\u0119\u0142y kombinowa\u0107, co zrobi\u0107, aby w przysz\u0142o\u015bci taka sytuacja ju\u017c nigdy si\u0119 nie powt\u00f3rzy\u0142a. Jednym z efekt\u00f3w tego intelektualnego nad\u0119cia s\u0105 propozycje przedstawione przez Janusza Majcherka na \u0142amach \u201eGazety Wyborczej\u201d.G\u0142\u00f3wny postulat Majcherka mo\u017cna stre\u015bci\u0107 &#8211; pozwalaj\u0105c sobie na pewn\u0105 [&hellip;]","protected":false},"author":1,"featured_media":0,"comment_status":"closed","ping_status":"closed","sticky":false,"template":"","format":"standard","meta":{"_acf_changed":false,"_monsterinsights_skip_tracking":false,"_monsterinsights_sitenote_active":false,"_monsterinsights_sitenote_note":"","_monsterinsights_sitenote_category":0,"ngg_post_thumbnail":0,"footnotes":"","_wp_rev_ctl_limit":""},"categories":[9],"tags":[132,98],"acf":[],"_links":{"self":[{"href":"https:\/\/www.bibula.com\/index.php?rest_route=\/wp\/v2\/posts\/85770"}],"collection":[{"href":"https:\/\/www.bibula.com\/index.php?rest_route=\/wp\/v2\/posts"}],"about":[{"href":"https:\/\/www.bibula.com\/index.php?rest_route=\/wp\/v2\/types\/post"}],"author":[{"embeddable":true,"href":"https:\/\/www.bibula.com\/index.php?rest_route=\/wp\/v2\/users\/1"}],"replies":[{"embeddable":true,"href":"https:\/\/www.bibula.com\/index.php?rest_route=%2Fwp%2Fv2%2Fcomments&post=85770"}],"version-history":[{"count":0,"href":"https:\/\/www.bibula.com\/index.php?rest_route=\/wp\/v2\/posts\/85770\/revisions"}],"wp:attachment":[{"href":"https:\/\/www.bibula.com\/index.php?rest_route=%2Fwp%2Fv2%2Fmedia&parent=85770"}],"wp:term":[{"taxonomy":"category","embeddable":true,"href":"https:\/\/www.bibula.com\/index.php?rest_route=%2Fwp%2Fv2%2Fcategories&post=85770"},{"taxonomy":"post_tag","embeddable":true,"href":"https:\/\/www.bibula.com\/index.php?rest_route=%2Fwp%2Fv2%2Ftags&post=85770"}],"curies":[{"name":"wp","href":"https:\/\/api.w.org\/{rel}","templated":true}]}}