{"id":85742,"date":"2016-02-11T11:24:03","date_gmt":"2016-02-11T16:24:03","guid":{"rendered":"http:\/\/www.bibula.com\/?p=85742"},"modified":"2016-02-11T11:24:03","modified_gmt":"2016-02-11T16:24:03","slug":"orban-ujawnia-tajne-niemiecko-tureckie-porozumienie-ws-wyslania-setek-tysiecy-migrantow-do-europy","status":"publish","type":"post","link":"https:\/\/www.bibula.com\/?p=85742","title":{"rendered":"Orban ujawnia \u201etajne&#8221; niemiecko-tureckie porozumienie ws. wys\u0142ania setek tysi\u0119cy migrant\u00f3w do Europy"},"content":{"rendered":"<p><strong>W\u0119gierski premier Viktor Orban omawia\u0142 \u201etajny pakt\u201d pomi\u0119dzy Niemcami a Turcj\u0105 podczas spotkania z parlamentarzystami Fideszu &#8211; informuje dziennik Magyar Id\u00c5\u2018k. Zak\u0142ada on przew\u00f3z setek tysi\u0119cy os\u00f3b prosto do r\u00f3\u017cnych kraj\u00f3w UE.<\/strong><\/p><p>Wed\u0142ug za\u0142o\u017ce\u0144 porozumienia przedstawionych przez Orbana, planowane jest przetransportowanie 400-500 tys. imigrant\u00f3w z Turcji bezpo\u015brednio na terytorium UE. Migranci byliby przyjmowani nie tylko przez Niemcy. Maj\u0105 zosta\u0107 przymusowo i obligatoryjnie rozdzieleni pomi\u0119dzy kraje cz\u0142onkowskie Unii. Szef w\u0119gierskiego rz\u0105du, a zarazem lider Fideszu mia\u0142 powiedzie\u0107 parlamentarzystom ze swojej partii, \u017ce jednym z najwa\u017cniejszych zada\u0144 b\u0119dzie odparowanie tego paktu.<\/p><p>Orban doda\u0142, \u017ce nawet zrealizowanie postanowie\u0144 porozumienia nie zatrzyma nap\u0142ywu uchod\u017ac\u00f3w do Europy. Jak stwierdzi\u0142, \u201eobl\u0119\u017cenie\u201d b\u0119dzie przyt\u0142acza\u0107 Uni\u0119 Europejsk\u0105 przez lata. Wed\u0142ug informacji Magyar Id\u00c5\u2018k premier W\u0119gier mia\u0142 powiedzie\u0107, \u017ce wed\u0142ug niego wspomniane porozumienie zosta\u0142o ju\u017c zawarte, jednak jak na razie nie zosta\u0142o przedstawione opinii publicznej.<\/p><p>Dailynewshungary.com \/ Kresy.pl<\/p><p class=\"zrodlo\">Za: <a href=\"http:\/\/www.kresy.pl\/wydarzenia,europa-zachodnia?zobacz\/orban-ujawnia-tajne-niemiecko-tureckie-porozumienie-ws-wyslania-setek-tysiecy-migrantow-do-europy\">Kresy.pl (11 lutego 2016)<\/a><\/p>","protected":false},"excerpt":{"rendered":"W\u0119gierski premier Viktor Orban omawia\u0142 \u201etajny pakt\u201d pomi\u0119dzy Niemcami a Turcj\u0105 podczas spotkania z parlamentarzystami Fideszu &#8211; informuje dziennik Magyar Id\u00c5\u2018k. Zak\u0142ada on przew\u00f3z setek tysi\u0119cy os\u00f3b prosto do r\u00f3\u017cnych kraj\u00f3w UE.Wed\u0142ug za\u0142o\u017ce\u0144 porozumienia przedstawionych przez Orbana, planowane jest przetransportowanie 400-500 tys. imigrant\u00f3w z Turcji bezpo\u015brednio na terytorium UE. Migranci byliby przyjmowani nie tylko przez [&hellip;]","protected":false},"author":1,"featured_media":0,"comment_status":"closed","ping_status":"closed","sticky":false,"template":"","format":"standard","meta":{"_acf_changed":false,"_monsterinsights_skip_tracking":false,"_monsterinsights_sitenote_active":false,"_monsterinsights_sitenote_note":"","_monsterinsights_sitenote_category":0,"ngg_post_thumbnail":0,"footnotes":"","_wp_rev_ctl_limit":""},"categories":[6],"tags":[166,76,179,20,233],"acf":[],"_links":{"self":[{"href":"https:\/\/www.bibula.com\/index.php?rest_route=\/wp\/v2\/posts\/85742"}],"collection":[{"href":"https:\/\/www.bibula.com\/index.php?rest_route=\/wp\/v2\/posts"}],"about":[{"href":"https:\/\/www.bibula.com\/index.php?rest_route=\/wp\/v2\/types\/post"}],"author":[{"embeddable":true,"href":"https:\/\/www.bibula.com\/index.php?rest_route=\/wp\/v2\/users\/1"}],"replies":[{"embeddable":true,"href":"https:\/\/www.bibula.com\/index.php?rest_route=%2Fwp%2Fv2%2Fcomments&post=85742"}],"version-history":[{"count":0,"href":"https:\/\/www.bibula.com\/index.php?rest_route=\/wp\/v2\/posts\/85742\/revisions"}],"wp:attachment":[{"href":"https:\/\/www.bibula.com\/index.php?rest_route=%2Fwp%2Fv2%2Fmedia&parent=85742"}],"wp:term":[{"taxonomy":"category","embeddable":true,"href":"https:\/\/www.bibula.com\/index.php?rest_route=%2Fwp%2Fv2%2Fcategories&post=85742"},{"taxonomy":"post_tag","embeddable":true,"href":"https:\/\/www.bibula.com\/index.php?rest_route=%2Fwp%2Fv2%2Ftags&post=85742"}],"curies":[{"name":"wp","href":"https:\/\/api.w.org\/{rel}","templated":true}]}}