{"id":85701,"date":"2016-02-10T10:36:44","date_gmt":"2016-02-10T15:36:44","guid":{"rendered":"http:\/\/www.bibula.com\/?p=85701"},"modified":"2016-02-10T10:36:44","modified_gmt":"2016-02-10T15:36:44","slug":"dlaczego-unijny-episkopat-realizuje-program-brukseli","status":"publish","type":"post","link":"https:\/\/www.bibula.com\/?p=85701","title":{"rendered":"Dlaczego \u201eunijny&#8221; episkopat realizuje program Brukseli?"},"content":{"rendered":"<p><strong>\u201eNational Catholic Register\u201d zadaje pytanie, komu w\u0142a\u015bciwie s\u0142u\u017cy Rada Konferencji Biskup\u00f3w Europy (CCEE)? Zdziwienie ameryka\u0144skiego magazynu wywo\u0142uj\u0105 reakcje zachodnich episkopat\u00f3w na kryzys imigracyjny. Niekt\u00f3rzy duchowni bardziej boj\u0105 si\u0119 prawicowych rz\u0105d\u00f3w ani\u017celi islamu.<\/strong><\/p><p>Nie tak dawno temu kard. Rainer Woelki z Kolonii, chocia\u017c pot\u0119pi\u0142 seksualne napa\u015bci na kobiety \u00ad &#8211; dosz\u0142o do nich podczas nocy sylwestrowej tu\u017c przed jego katedr\u0105\u00a0&#8211; to \u00ad znacznie wi\u0119cej miejsca po\u015bwi\u0119ci\u0142 krytyce tzw. prawicowego zagro\u017cenia. Z kolei biskup Gregor Hanke Eichst\u00c3\u00a4tt oskar\u017cy\u0142 niemieckie w\u0142adze, domagaj\u0105ce si\u0119 przywr\u00f3cenia kontroli na granicach, o&#8230; \u201eprawicowo\u015b\u0107 i islamofobi\u0119\u201d.<\/p><p>Arcybiskup Wiednia kardyna\u0142 Christoph Sch\u00f6nborn niedawno ostrzeg\u0142, \u017ce w obliczu kryzysu migracyjnego w Europie najwi\u0119ksze zagro\u017cenie stanowi \u201enowy nacjonalizm\u201d. Wed\u0142ug hierarchy jest on wyzwaniem dla uchod\u017ac\u00f3w i tworzy \u201eryzyko, \u017ce ka\u017cdy zamknie si\u0119 w swoich granicach\u201d i \u017ce \u201egranice, bariery, ogrodzenia sprawi\u0105, i\u017c wr\u00f3ci \u017celazna kurtyna\u201d. Amerykan\u00f3w dziwi reakcja wielu czo\u0142owych europejskich duchownych, dla kt\u00f3rych prawdziwym zagro\u017ceniem dla Europy nie s\u0105 hordy m\u0142odych muzu\u0142ma\u0144skich m\u0119\u017cczyzn szalej\u0105cych na ca\u0142ym kontynencie, lecz \u201eludzie, kt\u00f3rzy uwa\u017caj\u0105, \u017ce co\u015b powinno si\u0119 z tym zrobi\u0107\u201d. \u201eNCR\u201d przypomina, \u017ce s\u0142owa wytrychy, takie jak \u201enowy nacjonalizm\u201d, \u201eprawicowe\u201d\u00a0 lub brunatne szeregi\u201d, \u201eksenofobiczne postawy\u201d i \u201epopuli\u015bci\u201d, s\u0105 u\u017cywane dla okre\u015blenia neonazist\u00f3w.<\/p><p>Pismo cytuje dokument Komisji Episkopatu Wsp\u00f3lnoty Europejskiej (COMECE) z 2014 r., po\u015bwi\u0119cony nacjonalizmowi. W o\u015bwiadczeniu zatytu\u0142owanym \u201eNacjonalizm wykluczeniem\u201d hierarchowie wyrazili obawy z powodu \u201enarastaj\u0105cego w ca\u0142ej Europie zjawiska rasizmu i ksenofobii\u201d, kt\u00f3re przypomina \u201ewojuj\u0105c\u0105 i ultra-nacjonalistyczn\u0105 polityk\u0119, poprzedzaj\u0105c\u0105 obie wojny \u015bwiatowe\u201d. Biskupi uznali, \u017ce najlepszym rozwi\u0105zaniem dla odradzaj\u0105cych si\u0119 nastroj\u00f3w antyimigranckich jest utrzymanie otwartych granic.<\/p><p>\u201eNational Catholic Register\u201d zauwa\u017ca, i\u017c purpuraci przychylili si\u0119 do internacjonalistycznej wizji \u015bwiata forsowanej przez elity europejskie. Za wyj\u0105tkiem spraw ma\u0142\u017ce\u0144skich i rodzinnych, hierarchia zaakceptowa\u0142a program Unii Europejskiej. Deklaracja COMECE nawet wzywa obywateli europejskich, by byli \u201eodporni na wszelkie pokusy obwiniania UE\u201d za \u201ewewn\u0119trzne problemy\u201d. \u201eJe\u015bli masowa imigracja nadal b\u0119dzie si\u0119 utrzymywa\u0107, to post\u0119puj\u0105cy w ten spos\u00f3b \u015bwieccy liderzy europejscy strac\u0105 kontakt ze zwyk\u0142ymi obywatelami, lud\u017ami obawiaj\u0105cymi si\u0119 o bezpiecze\u0144stwo swoich \u017con i c\u00f3rek\u201d &#8211; czytamy na \u0142amach \u201eNCR\u201d.<\/p><p>Ks. Gregor von Furstenberg &#8211; \u00ad wiceprezes Missio, niemieckiego zgromadzenia misjonarzy\u00a0&#8211; \u00ad zauwa\u017cy\u0142, \u017ce Europejczycy kwestionuj\u0105 \u201eoferowanie uchod\u017acom godnych warunk\u00f3w \u017cycia\u201d, poniewa\u017c nigdy wcze\u015bniej w najnowszej historii tak wielu ludzi uciekaj\u0105cych przed wojn\u0105, przemoc\u0105 i g\u0142odem nie puka\u0142o do ich drzwi. \u201eJednak duchowny, podobnie jak wielu innych hierarch\u00f3w, nie chce zrozumie\u0107, \u017ce wielki strach wynika z obaw, \u017ce ci imigranci nie chc\u0105 nawet puka\u0107, ale przybywaj\u0105, by te drzwi wywa\u017cy\u0107, jak ju\u017c to wielokrotnie swoim post\u0119powaniem udowodnili\u201d\u00a0&#8211; pisze \u201eNCR\u201d. Amerykanie przypominaj\u0105 w tym kontek\u015bcie o gwa\u0142townym wzro\u015bcie liczby w\u0142ama\u0144 do dom\u00f3w i firm.<\/p><p>Ks. Mateusz Gardzi\u0144ski, przedstawiciel Papieskiej Rady ds. Migracji, r\u00f3wnie\u017c dystansuje si\u0119 od obaw dot. uchod\u017ac\u00f3w, m\u00f3wi\u0105c, \u017ce s\u0105 one \u201eksenofobiczne\u201d, \u201eograniczaj\u0105ce\u201d i nie maj\u0105 \u017cadnych podstaw prawnych. Duchowni &#8211; chocia\u017c nie wszyscy &#8211; wzywaj\u0105 do przezwyci\u0119\u017cenia niech\u0119ci wobec imigrant\u00f3w i pokonania \u201enowego nacjonalizmu, kt\u00f3ry wydaje si\u0119 przestarza\u0142y\u201d, by &#8211; jak powiedzia\u0142 arcybiskup Wiednia &#8211; \u201enie wpa\u015b\u0107 ponownie w sid\u0142a nazistowskiej przesz\u0142o\u015bci\u201d.<\/p><p>Sukces UE &#8211; przypomina katolicki magazyn &#8211; opiera si\u0119 w du\u017cej mierze na za\u0142o\u017ceniu, \u017ce cz\u0142onkowie wsp\u00f3lnoty b\u0119d\u0105 dzieli\u0107 pewne warto\u015bci. Jednak za\u0142o\u017cenie wsp\u00f3lnych warto\u015bci uleg\u0142o rozpadowi na setki kawa\u0142k\u00f3w z powodu po\u0142\u0105czenia wielokulturowo\u015bci z imigracj\u0105. \u201eEuropejczycy s\u0142usznie maj\u0105 w\u0105tpliwo\u015bci co do mo\u017cliwo\u015bci podzielania tych samych warto\u015bci z muzu\u0142manami, kt\u00f3rych religia obejmuje okaleczanie \u017ce\u0144skich narz\u0105d\u00f3w p\u0142ciowych, przymusowe ma\u0142\u017ce\u0144stwa, a tak\u017ce inne formy mizoginii\u201d \u00ad czytamy na \u0142amach \u201eNational Catholic Register\u201d. W takich warunkach domaganie si\u0119 przywr\u00f3cenia granic jest normaln\u0105 reakcj\u0105 cywilizowanych ludzi. Z kolei przyjmowanie, \u017ce obecnie panuj\u0105 takie same warunki, jak mia\u0142o to mia\u0142o miejsce dawniej, jest szkodliwym tkwieniem w przesz\u0142o\u015bci &#8211; zauwa\u017caj\u0105 Amerykanie.<\/p><p>\u201eNCR\u201d przypomina tak\u017ce r\u00f3\u017cnic\u0119, jaka istnieje mi\u0119dzy nazizmem a nacjonalizmem, traktowanym przez europejskie elity jako zjawiska&#8230; niemal to\u017csame. Nazi\u015bci \u00ad w przeciwie\u0144stwie do nacjonalist\u00f3w \u00adnie chcieli zamyka\u0107 granic, ale jej rozszerzy\u0107 (tak, jak komuni\u015bci), by podporz\u0105dkowa\u0107 sobie inne narody. Dzi\u015b najwi\u0119kszym ruchem internacjonalistycznym jest islam &#8211; czytamy. Amerykanie stwierdzaj\u0105, \u017ce \u201eislami\u015bci &#8211; podobnie jak wielu biskup\u00f3w &#8211; nie wierz\u0105 w granice\u201d. Nie postrzegaj\u0105 si\u0119 jako Francuz\u00f3w, Niemc\u00f3w czy Brytyjczyk\u00f3w, dla nich jedyn\u0105 warto\u015bci\u0105 jest islam. Zgodnie z doktryn\u0105 tej religii, ca\u0142y \u015bwiat nale\u017cy do islamu i pok\u00f3j b\u0119dzie m\u00f3g\u0142 zapanowa\u0107 dopiero w\u00f3wczas, gdy wszyscy przyjm\u0105 Koran.<\/p><p>Europejscy biskupi wydaj\u0105 si\u0119 nawet bardziej zdeterminowani ni\u017c europejscy ministrowie spraw wewn\u0119trznych, kt\u00f3rzy na spotkaniu 25 stycznia opowiedzieli si\u0119 przynajmniej za czasowym zamkni\u0119ciem granic w strefie Schengen. W odpowiedzi na to spotkanie watyka\u0144ska gazeta \u201eL&#8217;Osservatore Romano\u201d na pierwszej stronie zamie\u015bci\u0142a artyku\u0142 krytykuj\u0105cy europejskich urz\u0119dnik\u00f3w. Wed\u0142ug zast\u0119pcy redaktora naczelnego, Giuseppe Fiorentino, \u201eogrodzenia i mury\u201d nie s\u0105 rozwi\u0105zaniem, a Unia Europejska powinna porzuci\u0107 \u201eegoizm\u201d.<\/p><p>\u0179r\u00f3d\u0142o: nationaclcatholicregister.com, AS.<\/p><p class=\"zrodlo\">Za: <a href=\"http:\/\/www.pch24.pl\/dlaczego-unijny-episkopat-realizuje-program-brukseli-,41105,i.html\">PoloniaChristiana &#8211; pch24.pl (2016-02-10)<\/a><\/p>","protected":false},"excerpt":{"rendered":"\u201eNational Catholic Register\u201d zadaje pytanie, komu w\u0142a\u015bciwie s\u0142u\u017cy Rada Konferencji Biskup\u00f3w Europy (CCEE)? Zdziwienie ameryka\u0144skiego magazynu wywo\u0142uj\u0105 reakcje zachodnich episkopat\u00f3w na kryzys imigracyjny. Niekt\u00f3rzy duchowni bardziej boj\u0105 si\u0119 prawicowych rz\u0105d\u00f3w ani\u017celi islamu.Nie tak dawno temu kard. Rainer Woelki z Kolonii, chocia\u017c pot\u0119pi\u0142 seksualne napa\u015bci na kobiety \u00ad &#8211; dosz\u0142o do nich podczas nocy sylwestrowej tu\u017c [&hellip;]","protected":false},"author":1,"featured_media":0,"comment_status":"closed","ping_status":"closed","sticky":false,"template":"","format":"standard","meta":{"_acf_changed":false,"_monsterinsights_skip_tracking":false,"_monsterinsights_sitenote_active":false,"_monsterinsights_sitenote_note":"","_monsterinsights_sitenote_category":0,"ngg_post_thumbnail":0,"footnotes":"","_wp_rev_ctl_limit":""},"categories":[3],"tags":[23,76,33],"acf":[],"_links":{"self":[{"href":"https:\/\/www.bibula.com\/index.php?rest_route=\/wp\/v2\/posts\/85701"}],"collection":[{"href":"https:\/\/www.bibula.com\/index.php?rest_route=\/wp\/v2\/posts"}],"about":[{"href":"https:\/\/www.bibula.com\/index.php?rest_route=\/wp\/v2\/types\/post"}],"author":[{"embeddable":true,"href":"https:\/\/www.bibula.com\/index.php?rest_route=\/wp\/v2\/users\/1"}],"replies":[{"embeddable":true,"href":"https:\/\/www.bibula.com\/index.php?rest_route=%2Fwp%2Fv2%2Fcomments&post=85701"}],"version-history":[{"count":0,"href":"https:\/\/www.bibula.com\/index.php?rest_route=\/wp\/v2\/posts\/85701\/revisions"}],"wp:attachment":[{"href":"https:\/\/www.bibula.com\/index.php?rest_route=%2Fwp%2Fv2%2Fmedia&parent=85701"}],"wp:term":[{"taxonomy":"category","embeddable":true,"href":"https:\/\/www.bibula.com\/index.php?rest_route=%2Fwp%2Fv2%2Fcategories&post=85701"},{"taxonomy":"post_tag","embeddable":true,"href":"https:\/\/www.bibula.com\/index.php?rest_route=%2Fwp%2Fv2%2Ftags&post=85701"}],"curies":[{"name":"wp","href":"https:\/\/api.w.org\/{rel}","templated":true}]}}