{"id":85687,"date":"2016-02-09T09:52:05","date_gmt":"2016-02-09T14:52:05","guid":{"rendered":"http:\/\/www.bibula.com\/?p=85687"},"modified":"2016-02-14T14:55:24","modified_gmt":"2016-02-14T19:55:24","slug":"prezydent-duda-chce-odebrac-order-janowi-tomaszowi-grossowi","status":"publish","type":"post","link":"https:\/\/www.bibula.com\/?p=85687","title":{"rendered":"Prezydent Duda chce odebra\u0107 order Janowi Tomaszowi Grossowi"},"content":{"rendered":"<p><strong>Prezydent Andrzej Duda poprosi\u0142 MSZ o opini\u0119 ws. odebrania prof. Janowi Tomaszowi Grossowi Krzy\u017ca Kawalerskiego Orderu Zas\u0142ugi RP &#8211; donosi Onet.pl.<\/strong><\/p><p>Polski MSZ potwierdzi\u0142, \u017ce Andrzej Duda wyszed\u0142 z inicjatyw\u0105 odebrania Grossowi orderu.\u00a0<\/p><p>&#8222;<strong>Do MSZ wp\u0142yn\u0119\u0142o pismo szefa Kancelarii Prezydenta w przedmiotowej sprawie. Aktualnie sprawa jest przedmiotem pog\u0142\u0119bionej analizy w ministerstwie<\/strong>&#8221; &#8211; \u00a0odpisa\u0142 resort spraw zagranicznych na pytanie Onetu.<\/p><p>Zaanga\u017cowanie prezydenta i MSZ jest zrozumia\u0142e, poniewa\u017c Gross odznaczony zosta\u0142 postanowieniem prezydenta Aleksandra Kwa\u015bniewskiego z 6 wrze\u015bnia 1996 r. &#8222;za osi\u0105gni\u0119cia naukowe&#8221; w\u0142a\u015bnie na wniosek ministra spraw zagranicznych.<\/p><p>Odebranie wysokiego odznaczenia pa\u0144stwowego jest mo\u017cliwe dzi\u0119ki zapisowi w ustawie o orderach i odznaczeniach, kt\u00f3ry stanowi, \u017ce je\u015bli &#8222;<strong>odznaczony dopu\u015bci\u0142 si\u0119 czynu, wskutek kt\u00f3rego sta\u0142 si\u0119 niegodny orderu lub odznaczenia<\/strong>&#8222;, to mo\u017cna taki honor odebra\u0107.<\/p><p>Jan Tomasz Gross zdoby\u0142 s\u0142aw\u0119 dzi\u0119ki publikacjom i wyst\u0105pieniom, w kt\u00f3rych oskar\u017ca\u0142 Polak\u00f3w o udzia\u0142 w ludob\u00f3jstwie \u017byd\u00f3w.<\/p><p>\u00a0&#8222;<strong>Odpowiedzialno\u015b\u0107 Polak\u00f3w za Holocaust polega na przyzwoleniu spo\u0142ecznym na t\u0119 zbrodni\u0119, uznaniu j\u0105 za rzecz pozytywn\u0105, a w licznych przypadkach wsp\u00f3\u0142uczestniczeniu w niej i odnoszeniu z tego korzy\u015bci materialnej<\/strong>&#8221; &#8211; napisa\u0142 Gross w jednej ze swoich prac.\u00a0<\/p><p>Onet.pl\/KRESY.PL<\/p><p class=\"zrodlo\">Za: <a href=\"http:\/\/www.kresy.pl\/wydarzenia,polityka?zobacz\/prezydent-duda-chce-odebrac-order-janowi-tomaszowi-grossowi\">Kresy.pl (<span class=\"date\">09 lutego 2016<\/span>)<\/a><\/p><h4>\u00a0<\/h4><hr style=\"background-color: #000000; border-width: 0; color: #000000; height: 2px; line-height: 0; text-align: center; width: 100%;\" \/><h4>\u00a0<\/h4><h2>Komitet Obrony Grossa? Intelektuali\u015bci apeluj\u0105 do prezydenta, by nie odbiera\u0142 historykowi orderu<\/h2><p><strong>Grupa historyk\u00f3w, aktywist\u00f3w i spo\u0142ecznik\u00f3w zwi\u0105zanych mi\u0119dzy innymi z organizacjami zajmuj\u0105cymi si\u0119 histori\u0105 \u017byd\u00f3w, dziejami relacji polsko-\u017cydowskich oraz wydarzeniami holokaustu, wyst\u0105pi\u0142a z apelem do prezydenta RP Andrzeja Dudy. Intelektuali\u015bci chc\u0105, by g\u0142owa pa\u0144stwa wycofa\u0142a si\u0119 z post\u0119powania w sprawie odebrania orderu kontrowersyjnemu ameryka\u0144skiemu historykowi, Janowi Tomaszowi Grossowi.<\/strong><\/p><p>9 lutego pojawi\u0142y si\u0119 medialne doniesienia, \u017ce Kancelaria Prezydenta RP zwr\u00f3ci\u0142a si\u0119 do Ministerstwa Spraw Zagranicznych z zapytaniem, czy odebranie antypolskiemu historykowi, Janowi Tomaszowi Grossowi, Krzy\u017ca Kawalerskiego Orderu Zas\u0142ugi RP jest zasadnym. Zapytanie mia\u0142o zosta\u0107 przes\u0142ane w po\u0142owie stycznia. Jak informowa\u0142a szefowa Kancelarii Prezydenta, Ma\u0142gorzata Sadurska, wp\u0142yn\u0119\u0142o do nich oko\u0142o dw\u00f3ch tysi\u0119cy wniosk\u00f3w pod tym apelem.<\/p><p>Wobec takich informacji postanowi\u0142y wyst\u0105pi\u0107 osoby, kt\u00f3re nie podzielaj\u0105 stanowiska m.in. Reduty Dobrego Imienia. W cytowanym przez interia.pl li\u015bcie otwartym do prezydenta Andrzeja Dudy sygnatariusze zwr\u00f3cili uwag\u0119 na fakt, \u017ce Jan Tomasz Gross zosta\u0142 w 1969 roku pozbawiony obywatelstwa polskiego, co by\u0142o, w ich opinii, krzywdz\u0105ce. Po 1989 roku historyk zosta\u0142 odznaczony pa\u0144stwowymi honorami, a jego obywatelstwo zosta\u0142o potwierdzone.<\/p><p>Zdaniem sygnatariuszy apelu do prezydenta Dudy odebranie Krzy\u017ca Kawalerskiego Orderu Zas\u0142ugi RP Grossowi by\u0142oby kar\u0105 i upokorzeniem \u201ebez jasno sformu\u0142owanego powodu\u201d. Zwr\u00f3cili oni uwag\u0119 na dorobek naukowy historyka, kt\u00f3ry by\u0142 pionierem bada\u0144 m.in. nad sowietyzacj\u0105 Kres\u00f3w, losem polskich dzieci zes\u0142anych przez sowiet\u00f3w na Syberi\u0119 czy Armii Polskiej na wschodzie. W li\u015bcie otwartym przypomniano opozycyjne zaanga\u017cowanie Grossa.<\/p><p>\u201eUruchomienie precedensu odbierania przyznanych uprzednio odznacze\u0144, z czym wi\u0105\u017ce si\u0119 arbitralna ocena cz\u0119sto ca\u0142ego czyjego\u015b \u017cycia, os\u0142abia autorytet pa\u0144stwa i rang\u0119 przyznawanych odznacze\u0144\u201d &#8211; uwa\u017caj\u0105 tw\u00f3rcy apelu.<\/p><p>Jak informuje interia.pl, pod apelem do prezydenta Andrzeja Dudy podpisali si\u0119 m.in.: przewodnicz\u0105ca Mi\u0119dzynarodowej Rady O\u015bwi\u0119cimskiej prof. dr hab. Barbara Engelking-Boni, wiceprzewodnicz\u0105cy MRO Henryk Wujec, dyrektor Centrum \u017bydowskiego w O\u015bwi\u0119cimiu Tomasz Kuncewicz, dyrektor Muzeum Historii \u017byd\u00f3w Polskich POLIN w Warszawie prof. dr hab. Dariusz Stola, przewodnicz\u0105cy Komitetu Etyki w Nauce PAN prof. dr hab. Jan Wole\u0144ski, dziennikarz i dzia\u0142acz opozycji demokratycznej w czasach PRL Konstanty Gebert, dziennikarz \u201eGazety Wyborczej\u201d i wsp\u00f3\u0142za\u0142o\u017cyciel KOR Seweryn Blumsztajn, a tak\u017ce przewodnicz\u0105ca Stowarzyszenia \u201eDzieci Holokaustu\u201d w Polsce Joanna Sobolewska-Pyz i wiceprezeska Stowarzyszenia przeciw Antysemityzmowi i Ksenofobii Otwarta Rzeczpospolita Paula Sawicka.<\/p><p>Jan Tomasz Gross swoimi pracami rozpocz\u0105\u0142 dyskusj\u0119 na temat rzekomego zaanga\u017cowania Polak\u00f3w w zbrodnie na \u017bydach w trakcie II Wojny \u015awiatowej. Stosowana przez niego metodologia jest cz\u0119sto krytykowana przez historyk\u00f3w &#8211; Grossowi zdarza\u0142o si\u0119 opiera\u0107 na trudnych do weryfikacji relacjach ustnych, tak\u017ce \u015bwiadk\u00f3w o w\u0105tpliwej wiarygodno\u015bci. Szerokie oburzenie spo\u0142eczne wywo\u0142a\u0142y jego s\u0142owa z jesieni 2015 roku, gdy w niemieckim \u201eDie Welt\u201d napisa\u0142, \u017ce podczas wojny Polacy zabili wi\u0119cej \u017byd\u00f3w ni\u017c Niemc\u00f3w.<\/p><p>\u0179r\u00f3d\u0142o: interia.pl<\/p><p>MW\u0142<\/p><p class=\"zrodlo\">Za: <a href=\"http:\/\/www.pch24.pl\/komitet-obrony-grossa--intelektualisci-apeluja-do-prezydenta--by-nie-odbieral-historykowi-orderu,41209,i.html\">PoloniaChristiana &#8211; pch24.pl (2016-02-14)<\/a><\/p>","protected":false},"excerpt":{"rendered":"Prezydent Andrzej Duda poprosi\u0142 MSZ o opini\u0119 ws. odebrania prof. Janowi Tomaszowi Grossowi Krzy\u017ca Kawalerskiego Orderu Zas\u0142ugi RP &#8211; donosi Onet.pl.Polski MSZ potwierdzi\u0142, \u017ce Andrzej Duda wyszed\u0142 z inicjatyw\u0105 odebrania Grossowi orderu.\u00a0&#8222;Do MSZ wp\u0142yn\u0119\u0142o pismo szefa Kancelarii Prezydenta w przedmiotowej sprawie. Aktualnie sprawa jest przedmiotem pog\u0142\u0119bionej analizy w ministerstwie&#8221; &#8211; \u00a0odpisa\u0142 resort spraw zagranicznych na [&hellip;]","protected":false},"author":1,"featured_media":0,"comment_status":"closed","ping_status":"closed","sticky":false,"template":"","format":"standard","meta":{"_acf_changed":false,"_monsterinsights_skip_tracking":false,"_monsterinsights_sitenote_active":false,"_monsterinsights_sitenote_note":"","_monsterinsights_sitenote_category":0,"ngg_post_thumbnail":0,"footnotes":"","_wp_rev_ctl_limit":""},"categories":[8],"tags":[349,65,56,53],"acf":[],"_links":{"self":[{"href":"https:\/\/www.bibula.com\/index.php?rest_route=\/wp\/v2\/posts\/85687"}],"collection":[{"href":"https:\/\/www.bibula.com\/index.php?rest_route=\/wp\/v2\/posts"}],"about":[{"href":"https:\/\/www.bibula.com\/index.php?rest_route=\/wp\/v2\/types\/post"}],"author":[{"embeddable":true,"href":"https:\/\/www.bibula.com\/index.php?rest_route=\/wp\/v2\/users\/1"}],"replies":[{"embeddable":true,"href":"https:\/\/www.bibula.com\/index.php?rest_route=%2Fwp%2Fv2%2Fcomments&post=85687"}],"version-history":[{"count":0,"href":"https:\/\/www.bibula.com\/index.php?rest_route=\/wp\/v2\/posts\/85687\/revisions"}],"wp:attachment":[{"href":"https:\/\/www.bibula.com\/index.php?rest_route=%2Fwp%2Fv2%2Fmedia&parent=85687"}],"wp:term":[{"taxonomy":"category","embeddable":true,"href":"https:\/\/www.bibula.com\/index.php?rest_route=%2Fwp%2Fv2%2Fcategories&post=85687"},{"taxonomy":"post_tag","embeddable":true,"href":"https:\/\/www.bibula.com\/index.php?rest_route=%2Fwp%2Fv2%2Ftags&post=85687"}],"curies":[{"name":"wp","href":"https:\/\/api.w.org\/{rel}","templated":true}]}}