{"id":85678,"date":"2016-02-09T09:38:06","date_gmt":"2016-02-09T14:38:06","guid":{"rendered":"http:\/\/www.bibula.com\/?p=85678"},"modified":"2016-02-09T09:38:06","modified_gmt":"2016-02-09T14:38:06","slug":"ciekawsze-uwagi-i-spory-w-zwiazku-z-tekstem-dokonania-i-zaniechania-ostatnich-paru-miesiecy-m-jerzy-robert-nowak","status":"publish","type":"post","link":"https:\/\/www.bibula.com\/?p=85678","title":{"rendered":"Ciekawsze uwagi i spory w zwi\u0105zku z tekstem: \u201eDokonania i zaniechania ostatnich paru miesi\u0119cy&#8221; m- <em> Jerzy Robert Nowak<\/em>"},"content":{"rendered":"<h4>I. \u201ePlusy dodatnie\u201d dzia\u0142a\u0144 nowych w\u0142adz<\/h4><p><b>Reformy w MON-ie<\/b><\/p><p>Uwagi na powy\u017cszy temat, zawarte w poprzednim moim tek\u015bcie na blogu, pragn\u0119 uzupe\u0142ni\u0107 o kilka istotnych spraw. Zaczn\u0119 od spraw dzia\u0142a\u0144 dla poprawy naszej obronno\u015bci i stanu wojska, kt\u00f3re zosta\u0142y tak zdewastowane w czasach rz\u0105d\u00f3w PO. Nieprzypadkowo w moim tomiku \u201eJak ratowa\u0107 Polsk\u0119\u201d (Warszawa 2014,.ss.5-12) apelowa\u0142em na rzecz maksymalnego rozwoju tak zaniedbanej samoobrony terytorialnej. (Por. tam\u017ce, ss. 11-12). Z tym wi\u0119ksz\u0105 satysfakcj\u0105 czyta\u0142em zapowiedzi nowego ministra obrony Antoniego Macierewicza z listopada 2015 r. Minister uzna\u0142 zorganizowanie obrony terytorialnej kraju za jedno z najistotniejszych zada\u0144 na najbli\u017cszy czas. Stwierdzi\u0142, \u017ce uznaje obron\u0119 terytorialn\u0105 jako immanentn\u0105 cz\u0119\u015b\u0107 polskiej armii, zapowiadaj\u0105c, \u017ce MON zamierza doprowadzi\u0107 &#8222;do zorganizowania i uruchomienia na granicy wschodniej co najmniej trzech brygad&#8221;. W \u015blad za t\u0105 zapowiedzi\u0105 posz\u0142o powo\u0142anie ( 39 grudnia 2015 r. dr Grzegorza Kwa\u015bniaka, do\u015bwiadczonego wojskowego i eksperta wojskowo\u015bci, na funkcj\u0119 pe\u0142nomocnika MON dla tworzenia Obrony Terytorialnej. Uwa\u017cam, \u017ce by\u0142a to bardzo dobra decyzja personalna z uwagi na liczne poprzednie wyst\u0105pienia dr Kwa\u015bniaka, tak alarmuj\u0105ce w sprawie \u017ca\u0142osnego stanu polskiej armii. Np. w tek\u015bcie z 9 sierpnia 2011 r. pt.: \u201ePolska armia nie istnieje\u201d dr Kwa\u015bniak pisa\u0142 m.in.: \u201eApeluj\u0119 do\u00a0szefa Sztabu Generalnego Mieczys\u0142awa Cieniucha o\u00a0podj\u0119cie dzia\u0142a\u0144 zmierzaj\u0105cych do\u00a0obrony konstytucji i\u00a0honoru Wojska Polskiego przed\u00a0szkodliwymi dzia\u0142aniami obecnego rz\u0105du\u201d&#8230;.Dr Kwa\u015bniak wielokrotnie kontynuowa\u0142 swoje alarmy co do katastrofalnego stanu polskiej armii,. m.in. w tek\u015bcie: Czas si\u0119 obudzi\u0107, \u201eNiedziela\u201d z 10 czerwca 2014 r. Wa\u017cnym stwierdzeniem nowego szefa MON by\u0142a r\u00f3wnie\u017c zapowied\u017a, \u017ce MON b\u0119dzie przede wszystkim inwestowa\u0107 w rodzimy sektor przemys\u0142u obronnego, a sko\u0144czy z zakupami przestarza\u0142ego sprz\u0119tu wojskowego zza granicy. 6 lutego 2016 r. MON poinformowa\u0142o, \u017ce odkryto fakt zniszczenia 400 kart dokument\u00f3w dotycz\u0105cych sprawy smole\u0144skiej za dzie\u0144 10 kwietnia 2010 r.<\/p><p><b>Reformowanie administracji przez minister Beat\u0119 Kemp\u0119<\/b><\/p><p>Na osobn\u0105 uwag\u0119 zas\u0142uguj\u0105 stanowcze dzia\u0142ania dla zreformowania administracji ze strony Beaty Kempy, minister bez teki i szefa kancelarii Prezesa Rady Ministr\u00f3w. Kempa walczy na pierwszej linii frontu reformatorskiego i jest za to wci\u0105\u017c obrzucana przez leming\u00f3w i lewak\u00f3w pod\u0142ymi obelgami w stylu: \u201eWyrzuci\u0107 Kemp\u0119 z korzeniami!\u201d. Nawet w tak wrogiej Zjednoczonej Prawicy \u201ePolityce\u201d (nr z 1 lutego 2016) nie pr\u00f3bowano jednak zaprzeczy\u0107 faktom o wielkiej sprawno\u015bci organizacyjnej i pracowito\u015bci B. Kempy Dzi\u0119ki niej w Kancelarii Prezesa Rady Ministr\u00f3w powsta\u0142o w styczniu 2016 r. Centrum Oceny Administracji, kt\u00f3re ma przeprowadzi\u0107 wielki przegl\u0105d wszystkich urz\u0119dnik\u00f3w administracyjnych. Pi\u0119tnuj\u0105c bezw\u0142ad organizacyjny w wielu miejscach, Kempa zapowiedzia\u0142a powo\u0142anie na urz\u0119dy \u201eos\u00f3b, kt\u00f3re maj\u0105 nowe spojrzenie, kt\u00f3re mog\u0105 struktury urz\u0119dnicze o\u017cywi\u0107\u201d. Zapowiedzia\u0142a te\u017c zlikwidowanie wszystkich gabinet\u00f3w politycznych, m\u00f3wi\u0105c:\u201dUtworzyli\u015bmy w\u00a0Kancelarii Premiera centrum oceny administracji i\u00a0tam dokonamy w\u00a0stosunkowo dobrym czasie oceny administracji. Poczynaj\u0105c od\u00a0rz\u0105dowej po\u00a0t\u0119\u00a0w\u00a0terenie. I\u00a0wtedy b\u0119dzie mo\u017cna przyst\u0105pi\u0107 do\u00a0ca\u0142kowitej likwidacji gabinet\u00f3w\u00a0politycznych\u201d.<\/p><p>Do wa\u017cniejszych zmian nadzorowanych przez Kancelari\u0119 Premiera nale\u017cy obowi\u0105zuj\u0105ca od 23 stycznia 2016 r. nowelizacja ustawy o s\u0142u\u017cbie cywilnej. Jak pisa\u0142 na ten temat Wiktor Ferfecki w \u201eRzeczypospolitej\u201d z 3 lutego w tek\u015bcie pt. \u201eUrz\u0119dnicy w rz\u0105dzie PiS zarobi\u0105 mniej\u201d: KPRM chce, by najwy\u017cszych ranga urz\u0119dnik\u00f3w obj\u0119\u0142o u\u015brednienie p\u0142ac\u201d. Wed\u0142ug Ferfeckiego nowelizacja ustawy o s\u0142u\u017cbie cywilnej dotyczy g\u0142\u00f3wnie 1, 6 tys. urz\u0119dnik\u00f3w na wy\u017cszych stanowiskach.. W ci\u0105gu 30 dni maj\u0105 zosta\u0107 zwolnieni, chyba, \u017ce zostan\u0105 im zaoferowane nowe warunki pracy lub p\u0142acy. Na og\u00f3\u0142 czeka ich obni\u017cka pensji, co ju\u017c zaakcentowa\u0142a publicznie minister Beata Kempa. Minister Kempa czuwa r\u00f3wnie\u017c nad dokonaniem tak potrzebnego dok\u0142adnego Bilansu Otwarcia we wszystkich resortach, kt\u00f3rego wyniki maj\u0105 by\u0107 wkr\u00f3tce og\u0142oszone.<\/p><p><b>Wielkie brawa dla ministra Jana Szyszki za gruntowny Bilans Otwarcia w jego resorcie<\/b><\/p><p>Jak dot\u0105d najbardziej gruntowny Raport Otwarcia zaprezentowa\u0142 minister \u015brodowiska Jan Szyszko. Naczelny redaktor portalu w Polityce pl., publicystka \u201ew Sieci\u201d Marzena Nykiel w \u015bwietnym faktograficznym om\u00f3wieniu wspomnianego raportu w dniu 23 stycznia 2016 r. na portalu \u201ew Polityce\u201d okre\u015bli\u0142a go jako wr\u0119cz \u201emia\u017cd\u017c\u0105cy\u201d dla ekip Tuska i Kopacz. Raport , ujawniaj\u0105c ogromne zaniedbania za o\u015bmiu lat rz\u0105d\u00f3w PO przytoczy\u0142 <b>\u201e45\u00a0przyk\u0142ad\u00f3w nieracjonalnych dzia\u0142a\u0144 w\u00a0sprawach ochrony \u015brodowiska, kt\u00f3re negatywie wp\u0142yn\u0119\u0142y na\u00a0polsk\u0105 gospodark\u0119 i\u00a0przyrod\u0119\u201d.<\/b><b> <\/b><b>Wed\u0142ug om\u00f3wienia raportu przez M. Nykiel za rz\u0105d\u00f3w PO zatrudniano osoby na stanowiskach kierowniczych na podw\u00f3jnych etatach, liczba etat\u00f3w w centrali od 2007 r. wzros\u0142a o 122, co wcale nie poprawi\u0142o pracy resortu. Szokuj\u0105co brzmi informacja z raportu o tym, \u017ce <\/b>Ministerstwo \u015arodowiska<b> nie wprowadzi\u0142o a\u017c\u00a0 585 akt\u00f3w prawnych i\u00a0spowodowa\u0142o \u00a0wszcz\u0119cie a\u017c 21\u00a0post\u0119powa\u0144 w\u00a0sprawie narusze\u0144 prawa Unii Europejskiej. M. Nykiel przytoczy\u0142a r\u00f3wnie\u017c liczne inne zawarte w Raporcie drastyczne oskar\u017cenia na temat zaniedba\u0144 poprzednich ekip z PO. Jak pisa\u0142a<\/b><b> :<\/b> \u201eW\u00a0raporcie <b>resort wskazuje m.in. na plag\u0119 nielegalnej eksploatacji kruszywa, torfu i kamieni ozdobnych, brak polityki surowcowej, fiskalizm pa\u0144stwa, zmuszaj\u0105cy do rabunkowej eksploatacji z\u0142\u00f3\u017c. Powa\u017cnym zarzutem jest tak\u017ce chaos i pole do miliardowych korupcji w dzia\u0142alno\u015bci geologiczno-g\u00f3rnicze\u201d. Wed\u0142ug M. Nykiel:<\/b><b> \u201e<\/b><b>Ministerstwo podkre\u015bla, \u017ce\u00a0dosz\u0142o te\u017c do\u00a0kompromitacji w\u00a0zakresie poszukiwa\u0144 gazu w\u00a0\u0142upkach<\/b><b>.<\/b> Z\u00a0Polski wycofa\u0142o si\u0119 wielu potencjalnych inwestor\u00f3w i\u00a0 nie uruchomiono przemys\u0142owego wydobycia, cho\u0107 gaz \u0142upkowy to\u00a0ogromna szansa dla polskiej gospodarki.<b> <\/b><b>Audyt ujawni\u0142 tak\u017ce, \u017ce\u00a0oko\u0142o 80\u00a0proc. powierzchni koncesyjnej na\u00a0metale znajduje si\u0119 w\u00a0r\u0119kach obcego kapita\u0142u bez kontroli pa\u0144stwa w\u00a0zakresie zmian w\u0142a\u015bcicielskich, a\u00a0magazyny gazu s\u0105\u00a0najmniejsze w\u00a0<\/b>UE\u201d<b>.<\/b><\/p><p>W raporcie ministra J. Szyszki przytoczono liczne przyk\u0142ady zaniecha\u0144 r\u00f3wnie\u017c w wielu innych dziedzinach. Ostro napi\u0119tnowano m.in. zablokowanie toru\u0144skiej geotermii, poprzez nie przyznanie jej dotacji na\u00a0rozw\u00f3j odnawialnych \u017ar\u00f3de\u0142 energii. Jak komentowa\u0142a Marzena Nykiel: \u201eGdyby ta\u00a0dotacja by\u0142a udzielona, geotermia ju\u017c by\u00a0funkcjonowa\u0142a i\u00a0mieliby\u015bmy ogromne efekty\u00a0ekologiczne\u201d. Przygotowany przez ministra Szyszk\u0119 Bilans Otwarcia spotka\u0142 si\u0119 z gniewn\u0105 wsp\u00f3ln\u0105 ripost\u0105 a\u017c czterech kolejnych ministr\u00f3w \u015brodowiska za rz\u0105d\u00f3w PO:: prof. M. Nowickiego, prof. A. Kraszewskiego, M. Korolca i dr M. Grabowskiego.. Odpowied\u017a okaza\u0142a si\u0119 jednak bardzo s\u0142abiutka merytorycznie w zestawieniu z zarzutami ministra J. Szyszki. (Por. szerzej: J. Liziniewicz: By\u0142i ministrowie odpieraj\u0105 zarzuty ministra Szyszki, \u201eGazeta Polska codziennie\u201d, 5 lutego 2016 ).<\/p><p>Raport ministra J. Szyszki mo\u017cna uzna\u0107 za wr\u0119cz wzorcowy dla podobnych Bilans\u00f3w Otwarcia w innych resortach. Przypomn\u0119 tu, \u017ce na tym blogu opowiada\u0142em si\u0119 za przygotowaniem takich gruntownych Raport\u00f3w Otwarcia w odr\u00f3\u017cnieniu od ca\u0142kowicie spartolonych pseudo Bilans\u00f3w Otwarcia za premierostw J.Buzka i K. Marcinkiewicza.(Por. publikowany na blogu w dniu 27 pa\u017adziernika 2015 r. tekst: \u201eNiezb\u0119dny jest gruntowny Bilans Otwarcia\u201d).<\/p><p><b>Wielkie czystki w agencji rolniczej<\/b><\/p><p>Zajad\u0142ym prawicowym przeciwnikom PiS-u, tropi\u0105cym wy\u0142\u0105cznie b\u0142\u0119dy i nie dokonania w dzia\u0142aniach obecnego rz\u0105du polecam lektur\u0119 wa\u017cnej i bardzo mi\u0142ej dla oczu informacji w \u201eFakcie\u201d z 6 lutego 2016 r.: pt. \u201eDu\u017ce czystki w agencji rolniczej\u201d. W tek\u015bcie czytamy o agencji, jak\u017ce s\u0142yn\u0105cej z PSL-owskiego nepotyzmu i bizantyjskiego stylu \u017cycia niekt\u00f3rych jej funkcjonariuszy: \u201eW Agencji Restrukturyzacji i Modernizacji Rolnictwa po zmianie w\u0142adzy w Polsce, kierownicze stanowiska traci 314 pracownik\u00f3w. Sto\u0142ki zachowa tylko 10! (Podkr.- JRN). (\u2026) w miejsce odwo\u0142anych pojawi\u0105 si\u0119 ich nast\u0119pcy\u201d. Tak trzyma\u0107!<\/p><p><b> <\/b><b>Kolejne wa\u017cne dzia\u0142ania MSWiA i resortu sprawiedliwo\u015bci <\/b><\/p><p>W poprzednim tek\u015bcie na blogu sporo pisa\u0142em ju\u017c o wa\u017cnych reformach w MSWiA. i w ministerstwie Sprawiedliwo\u015bci i W ostatnich dniach dosz\u0142o jednak do kilku nowych wa\u017cnych dzia\u0142a\u0144. MSWiA postanowi\u0142o wzi\u0105\u0107 pod lup\u0119 spraw\u0119 skandalicznej policyjnej akcji \u201eWidelec\u201d sprzed o\u015bmiu lat w Warszawie, w ramach kt\u00f3rej zatrzymano 752 kibic\u00f3w Legii. W \u201eGazecie Polskiej codziennie\u201d z 28 stycznia 2016 r. pisano: \u201eZatrzymani byli torturowani. Niedawno w sprawie zapad\u0142o ok.100 wyrok\u00f3w uniewinniaj\u0105cych\u201d.. Policj\u0119 nadzorowa\u0142 w\u00f3wczas szef MSW Grzegorz Schetyna. Wiceminister MSWiA Jaros\u0142aw Zieli\u0144ski powiedzia\u0142 w TV Republika: \u201eCa\u0142\u0105 akcja by\u0142a ustawk\u0105 polityczn\u0105, podczas kt\u00f3rej Schetyna demonstrowa\u0142 swoj\u0105 si\u0142\u0119\u201d (Cyt. za \u201eSuperExpress\u201dz 29 stycznia 2016 ). Sam Schetyna pr\u00f3buj\u0105c si\u0119 wybroni\u0107, zrzuca win\u0119 za ca\u0142\u0105 skandaliczn\u0105 akcj\u0119 na \u00f3wczesnego komendanta policji. Szczeg\u00f3lnie wa\u017cna jest zapowiedziana decyzja MSWiA o obci\u0119ciu emerytur katom. Resort wzi\u0105\u0142 pod lup\u0119 emerytury wyp\u0142acane by\u0142ym funkcjonariuszom UB i SB. Okaza\u0142o si\u0119, \u017ce niekt\u00f3re emerytury wyp\u0142acane by\u0142ym funkcjonariuszom SB si\u0119gaj\u0105 nawet 22 tys. z\u0142. podczas gdy ich ofiary dostaj\u0105 cz\u0119stokro\u0107 emerytury 20 razy ni\u017csze. Przewiduje si\u0119 wi\u0119c ci\u0119cia emerytur dla by\u0142ych esbek\u00f3w. (Por. MAR: Rz\u0105d obetnie emerytury esbekom, \u201eFakt\u2019 4 lutego 2016.) Zapowiada si\u0119 r\u00f3wnie\u017c znacz\u0105ce zwi\u0119kszenie liczby wi\u0119\u017ani\u00f3w posy\u0142anych do pracy.<\/p><p><b>Nowe tendencje w polityce zagranicznej.<\/b><\/p><p>Ju\u017c w poprzednim tek\u015bcie na blogu wysoko oceni\u0142em odwa\u017cne zaakcentowanie przez ministra W. Waszczykowskiego (kt\u00f3rego za wiele krytykuj\u0119) priorytetu polskich stosunk\u00f3w z W. Brytania w Europie oraz podkre\u015blenie wielkiego znaczenia wsp\u00f3\u0142pracy z krajami grupy wyszehradzkiej.. Widomym przejawem nowego priorytetu by\u0142a odbyta kilka dni temu tak znacz\u0105ca wizyta premiera W. Brytanii Davida Camerona w Warszawie. Te nowe akcenty w polskiej polityce zagranicznej spotka\u0142y si\u0119 ze zmasowanym atakiem ze strony platformerskiej opozycji. B. ambasador RP w Niemczech Janusz Reiter, germanofilski szkodnik, kt\u00f3ry w wielkim stopniu przyczyni\u0142 si\u0119 do zablokowania dzia\u0142a\u0144 dla uzyskania statusu mniejszo\u015bci narodowej przez 2- milionow\u0105 rzesz\u0119 Polak\u00f3w Niemczech gromko zaatakowa\u0142 \u201ezamienianie Niemiec na Angli\u0119\u201d. Z podobnym atakiem wyst\u0105pi\u0142 r\u00f3wnie\u017c przyw\u00f3dca PO Grzegorz Schetyna. Z werw\u0105 do\u0142\u0105czy\u0142 do tego grona Ludwik Dorn, kt\u00f3ry ostatnio szuka ka\u017cdej okazji do\u0142o\u017cenia PiS-owi. W \u201eGazecie Wyborczej\u201d z 4 lutego 2016 (te\u017c znalaz\u0142 dla siebie forum! ) Dorn napisa\u0142 o W. Brytanii i krajach Grupy Wyszehradzkiej , i\u017c \u201e\u017caden z tych sojusznik\u00f3w nie jest \u017cywotnie zainteresowany wzrostem znaczenia Polski w UE, a dla kraj\u00f3w Grupy Wyszehradzkiej umocnienie Polski stanowi\u0142oby nie lada k\u0142opot\u201d. Przypomnijmy wi\u0119c, \u017ce V.Orb\u00e1n ju\u017c w 2009 r. wyra\u017ca\u0142 pragnienie, by Polska zosta\u0142a liderem kraj\u00f3w Europy \u015arodkowej, a ostatnio parokrotnie zapewnia\u0142 o poparciu W\u0119gier dla Polski przeciw pr\u00f3bom os\u0105dzania jej przez UE. Z kolei 6 lutego 2016 r. czeski minister publicznie popar\u0142 starania Polski o sta\u0142e bazy NATO w Polsce. Przyk\u0142ady tego typu mo\u017cna mno\u017cy\u0107. Zapytajmy wi\u0119c, po co te wszystkie k\u0142amstwa Dorna, dzi\u015b tak lizusowskiego wobec przeciwnik\u00f3w rz\u0105du PiS-u ?<\/p><ol start=\"2\" type=\"I\"><li><h4>Zaniechania i zahamowania, b\u0142\u0119dy<\/h4><\/li><\/ol><p><b>Brak oczyszczenia przedpola (w sprawie Trybuna\u0142u Konstytucyjnego ), czy zmian w telewizji publicznej.<\/b><\/p><p>Absolutnie nie rozumiem, dlaczego dzia\u0142ania w\u0142adz PiS-u dla ukr\u00f3cenia stronniczo\u015bci i samowoli Trybuna\u0142u Konstytucyjnego nie poprzedzono szerokim medialnym obstrza\u0142em artyleryjskim dla oczyszczenia przedpola. My\u015bl\u0119 tu o wielkim b\u0142\u0119dzie, jakim by\u0142o zaniechanie wcze\u015bniejszego przypomnienia z trzydziestu najg\u0142upszych czy najbardziej szkodliwych orzecze\u0144 Trybuna\u0142u Konstytucyjnego. Takich jak zablokowanie lustracji, czy zawetowanie obni\u017cenia emerytur dla esbeckich kat\u00f3w. A by\u0142y tam jeszcze gorsze rzeczy. Znakomity historyk prof. Tadeusz Marczak pisa\u0142 niedawno w \u201ePolityce Polskiej\u201d o tym jak decyzje Trybuna\u0142u konstytucyjnego i Sadu Najwy\u017cszego zablokowa\u0142y uznanie w\u0142asno\u015bci polskiej na Ziemiach Odzyskanych za niepodwa\u017caln\u0105. Prof. Marczak okre\u015bli\u0142 to jako zdrad\u0119 Polski. Dlaczego tych spraw nie przypomniano w walce z samowol\u0105 Andrzeja Rzepli\u0144skiego et consortes?<\/p><p>Inna sprawa. Dlaczego przed przyst\u0105pieniem do radykalnych zmian w telewizji publicznej nie starano si\u0119 szeroko nag\u0142o\u015bni\u0107 ogromnych rozmiar\u00f3w opanowania program\u00f3w telewizji publicznej przez jedn\u0105 opcj\u0119 platformersk\u0105. Zrobi\u0142em to na blogu w tek\u015bcie: \u201ePrzep\u0119dzi\u0107 stada lis\u00f3w i lisiczek z telewizji!\u201d Czemu nie zrobili tego PiS-owscy eksperci? Dlaczego (poza wyst\u0105pieniem J.Lichockiej w Sejmie) nie pokuszono si\u0119 o bardzo skrupulatne wyliczenie jak wielu autor\u00f3w prawicowych zosta\u0142o sczyszczonych w TVP w ostatnich 20 latach?. Kolejne pytanie &#8211; dlaczego eksperci PiS-owscy nie spr\u00f3bowali przedstawi\u0107 dok\u0142adn\u0105 ilo\u015b\u0107 patriotycznych program\u00f3w i film\u00f3w \u201ezamordowanych\u201d w TVP od 1989 roku?<\/p><p><b>Szokuj\u0105ce spory wok\u00f3\u0142 podatku od supermarket\u00f3w<\/b><\/p><p>Mam wiele w\u0105tpliwo\u015bci co do dzia\u0142a\u0144 resort\u00f3w gospodarczych, kt\u00f3re jak dot\u0105d w zbyt ma\u0142ym stopniu skorzysta\u0142y z gotowych rozwi\u0105za\u0144 w postaci sprawdzonych reform w\u0119gierskich. <b>Przypomn\u0119 tu, co m\u00f3wi\u0142 obecny prezydent Andrzej Duda w programie telewizyjnym :\u201dDebata. Czas decyzji\u201d z 7 maja 2015 r.: \u201eChc\u0119 p\u00f3j\u015b\u0107 drog\u0105 Viktora Orb\u00e1na. W sprawach gospodarczych prowadzi dobra polityk\u0119, potwierdza to Fundusz Walutowy. Jego reformy by\u0142y skuteczne i wyci\u0105gn\u0119\u0142y kraj z kryzysu<\/b>\u201d. )Podkr.- JRN). Wiadomo, \u017ce reformy w\u0119gierskie by\u0142y wprowadzane na korzy\u015b\u0107 w\u0119gierskich przedsi\u0119biorc\u00f3w, kupc\u00f3w i rolnik\u00f3w wbrew zagranicznym koncernom, bankom i supermarketom. Nie rozumiem wi\u0119c, dlaczego w Polsce po prostu nie na\u015bladuje si\u0119 tych sprawdzonych w\u0119gierskich reform, a toczy si\u0119 do\u015b\u0107 \u017ca\u0142osne spory wok\u00f3\u0142 dziwnych innowacji podatkowych, wprowadzaj\u0105c rozwi\u0105zania, kt\u00f3re mog\u0105 zaszkodzi\u0107 akurat polskim kupcom, a nie zagranicznym marketom. Przypomn\u0119 cho\u0107by tekst \u201ePodatkiem w ma\u0142e sklepy\u201d (\u201eRzeczpospolita\u201d z 5 lutego 2016 ). Czytamy tam m.in.: \u201eSklepy z sieci franczyzowych b\u0119d\u0105 g\u0142\u00f3wn\u0105 ofiar\u0105 podatku od sprzeda\u017cy detalicznej. Powsta\u0142y, aby skutecznie walczy\u0107 z zagraniczn\u0105 konkurencj\u0105, teraz resort finans\u00f3w chce je tak samo kara\u0107 jak hipermarkety\u201d. Zar\u00f3wno w &#8222;Rzeczypospolitej\u201d jak i w innych dziennikach ostrzega si\u0119 przed gro\u017ab\u0105, \u017ce polskie sklepy b\u0119d\u0105 p\u0142aci\u0142y najwy\u017csz\u0105 stawk\u0119 podatku, jak Tesko czy Biedronka. Ciekawe, jaki geniusz w resorcie finans\u00f3w wymy\u015bla tego typu rozwi\u0105zania?<\/p><p>Bardzo dziwi\u0119 si\u0119 r\u00f3wnie\u017c temu, \u017ce w Polsce m\u00f3wi si\u0119 tylko o podatkach od supermarket\u00f3w, a jako\u015b dziwnie milczy o innych w\u0119gierskich rozwi\u0105zaniach, s\u0142u\u017c\u0105cych ograniczeniu dominacji zagranicznych market\u00f3w na sklepami krajowymi. Dlaczego nie m\u00f3wi si\u0119 o wprowadzeniu &#8211; na wz\u00f3r w\u0119gierski &#8211; zakazu budowy nowych supermarket\u00f3w w centrum du\u017cych miast, pozwalaj\u0105c na tworzenie ich tylko na obrze\u017cach du\u017cych miast. A u nas w ostatnich latach wykorzystano przebudowy dworc\u00f3w w Krakowie i Poznaniu, by je po\u0142\u0105czy\u0107 z wielkimi marketami, tak, \u017ce sta\u0142y si\u0119 faktycznie ich przybud\u00f3wkami,. Skandal ! Inna sprawa &#8211; wprowadza si\u0119 wi\u0119kszy podatek od sprzeda\u017cy w niedziel\u0119 zamiast ca\u0142kowicie zakaza\u0107 j\u0105 dla market\u00f3w , jak zrobili W\u0119gry. (Tam mog\u0105 by\u0107 czynne w niedziele tylko mniejsze sklepy)\/. Na W\u0119grzech zakazano r\u00f3wnie\u017c budowy nowych sklep\u00f3w wielkopowierzchniowych o pojemno\u015bci ponad 300 metr\u00f3w kwadratowych. Co najwa\u017cniejsze za\u015b wydano rozporz\u0105dzenie o zamykaniu tych wszystkich zagranicznych market\u00f3w, kt\u00f3re przez dwa ostatnie lata z rz\u0119du wykazuj\u0105 straty. U nas takie straty wykazuje ogromna wi\u0119kszo\u015b\u0107 zagranicznych market\u00f3w, a ich oszuka\u0144czym w\u0142a\u015bcicielom w\u0142os nie spada z g\u0142owy.<\/p><p>Dlaczego nie uczymy si\u0119 z w\u0119gierskich przyk\u0142ad\u00f3w? Na pr\u00f3\u017cno g\u0142\u00f3wny ekonomista Skok\u00f3w, a dzi\u015b tak\u017ce pose\u0142 na Sejm, Janusz Szewczak ju\u017c 30 lipca 2013 r. m\u00f3wi\u0142 w jednym z wywiad\u00f3w : \u201eReformy w\u0119gierskie s\u0105 nies\u0142ychanie m\u0105dre i przemy\u015blane. Uwa\u017cam, ze polska opozycja powinna zorganizowa\u0107 wyjazd studyjny na W\u0119gry, \u017ceby si\u0119 przygotowa\u0107 do rz\u0105dzenia w ci\u0119\u017ckich czasach, \u017ceby zobaczy\u0107, jak to si\u0119 robi. <b>Tam s\u0105 gotowe projekty ustaw, rozwi\u0105za\u0144, rozporz\u0105dze\u0144. To trzeba \u015bci\u0105gn\u0105\u0107 od W\u0119gr\u00f3w, bo inaczej nikt sobie nie poradzi z t\u0105 stajni\u0105 Augiasza\u201d. <\/b>(Podkr.- JRN). Szkoda, \u017ce jako\u015b nie wykorzystano tak znakomitego ekonomist\u0119 jak pogromca bankster\u00f3w J. Szewczak do \u017cadnej wa\u017cniejszej funkcji przy reformowaniu polskiej gospodarki. Podobnie jak nie wykorzystano tw\u00f3rcy programu gospodarczego Pis-u w 2005 r., b. wiceministra finans\u00f3w (narazi\u0142 si\u0119 libera\u0142ce Z. Gilowskiej) Cezarego Mecha, kt\u00f3rego jak\u017ce nies\u0142usznie zmarginalizowano ostatnich latach. A przecie\u017c PiS ci\u0105gle cierpi na zbyt ma\u0142\u0105 ilo\u015b\u0107 powa\u017cnych ekspert\u00f3w gospodarczych.<\/p><p>Ci\u0105gle brak dostatecznych dzia\u0142a\u0144 dla przyci\u0105gni\u0119cia poparcia przedsi\u0119biorc\u00f3w, obni\u017cenia dla nich podatk\u00f3w, a przede wszystkim ukr\u00f3cenia zalewaj\u0105cego ich morza biurokratycznych przepis\u00f3w.<\/p><p><b>Potwierdzenia moich ostrych krytyk niekt\u00f3rych ocen ministra W.Waszczykowskiego<\/b><\/p><p>W poprzednim tek\u015bcie na blogu krytykowa\u0142em niefortunne stwierdzenie ministra W. Waszczykowskiego: \u201eNie tracimy nadziei na powodzenie procesu reform w Mo\u0142dawii\u201d, pisz\u0105c: \u201ePrzecie\u017c w Mo\u0142dawii obecnie wida\u0107 nie reformy, lecz wszechobecn\u0105 korupcj\u0119 z udzia\u0142em g\u0142\u00f3wnych polityk\u00f3w tzw. proeuropejskiej koalicji\u201d. I oto w tych dniach w dw\u00f3ch r\u00f3\u017cnych znacz\u0105cych tygodnikach ukaza\u0142y si\u0119 jednoznaczne potwierdzenia mojej oceny w tej sprawie. Zacznijmy od najnowszego numeru tygodnika \u201eWprost\u201d z 7 lutego 2016 r.,, gdzie ukaza\u0142 si\u0119 tekst Jaros\u0142awa Gizi\u0144skiego: \u201eKiszyniowski anty-Majdan\u201d. Gizi\u0144ski pisze: o sytuacji Mo\u0142dawii: \u201eKu wielkiemu niepokojowi Brukseli s\u0142abnie poparcie dla integracji europejskiej. Idea ta zosta\u0142a skutecznie skompromitowana przez aferzyst\u00f3w g\u0142osz\u0105cych proeuropejskie has\u0142a, aby tym skuteczniej kra\u015b\u0107\u201d. Nader wymowne s\u0105 r\u00f3wnie\u017c oceny zawarte w najnowszym numerze \u201eGazety Polskiej\u201d ( z 3 lutego 2016 r.) w tek\u015bcie Antoniego Rybczy\u0144skiego : \u201eRosja mo\u017ce odbi\u0107 Kiszyni\u00f3w. Mo\u0142dawia. Kompromitacja partii proeuropejskich\u201d. Red. Rybczy\u0144ski pisa\u0142 tam m.in. : \u201eHistoria Mo\u0142dawii ostatnich kilku lat pokazuje , jak w postsowieckim kraju skorumpowani politycy g\u0142osz\u0105cy, \u017ce chc\u0105 wej\u015b\u0107 do UE, mog\u0105 zrujnowa\u0107 kraj, skompromitowa\u0107 prozachodnie has\u0142a i otworzy\u0107 drog\u0119 do w\u0142adzy si\u0142om prorosyjskim\u201d. Autor pisa\u0142 dalej o \u201eszokuj\u0105cym wr\u0119cz stopniu kompromitacji wi\u0119kszo\u015bci proeuropejskich polityk\u00f3w\u201d. Mog\u0119 zrozumie\u0107, \u017ce minister Waszczykowski sam nie \u015bledzi na bie\u017c\u0105co rozwoju sytuacji w Mo\u0142dawii. Wydaje si\u0119 jednak, \u017ce powinien natychmiast wyrzuci\u0107 z pracy \u201epseudoeksperta\u201d, kt\u00f3ry go \u017ale poinformowa\u0142 na ten temat.<\/p><p>W poprzednim tek\u015bcie na blogu uzna\u0142em za szczeg\u00f3lnie niepokoj\u0105c\u0105 bezkrytyczn\u0105 proameryka\u0144sko\u015b\u0107 ministra W. Waszczykowskiego, wyra\u017con\u0105 w jego poparciu dla negocjowanej w tajemnicy od kilku lat umowy TTIP miedzy USA, a UE. Wielu ekonomist\u00f3w uwa\u017ca t\u0119 umow\u0119 za korzystna tylko dla ameryka\u0144skich koncern\u00f3w, a szkodliw\u0105 dla ma\u0142ych i \u015brednich pa\u0144stw typu Polski, m.in. dla polskiego przemys\u0142u chemicznego i rolnictwa,. Kolejne potwierdzenie tych obaw znalaz\u0142em \u015bwie\u017co w wywiadzie Tomasza Walczaka z prof. El\u017cbiet\u0105 M\u0105czy\u0144sk\u0105, prezesem Polskiego Towarzystwa Ekonomicznego &#8211; Korporacje id\u0105 po w\u0142adz\u0119, \u201eSuperExpress\u201d,1 lutego 2016 r. Prof. M\u0105czy\u0144ska stwierdzi\u0142a m.in.: \u201eTTIP, to nie tylko umowa o wolnym handlu. Istniej\u0105 s\u0142uszne obawy, \u017ce wzmocni ona pozycje korporacji kosztem pa\u0144stw narodowych., Szczeg\u00f3lnie istotna wydaje si\u0119 kwestia arbitra\u017cu, dzi\u0119ki czemu inwestorzy mog\u0105 oskar\u017ca\u0107 pa\u0144stwa ponad prawem danego kraju (\u2026) Pa\u0144stwa przera\u017cone si\u0142\u0105 arbitra\u017cu mog\u0105 rezygnowa\u0107 z niekt\u00f3rych obszar\u00f3w ochrony obywateli, boj\u0105c si\u0119 wielomiliardowych odszkodowa\u0144\u201d. Nie rozumiem, dlaczego min. Waszczykowski w swej bezkrytycznej proameryka\u0144sko\u015bci tak si\u0119 po\u015bpieszy\u0142 z akceptacj\u0105 dla tej tak bardzo niebezpiecznej umowy, nie czekaj\u0105c na jej g\u0142\u0119bsze konsultacje w gronie polskich ekonomist\u00f3w. Przypomn\u0119, \u017ce minister rolnictwa K. Jurgiel wyra\u017ca\u0142 w listopadzie 2015 obawy w zwi\u0105zku z kszta\u0142tem TTIP. Na Kresach. pl z 25 stycznia 2016 pisano: \u201eZdaniem wi\u0119kszo\u015bci ekspert\u00f3w, Polska b\u0119dzie jednym z tych kraj\u00f3w, kt\u00f3re strac\u0105 na TTIP.<b>&#8211; \u201e\u00a0<\/b><b>Zagro\u017cenia dla takich kraj\u00f3w jak nasze s\u0105 znaczne. <\/b><b>Polska nie b\u0119dzie tutaj jednym ze zwyci\u0119zc\u00f3w w tej umowie, tylko b\u0119dzie nale\u017ca\u0142a do przegranych<\/b><b> (podkr.-JRN)S, bo tak wielka konkurencja os\u0142abi nasze mo\u017cliwo\u015bci kszta\u0142towania w\u0142asnej polityki przemys\u0142owej i przyczyni si\u0119 do tego, \u017ce wielu naszych producent\u00f3w zostanie wyeliminowanych, bo nie b\u0119dziemy w stanie skutecznie konkurowa\u0107 z tanimi ameryka\u0144skimi produktami (\u2026)\u201d-<\/b>wskazuje prof. Leokadia Or\u0119ziak, ekonomista z SGH.\u201d.<\/p><p><br \/> <b>Dlaczego minister W. Waszczykowski wci\u0105\u017c trzyma R. Schnepfa w Waszyngtonie?<\/b><\/p><p><b><\/b>Szczeg\u00f3lnie zdumiewaj\u0105ca i oburzaj\u0105ca zarazem jest niebywa\u0142a \u015blamazarno\u015b\u0107 ministra W. Waszczykowskiego w robieniu porz\u0105dk\u00f3w na plac\u00f3wkach dyplomatycznych. Trzeba by\u0142oby natychmiast odwo\u0142a\u0107 z kilkudziesi\u0119ciu niekompetentnych lub cz\u0119sto &#8211; wr\u0119cz szkodliwych ambasador\u00f3w, a Waszczykowski w ci\u0105gu ponad 2 miesi\u0119cy odwo\u0142a\u0142 zaledwie trzech &#8211; jak pisa\u0142em w poprzednim tek\u015bcie na blogu. Przypomn\u0119 tu, \u017ce ju\u017c 25 listopada 2015 r. w tek\u015bcie \u201eCzas na weryfikacj\u0119 ambasador\u00f3w&#8221; poda\u0142em na blogu sporo charakterystyk najbardziej szkodliwych ambasador\u00f3w RP. Prawdziwym prymusem w szkodnictwie wobec Polski jest w\u015br\u00f3d nich ambasador w najpot\u0119\u017cniejszym pa\u0144stwie \u015bwiata- USA &#8211; Ryszard Schnepf. Przypomina\u0142em ju\u017c, \u017ce Schnepf zosta\u0142 usuni\u0119ty ze stanowiska g\u0142\u00f3wnego doradcy swego kumpla pod K. Marcinkiewicza pod naciskiem Jaros\u0142awa Kaczy\u0144skiego. Chodzi\u0142o o publiczne wyst\u0105pienie Schnepfa z tez\u0105 godz\u0105c\u0105 w podstawowe interesy Polski &#8211; Schnepf pochwali\u0142 tak niebezpieczny dla nas gazoci\u0105g rosyjsko-niemiecki.\u00a0<\/p><p>Przypomnijmy inn\u0105 szczeg\u00f3lnie niebezpieczn\u0105 dla nas rol\u0119 Schnepfa &#8211; za artyku\u0142em Krzysztofa G\u00f3reckiego. To nie jest nasze ministerstwo, nie nasz\u00a0ambasador w \u201eWarszawskiej Gazecie\u201d z 26 pa\u017adziernika 2012 r. G\u00f3recki pisa\u0142 tam m.in.: \u201eJako g\u0142\u00f3wny doradca premiera Marcinkiewicza ds. zagranicznych Schnepf szczeg\u00f3lnie gorliwie zajmowa\u0142 si\u0119 spraw\u0105 odszkodowa\u0144 dla \u017byd\u00f3w za mienie pozostawione w\u00a0Polsce oraz lobbingiem na rzecz organizacji \u017cydowskich z\u00a0USA, domagaj\u0105cych si\u0119 od Polski miliardowych odszkodowa\u0144. Usuni\u0119cie go z\u00a0funkcji ze szczeg\u00f3lnym \u017calem przyj\u0105\u0142 \u015awiatowy Kongres \u017byd\u00f3w. Znalaz\u0142o to wyraz w\u00a0o\u015bwiadczeniu zamieszczonym na stronie internetowej tej organizacji, wyra\u017caj\u0105cym obawy, \u017ce odej\u015bcie Schnepfa mo\u017ce doprowadzi\u0107 do spowolnienia procesu negocjacji mi\u0119dzy rz\u0105dem polskim a\u00a0\u015brodowiskami \u017cydowskimi w\u00a0sprawie mienia. Z\u00a0tego zdumiewaj\u0105cego o\u015bwiadczenia wynika, \u017ce Schnepf pracowa\u0142 nie tylko dla polskiego rz\u0105du, lecz tak\u017ce na korzy\u015b\u0107 \u017cydowskich organizacji. Dowiadujemy si\u0119 z\u00a0niego, \u017ce w\u00a0trwaj\u0105cych negocjacjach pomi\u0119dzy polskim rz\u0105dem a\u00a0\u017bydowsk\u0105 Komisj\u0105 Roszczeniow\u0105 (Jewish Claims Conference) Schnepf mia\u0142 by\u0107 gwarantem doprowadzenia do szybkiej zgody na odszkodowania. Ciekawa jest te\u017c zawarta w\u00a0komunikacie wzmianka demaskuj\u0105ca, dlaczego odszkodowaniami zajmowa\u0142 si\u0119, tak gorliwie, w\u0142a\u015bnie Schnepf. Ot\u00f3\u017c ojciec Schnepfa by\u0142 \u201eg\u0142ow\u0105 polskiej spo\u0142eczno\u015bci \u017cydowskiej w\u00a0czasach komunizmu\u201d. Kr\u00f3tko m\u00f3wi\u0105c &#8211;\u00a0wygl\u0105da na to, \u017ce w\u00a0negocjacje zaanga\u017cowany by\u0142 z\u00a0powod\u00f3w rasowych\u201d.<\/p><p>Powy\u017csza informacja dowodzi, \u017c\u0119 Schnepf mo\u017ce by\u0107 szczeg\u00f3lnie niebezpieczny dla Polski w sytuacji, gdyby -nie daj B\u00f3g- do w\u0142adzy w USA dosz\u0142a jako nowa prezydent Hillary Clinton, szczeg\u00f3lnie mocno zaanga\u017cowana w poparciu roszcze\u0144 \u017cydowskich przeciw Polsce. <b>Schnepf w Waszyngtonie m\u00f3g\u0142by odgrywa\u0107 rol\u0119 bardzo niebezpiecznego suflera, podpowiadaj\u0105cego Clintonowej kolejno\u015b\u0107 nacisk\u00f3w na Polsk\u0119.<\/b> Jak w tej sytuacji wyt\u0142umaczy\u0107 bierno\u015b\u0107 w ministra W. Waszczykowskiego w sprawie Schnepfa? Czy to w og\u00f3le nadaje si\u0119 do wyt\u0142umaczenia?<\/p><p>Skrajne zaniechania ministra W. Waszczykowskiego w podejmowaniu nawet najbardziej niezb\u0119dnych decyzji personalnych budz\u0105 coraz cz\u0119\u015bciej r\u00f3\u017cne \u015bmichy-chichy w \u015brodowiskach prawicowych. Do\u015b\u0107 przytoczy\u0107, co napisali na ten temat \u201edwaj panowie G\u201d (P.Gociek i P.Gursztyn) w \u201edo Rzeczy\u201d z 1 lutego 2016 r.: \u201e(\u2026) Zwolennicy tak zwanej dobrej zmiany dziwi\u0105 si\u0119, dlaczego Srebrny Lis Dyplomacji, popularny Waszczu, tak wolno wymienia kadry MSZ. Ukryci w kazamatach przy Szucha nieliczni prawicowcy ( i tacy przetrwali w ministerstwie) sarkaj\u0105, \u017ce obsad\u0105 plac\u00f3wek nadal rz\u0105dzi tzw. notes Geremka, a Waszczykowski nie wymieni\u0142 nawet sekretarki, kt\u00f3ra ju\u017c od czas\u00f3w MON wiernie pod\u0105\u017ca\u0142a za Radkiem Sknerusem Sikorskim. Podobno wi\u0105\u017ce si\u0119 to z \u017cyciem wewn\u0119trznym Waszcza,. Marzy on o stanowisku ambasadora w USA i wymy\u015bli\u0142 sobie, \u017ce jak teraz b\u0119dzie dobry dla tych, kt\u00f3rzy za cztery lata odwr\u00f3c\u0105 dobr\u0105 zmian\u0119, to oni go lito\u015bciwie wy\u015bl\u0105 w nagrod\u0119 do Waszyngtonu. C\u00f3\u017c, ka\u017cdy kraj ma takiego Franka Underwooda,, na jakiego sobie zas\u0142u\u017cy\u0142\u201d.<\/p><p>\u00a0<br \/> Przez moje niedopatrzenie z tekstu na poprzednim blogu wylecia\u0142 kr\u00f3tki fragment, krytykuj\u0105cy pomini\u0119cie Chorwacji przez ministra Waszczykowskiego w jego ma\u0142ym expos\u00c3\u00a9. Pisa\u0142em tam: \u201eWarto akcentowa\u0107 rol\u0119 Chorwacji tym mocniej, i\u017c jej prezydent Kolinda Grabar-Kitarovic wypowiada si\u0119 za tym, \u017ceby Polska by\u0142a liderem kraj\u00f3w naszego regionu. (Por. tekst rozmowy A. Sosnowskiego z K. Grabar-Kitarovic we WPIS z 16 pa\u017adziernika 2015 r.)\u201d. Warto poleci\u0107 w tym kontek\u015bcie \u015bwietny faktograficzny tekst M. Hermana: Polak- Chorwat, dwaj wsp\u00f3lnicy , na temat poszerzania si\u0119 wzajemnych kontakt\u00f3w, publikowany w &#8222;Gazecie Polskiej codziennie\u201d 5 lutego 2016 r..<\/p><p>M\u00f3j stary przyjaciel redaktor Zbigniew Lipi\u0144ski z \u201eMy\u015bli Polskiej\u201d przypomnia\u0142 mi o potrzebie jak najszybszego usuni\u0119cia przez nowy Sejm tak szkodliwej ustawy o \u201ebratniej pomocy\u201d (druk nr 1066 ). Rzeczywi\u015bcie trzeba jak najszybciej podj\u0105\u0107 kroki w tej sprawie,. Zar\u00f3wno o tej ustawie jak i wielu innych pilnych sprawach pragn\u0119 napisa\u0107 w osobnym tek\u015bcie na blogu, wyliczaj\u0105cym moje propozycje reform na pierwsze \u201e200 dni\u201d rz\u0105du B. Szyd\u0142o.<\/p><p><b>Zbyt w\u0105t\u0142e zmiany w telewizji publicznej<\/b><\/p><p>W poprzednim tek\u015bcie na blogu pisa\u0142em, \u017ce zmiany publicznej telewizji \u201eci\u0105gle wydaj\u0105 si\u0119 zbyt powolne\u201d. Prawdziwym skandalem okaza\u0142a si\u0119 zorganizowana w \u201eodnowionej\u201d TVP 1 \u201eDebata\u201d pod kierownictwem Krzysztofa Ziemca. W \u201eDebacie\u201d uczestniczyli m.in. J. Zakowski, B. Wildstein, A. Smolar, A. Dudek i S. Sierakowski. Dwaj z uczestnik\u00f3w \u201eDebaty\u201d: J. \u0179akowski i S. Sierakowski \u201epopisali si\u0119\u201d wr\u0119cz antypolskim zachowaniem usprawiedliwiaj\u0105c u\u017cywanie na Zachodzie okre\u015ble\u0144 \u201epolskie obozy \u015bmierci\u201d, lub \u201epolskie obozy koncentracyjne\u201d. Akcentowali, \u017ce protestowanie przeciwko tego typu zwrotom jest tylko wyrazem histeryzowania \u201enaburmuszonych Polak\u00f3w\u201d Pisz\u0105cy o ich wybrykach Miko\u0142aj Mirowski wyrazi\u0142 nadziej\u0119, \u017ce obaj autorzy \u201ezreflektuj\u0105 si\u0119 i przeprosz\u0105 za swoje nieprzyzwoite s\u0142owa, kt\u00f3re w og\u00f3le pa\u015b\u0107 nie powinny\u201d.(Por. M. Mirowski: Poza granica przyzwoito\u015bci, \u201eRzeczpospolita\u201d ,.29 stycznia 2016 ). A je\u015bli nie przeprosz\u0105? Moim zdaniem takich antyPolak\u00f3w nie powinno si\u0119 zaprasza\u0107 do polskiej telewizji pub licznej. Niech buszuj\u0105 w TVN-ie i tym podobnych mediach!<\/p><p>Najnowszym potwierdzeniem zbyt powolnych zmian w TVP by\u0142y g\u0142\u00f3wne \u201eWiadomo\u015bci\u201d telewizyjne z 6 lutego 2016 r. Zabrak\u0142o tam jakiekolwiek wzmianki o parotysi\u0119cznej manifestacji antyimigracyjnej w Warszawie, cho\u0107 informowano o niej w TVN 24 i Pol Sat.. W tych samych &#8222;Wiadomo\u015bciach\u201d poinformowano za to o du\u017co mniejszych manifestacjach Kodu i przeciwko ustawie o pods\u0142uchom. Kto odpowiada za tego typu manipulacje w jak wida\u0107 nie do\u015b\u0107 zmienionej TVP? Znakomity publicysta \u201eGazety Warszawskiej\u201d Miros\u0142aw Kokoszkiewicz z wyra\u017an\u0105 gorycz\u0105 komentowa\u0142 zbyt w\u0105t\u0142e zmiany w telewizji pod nowym kierownictwem Jacka Kurskiego, stwierdzaj\u0105c m.in.: \u201eIdzie nowe, ale jak wida\u0107 w mediach publicznych nie ma miejsca dla dziennikarzy zwi\u0105zanych z Radiem Maryja, Naszym Dziennikiem i TV Trwam. Nie ma tam miejsca dla takich bezkompromisowych ludzi, jak cho\u0107by Stanis\u0142aw Michalkiewicz, Leszek \u017bebrowski, Tadeusz P\u0142u\u017ca\u0144ski czy Grzegorz Braun\u201d. (Cyt. za: M. Kokoszkiewicz: Czy Jacek Kurski jest nadal bezkompromisowym twardzielem?, \u201eGazeta Warszawska\u201d z 5 lutego 2016 ). Warto zwr\u00f3ci\u0107 uwag\u0119 r\u00f3wnie\u017c na umieszczony w Internecie 29 stycznia 2016 r. tekst znanego re\u017cysera filmowego Piotra Zar\u0119bskiego, niejednokrotnie blokowanego po 1989 r. przez \u201enow\u0105 cenzur\u0119\u201d\u201d. Wed\u0142ug Zar\u0119bskiego: \u201eZmiany w mediach publicznych s\u0105 niestety cz\u0105stkowe i mo\u017cna by to by\u0142o skwitowa\u0107 tym \u017ce system trzyma si\u0119 dobrze(\u2026)Mimo pojawiaj\u0105cych si\u0119 nowych twarzy dziennikarskich oraz pozbycia si\u0119 starych propagandzist\u00f3w nie od\u015bwie\u017cy\u0142y umys\u0142\u00f3w ludzi w TVP pracuj\u0105cych. Wnioskuj\u0119 to tym, \u017ce \u00a0w TVP Info z lubo\u015bci\u0105 przedstawiano w negatywnym \u015bwietle wsparcie bud\u017cetowe Wy\u017cszej Szko\u0142y Kultury Spo\u0142ecznej i Medialnej w Toruniu w tegorocznym bud\u017cecie pa\u0144stwa. (\u2026) <b>Panie Racho\u0144 trzeba nie tylko szuka\u0107 nowych dziennikarzy do TVP Info, ale tak\u017ce tych, co pisz\u0105 wiadomo\u015bci na pasku<\/b><b>.\u201d<\/b><\/p><p>&#8212;&#8212;&#8212;&#8212;&#8212;&#8212;&#8212;&#8212;&#8212;&#8212;&#8212;&#8212;&#8212;&#8212;&#8212;&#8212;&#8212;&#8212;&#8212;&#8212;&#8212;&#8212;&#8212;&#8212;&#8212;&#8212;&#8212;&#8212;&#8212;&#8212;&#8212;&#8212;&#8212;&#8212;&#8212;&#8212;&#8212;&#8212;&#8212;&#8212;&#8212;&#8212;&#8212;-<\/p><p><b> <\/b>Na koniec kilka sm\u0119tnych uwag odno\u015bnie fanatyzmu i nieuctwa niekt\u00f3rych z naszych rodak\u00f3w.\u00a0<\/p><p>Sp\u0119dzi\u0142em kilka dni na wyczerpuj\u0105cej pracy nad przygotowaniem mojej analizy o \u201eDokonaniach i zaniechaniach\u201d. Nie twierdz\u0119, \u017ce jest ona najlepsz\u0105, wola\u0142bym, \u017ceby towarzyszy\u0142y jej inne subiektywne analizy podobnego typu. Z tym wi\u0119ksz\u0105 irytacj\u0105 przeczyta\u0142em wi\u0119c g\u0142upawy atak na moj\u0105 analiz\u0119 w komentarzu internauty na portalu alexjones.pl. Autor o ksywie Hansje z furi\u0105 atakuje mnie jako rzekomego PiS-owca i okre\u015bla moje sugestie jako \u201ebzdety\u201d. Ot\u00f3\u017c nie jestem PiS-owcem i mam swoje niezale\u017cne stanowisko, widoczne chocia\u017cby w ostro\u015bci mojej krytyki bezmy\u015blnej proameryka\u0144sko\u015bci p.Waszczykowskiego. <b>Uwa\u017cam jednak, \u017ce obecny rz\u0105d jest rz\u0105dem jedynej od wielu lat szansy na prze\u0142amanie przest\u0119pczych uk\u0142ad\u00f3w SLD-owskich i platformerskich, i dlatego nale\u017cy go wesprze\u0107. Rz\u0105d ten jednak te\u017c powinien bezwarunkowo du\u017co mocniej otworzy\u0107 si\u0119 na wszystkie inne \u015brodowiska patriotyczne, o czym chc\u0119 napisa\u0107 w odr\u0119bnym tek\u015bcie<\/b>. Internaucie radz\u0119, \u017ceby na przysz\u0142o\u015b\u0107 u\u017cywa\u0142 mniej \u015bliny i powstrzymywa\u0142 si\u0119 od epitet\u00f3w. A przede wszystkim, \u017ceby nie tylko pisa\u0142 r\u00f3\u017cne brechty, lecz zacz\u0105\u0142 sam wreszcie czyta\u0107 i si\u0119 douczy\u0142. Nie poucza\u0142by mnie wtedy o potrzebie karania J.T. Grossa, o czym pisa\u0142em du\u017co wcze\u015bniej i bez por\u00f3wnania bardziej kompetentnie od niego (vide moje trzy ksi\u0105\u017cki o J. T. Grossie.). Nie odkrywa\u0142by wtedy jako novum tezy o gro\u017abie germanizacji Wroc\u0142awia w sytuacji, gdy jest ju\u017c od kilku lat na rynku wydawniczym moja ponad 300-stronnicowa ksi\u0105\u017cka. \u201ePe\u0142zaj\u0105ca germanizacja Wroc\u0142awia\u201d. I by\u0107 mo\u017ce nie zadawa\u0142by wtedy tak g\u0142upiego pytania: \u201eKOGO Pan reprezentuje, Panie Jerzy Robercie Nowaku? Nazwisko ma Pan dosy\u0107 charakterystyczne\u201d. Zawsze reprezentowa\u0142em i reprezentuj\u0119 zatroskanych o Polsk\u0119 i polsko\u015b\u0107 Polak\u00f3w, czemu da\u0142em wyraz w wielu ksi\u0105\u017ckach i w setkach artyku\u0142\u00f3w, za co atakowa\u0142y mnie po tylekro\u0107 &#8222;Wyborcza\u201d, \u201eTVN\u201d, \u201ePolityka\u201d i tym podobne \u0142\u017ce -media. O czym nic nie wie ignorant i niedouczek o ksywie Hansje.<\/p><p><strong><em>Jerzy Robert Nowak<\/em><\/strong><\/p>","protected":false},"excerpt":{"rendered":"I. \u201ePlusy dodatnie\u201d dzia\u0142a\u0144 nowych w\u0142adzReformy w MON-ieUwagi na powy\u017cszy temat, zawarte w poprzednim moim tek\u015bcie na blogu, pragn\u0119 uzupe\u0142ni\u0107 o kilka istotnych spraw. Zaczn\u0119 od spraw dzia\u0142a\u0144 dla poprawy naszej obronno\u015bci i stanu wojska, kt\u00f3re zosta\u0142y tak zdewastowane w czasach rz\u0105d\u00f3w PO. Nieprzypadkowo w moim tomiku \u201eJak ratowa\u0107 Polsk\u0119\u201d (Warszawa 2014,.ss.5-12) apelowa\u0142em na rzecz [&hellip;]","protected":false},"author":1,"featured_media":0,"comment_status":"closed","ping_status":"closed","sticky":false,"template":"","format":"standard","meta":{"_acf_changed":false,"_monsterinsights_skip_tracking":false,"_monsterinsights_sitenote_active":false,"_monsterinsights_sitenote_note":"","_monsterinsights_sitenote_category":0,"ngg_post_thumbnail":0,"footnotes":"","_wp_rev_ctl_limit":""},"categories":[9],"tags":[98],"acf":[],"_links":{"self":[{"href":"https:\/\/www.bibula.com\/index.php?rest_route=\/wp\/v2\/posts\/85678"}],"collection":[{"href":"https:\/\/www.bibula.com\/index.php?rest_route=\/wp\/v2\/posts"}],"about":[{"href":"https:\/\/www.bibula.com\/index.php?rest_route=\/wp\/v2\/types\/post"}],"author":[{"embeddable":true,"href":"https:\/\/www.bibula.com\/index.php?rest_route=\/wp\/v2\/users\/1"}],"replies":[{"embeddable":true,"href":"https:\/\/www.bibula.com\/index.php?rest_route=%2Fwp%2Fv2%2Fcomments&post=85678"}],"version-history":[{"count":0,"href":"https:\/\/www.bibula.com\/index.php?rest_route=\/wp\/v2\/posts\/85678\/revisions"}],"wp:attachment":[{"href":"https:\/\/www.bibula.com\/index.php?rest_route=%2Fwp%2Fv2%2Fmedia&parent=85678"}],"wp:term":[{"taxonomy":"category","embeddable":true,"href":"https:\/\/www.bibula.com\/index.php?rest_route=%2Fwp%2Fv2%2Fcategories&post=85678"},{"taxonomy":"post_tag","embeddable":true,"href":"https:\/\/www.bibula.com\/index.php?rest_route=%2Fwp%2Fv2%2Ftags&post=85678"}],"curies":[{"name":"wp","href":"https:\/\/api.w.org\/{rel}","templated":true}]}}