{"id":85676,"date":"2016-02-09T09:24:41","date_gmt":"2016-02-09T14:24:41","guid":{"rendered":"http:\/\/www.bibula.com\/?p=85676"},"modified":"2016-02-09T09:24:41","modified_gmt":"2016-02-09T14:24:41","slug":"sejm-bisurmani-sie-na-dwa-sposoby-stanislaw-michalkiewicz","status":"publish","type":"post","link":"https:\/\/www.bibula.com\/?p=85676","title":{"rendered":"Sejm bisurmani si\u0119 na dwa sposoby &#8211; <em>Stanis\u0142aw Michalkiewicz<\/em>"},"content":{"rendered":"<p>Sejmowa Komisja Etyki znalaz\u0142a si\u0119 w pu\u0142apce. Ale trudno jej wsp\u00f3\u0142czu\u0107, bo &#8211; po pierwsze &#8211; sama sobie winna, a po drugie &#8211; g\u0142upota powinna by\u0107 bezlito\u015bnie karcona &#8211; r\u00f3wnie\u017c dla dobra g\u0142upc\u00f3w. Gdyby, dajmy na to, b\u00f3l po uderzeniu m\u0142otkiem w palec, odzywa\u0142 si\u0119 dopiero po roku, to wi\u0119kszo\u015b\u0107 ludzi by\u0142aby kalekami bez palc\u00f3w u r\u0105k. Poniewa\u017c jednak po uderzeniu m\u0142otkiem w palec b\u00f3l odzywa si\u0119 natychmiast, ludzie uwa\u017caj\u0105 by si\u0119 po palcach m\u0142otkiem nie uderza\u0107 i w ten spos\u00f3b chroni\u0105 si\u0119 przed kalectwem. \u201e<i>Wariat na swobodzie najwi\u0119ksz\u0105 kl\u0119sk\u0105 jest w przyrodzie<\/i>\u201d &#8211; napisa\u0142 poeta, a c\u00f3\u017c dopiero, gdy na barkach takiego wariata spocz\u0119\u0142a w\u0142adza? Dlatego wszelkie postacie g\u0142upoty, zw\u0142aszcza w \u015brodowisku nomenklatury, to znaczy &#8211; w \u015brodowisku w\u0142adzy &#8211; powinny by\u0107 bezlito\u015bnie t\u0119pione, zar\u00f3wno w interesie spo\u0142ecznym, \u017ceby\u015bmy pewnego dnia nie skonstatowali z przera\u017ceniem, i\u017c jeste\u015bmy w mocy wariat\u00f3w, a tak\u017ce w interesie samej nomenklatury, \u017ceby si\u0119 od nadmiaru wariat\u00f3w nie zdegenerowa\u0142a.<\/p><p>Chodzi oczywi\u015bcie o to, \u017ce sejmowa Komisja Etyki postanowi\u0142a zaj\u0105\u0107 si\u0119 pos\u0142em Paw\u0142em Kukizem, poniewa\u017c powiedzia\u0142 on, \u017ce Komitet Obrony Demokracji finansowany jest przez \u201e<i>\u017cydowskiego bankiera<\/i>\u201d. Pan pose\u0142 Kukiz asekuruje si\u0119, \u017ce t\u0119 informacj\u0119 tylko \u201e<i>zacytowa\u0142<\/i>\u201d. Troch\u0119 niedobrze, \u017ce polityk deklaruj\u0105cy intencje zmiany systemu, stworzonego, jak wiadomo, przez RAZWIEDUPR (Razwiedywatielnoje Uprawlienije) do sp\u00f3\u0142ki z \u201e<i>lewic\u0105 laick\u0105<\/i>\u201d, czyli dawnymi stalinowcami, kt\u00f3rzy, cz\u0119sto z pobudek rasowych, pok\u0142\u00f3cili si\u0119 z Polsk\u0105 Zjednoczon\u0105 Parti\u0105 Robotnicz\u0105, a nawet wyst\u0105pili przeciwko niej, tworz\u0105c jeden z dw\u00f3ch nurt\u00f3w opozycji demokratycznej w Polsce &#8211; wi\u0119c \u017ce polityk deklaruj\u0105cy tak ambitne zamiary, jest jednocze\u015bnie taki ostro\u017cny, \u017ce prawie boja\u017aliwy. Nawiasem m\u00f3wi\u0105c, dowody tej ostro\u017cno\u015bci pan Kukiz sk\u0142ada\u0142 ju\u017c wcze\u015bniej, wycofuj\u0105c si\u0119 z Komitetu Poparcia Marszu Niepodleg\u0142o\u015bci, kiedy \u201e<i>Gazeta Wyborcza<\/i>\u201d poinformowa\u0142a go, i\u017c zasiada tam r\u00f3wnie\u017c Jan Kobyla\u0144ski, przez michnikowszczyn\u0119 oskar\u017cany o \u201e<i>antysemityzm<\/i>\u201d i r\u00f3\u017cne inne rzeczy. Pozwoli\u0142em sobie wtedy t\u0119 decyzj\u0119 pana Kukiza skomentowa\u0107 fragmentem jego piosenki, w kt\u00f3rej narrator op\u0119dza si\u0119 od natr\u0119tnych pyta\u0144 towarzysz\u0105cej mu panienki, kt\u00f3ra pragn\u0119\u0142aby wiedzie\u0107 \u201e<i>kto wiar\u0119 nasz\u0105 sprzeda\u0142<\/i>\u201d i r\u00f3\u017cne inne rzeczy, uwag\u0105, \u017ce \u201e<i>tutaj jest jak jest &#8211; po prostu &#8211; i ty dobrze o tym wiesz<\/i>\u201d.<\/p><p>Ale charakterystyka pana pos\u0142a Kukiza to jedna sprawa, a decyzja sejmowej Komisji Etyki, by zaj\u0105\u0107 si\u0119 merytorycznie jego wypowiedzi\u0105 o \u201e<i>\u017cydowskim bankierze<\/i>\u201d to sprawa osobna. Rzecz w tym, \u017ce niezale\u017cnie od tego, czy Jerzy Soros &#8211; bo o nim tu mowa &#8211; finansowa\u0142 Komitet Obrony Demokracji, czy nie &#8211; jest on niew\u0105tpliwie finansist\u0105, a jako taki, mo\u017ce by\u0107 nazwany \u201e<i>bankierem<\/i>\u201d, no a poza tym jest \u017bydem. Zatem bez najmniejszej w\u0105tpliwo\u015bci jest on \u201e<i>\u017cydowskim bankierem<\/i>\u201d. To okre\u015blenie nie jest \u017cadnym s\u0105dem warto\u015bciuj\u0105cym, a je\u015bli czego\u015b dowodzi, to tylko spostrzegawczo\u015bci pana pos\u0142a Paw\u0142a Kukiza, kt\u00f3ry w przypadku tego finansowego grandziarza potrafi\u0142 skojarzy\u0107 narodowo\u015b\u0107 z profesj\u0105. Co wi\u0119cej &#8211; ta sprawa dowodzi, \u017ce r\u00f3wnie\u017c w Sejmie Rzeczypospolitej, a zw\u0142aszcza &#8211; w sejmowej Komisji Etyki, najwyra\u017aniej stawia si\u0119 znak r\u00f3wno\u015bci mi\u0119dzy \u201e<i>antysemityzmem<\/i>\u201d a spostrzegawczo\u015bci\u0105. Gdyby tak nie by\u0142o, sejmowa Komisja Etyki nigdy by si\u0119 wypowiedzi\u0105 pos\u0142a Kukiza nie zaj\u0119\u0142a. Skoro jednak si\u0119 zaj\u0119\u0142a, to znaczy, \u017ce ten znak r\u00f3wno\u015bci stawia.<\/p><p>Wpad\u0142a w ten spos\u00f3b w pu\u0142apk\u0119, bo bez wzgl\u0119du na to, co teraz zrobi, wystawi si\u0119 na krytyk\u0119. Je\u017celi nie dopatrzy si\u0119 w wypowiedzi pos\u0142a Kukiza niczego niew\u0142a\u015bciwego, to tym samym wzbudzi zainteresowanie, dlaczeg\u00f3\u017c to w og\u00f3le zaj\u0119\u0142a si\u0119 t\u0105 spraw\u0105. Z pewno\u015bci\u0105 dostarczy w ten spos\u00f3b po\u017cywki dla rozmaitych teorii spiskowych, na przyk\u0142ad takiej, \u017ce pragn\u0119\u0142a go zastraszy\u0107, by w ten spos\u00f3b odwie\u015b\u0107 od poparcia inicjatywy zmiany konstytucji w cz\u0119\u015bci dotycz\u0105cej Trybuna\u0142u Konstytucyjnego. Konsekwencj\u0105 tej teorii spiskowej by\u0142oby podejrzenie, \u017ce Komisja Etyki dzia\u0142a na pasku RAZWIEDUPR-a, kt\u00f3remu zale\u017cy na przeci\u0105ganiu, a nawet zaognianiu konfliktu rz\u0105du z Trybuna\u0142em Konstytucyjnym, by w ten spos\u00f3b doprowadzi\u0107 do zastosowania wobec Polski procedury przewidzianej w zapisanej w traktacie lizbo\u0144skim tzw. klauzuli solidarno\u015bci i dzi\u0119ki temu kontynuowa\u0107 okupacj\u0119 naszego nieszcz\u0119\u015bliwego kraju. Warto doda\u0107, \u017ce ta teoria spiskowa by\u0142aby nawet nie\u017ale osadzona w realiach, bo \u017cydowskie lobby zar\u00f3wno w Polsce, jak i poza ni\u0105, podobnie jak prasa niemiecka i cz\u0119\u015b\u0107 niemieckich polityk\u00f3w, jest zainteresowane powrotem do stanu poprzedniego w kt\u00f3rym RAZWIEDUPR w\u0142ada\u0142 naszym nieszcz\u0119\u015bliwym krajem pos\u0142uguj\u0105c si\u0119 swoimi politycznymi wydmuszkami w rodzaju Platformy Obywatelskiej. Na co \u017bydzi w zwi\u0105zku z tym licz\u0105 &#8211; to sprawa osobna, natomiast wok\u00f3\u0142 sejmowej Komisji Etyki mog\u0105 zacz\u0105\u0107 zag\u0119szcza\u0107 si\u0119 podejrzenia, i\u017c zdominowana jest przez konfident\u00f3w RAZWIEDUPR-a.<\/p><p>Je\u015bli natomiast Komisja Etyki dopatrzy si\u0119 w wypowiedzi pos\u0142a Kukiza niew\u0142a\u015bciwo\u015bci, to b\u0119dzie to dla niej jeszcze gorzej, dlatego, \u017ce natychmiast mo\u017ce zosta\u0107 oskar\u017cona o antysemityzm. Rzecz w tym, \u017ce pose\u0142 Kukiz m\u00f3wi\u0105c o \u201e<i>\u017cydowskim bankierze<\/i>\u201d stwierdzi\u0142 jedynie powszechnie znane fakty. Natomiast Komisja, dopatruj\u0105c si\u0119 w poselskiej wypowiedzi znamion wykroczenia czy przest\u0119pstwa, si\u0142\u0105 rzeczy musia\u0142a nada\u0107 temu okre\u015bleniu charakter s\u0105du warto\u015bciuj\u0105cego. \u0179e \u201e<i>\u017cydowski bankier<\/i>\u201d to jest co\u015b w rodzaju oszczerstwa. Mo\u017cliwo\u015bci w tej sytuacji s\u0105 nast\u0119puj\u0105ce: albo znies\u0142awiaj\u0105cy charakter ma s\u0142owo \u201e<i>\u017cydowski<\/i>\u201d, albo taki charakter ma s\u0142owo \u201e<i>bankier<\/i>\u201d. Je\u015bli by si\u0119 okaza\u0142o, \u017ce w mniemaniu sejmowej Komisji Etyki znies\u0142awiaj\u0105cy charakter ma s\u0142owo: \u201e<i>\u017cydowski<\/i>\u201d, to \u015bmia\u0142o mo\u017cna j\u0105 oskar\u017cy\u0107 o antysemityzm &#8211; bo najwyra\u017aniej \u017cydowskie pochodzenie Komisja musi uwa\u017ca\u0107 za co\u015b nieprzyzwoitego, a przynajmniej wstydliwego &#8211; jak np. syfilis. Gdyby z kolei za znies\u0142awiaj\u0105ce uzna\u0142a s\u0142owo: \u201e<i>bankier<\/i>\u201d, to jeszcze gorzej i pan Ryszard Petru na pewno nie pu\u015bci\u0142by jej p\u0142azem takiego \u015bwi\u0119tokradztwa. S\u0142owem &#8211; i tak \u017ale i tak niedobrze. Ale sam tego chcia\u0142e\u015b Grzegorzu Dynda\u0142o w osobach: W\u0142odzimierz Bernacki (PiS), Joanna Scheuring-Wielgus (Nowoczesna), Kornel Morawiecki (Kukiz 15), Zbigniew Sosnowski (PSL) i Izabela Mrzyg\u0142ocka (PO).<\/p><p><strong><em>Stanis\u0142aw Michalkiewicz<\/em><\/strong><\/p><p>Felieton \u00a0<b>\u2022<\/b>\u00a0 specjalnie dla www.michalkiewicz.pl \u00a0<b>\u2022<\/b>\u00a0 9 lutego 2016<\/p>","protected":false},"excerpt":{"rendered":"Sejmowa Komisja Etyki znalaz\u0142a si\u0119 w pu\u0142apce. Ale trudno jej wsp\u00f3\u0142czu\u0107, bo &#8211; po pierwsze &#8211; sama sobie winna, a po drugie &#8211; g\u0142upota powinna by\u0107 bezlito\u015bnie karcona &#8211; r\u00f3wnie\u017c dla dobra g\u0142upc\u00f3w. Gdyby, dajmy na to, b\u00f3l po uderzeniu m\u0142otkiem w palec, odzywa\u0142 si\u0119 dopiero po roku, to wi\u0119kszo\u015b\u0107 ludzi by\u0142aby kalekami bez palc\u00f3w [&hellip;]","protected":false},"author":1,"featured_media":0,"comment_status":"closed","ping_status":"closed","sticky":false,"template":"","format":"standard","meta":{"_acf_changed":false,"_monsterinsights_skip_tracking":false,"_monsterinsights_sitenote_active":false,"_monsterinsights_sitenote_note":"","_monsterinsights_sitenote_category":0,"ngg_post_thumbnail":0,"footnotes":"","_wp_rev_ctl_limit":""},"categories":[9],"tags":[48,98,53,25],"acf":[],"_links":{"self":[{"href":"https:\/\/www.bibula.com\/index.php?rest_route=\/wp\/v2\/posts\/85676"}],"collection":[{"href":"https:\/\/www.bibula.com\/index.php?rest_route=\/wp\/v2\/posts"}],"about":[{"href":"https:\/\/www.bibula.com\/index.php?rest_route=\/wp\/v2\/types\/post"}],"author":[{"embeddable":true,"href":"https:\/\/www.bibula.com\/index.php?rest_route=\/wp\/v2\/users\/1"}],"replies":[{"embeddable":true,"href":"https:\/\/www.bibula.com\/index.php?rest_route=%2Fwp%2Fv2%2Fcomments&post=85676"}],"version-history":[{"count":0,"href":"https:\/\/www.bibula.com\/index.php?rest_route=\/wp\/v2\/posts\/85676\/revisions"}],"wp:attachment":[{"href":"https:\/\/www.bibula.com\/index.php?rest_route=%2Fwp%2Fv2%2Fmedia&parent=85676"}],"wp:term":[{"taxonomy":"category","embeddable":true,"href":"https:\/\/www.bibula.com\/index.php?rest_route=%2Fwp%2Fv2%2Fcategories&post=85676"},{"taxonomy":"post_tag","embeddable":true,"href":"https:\/\/www.bibula.com\/index.php?rest_route=%2Fwp%2Fv2%2Ftags&post=85676"}],"curies":[{"name":"wp","href":"https:\/\/api.w.org\/{rel}","templated":true}]}}