{"id":85661,"date":"2016-02-07T18:23:42","date_gmt":"2016-02-07T23:23:42","guid":{"rendered":"http:\/\/www.bibula.com\/?p=85661"},"modified":"2016-02-07T18:23:42","modified_gmt":"2016-02-07T23:23:42","slug":"polska-wiezieniem-narodow-nie-przyjmujmy-nikogo","status":"publish","type":"post","link":"https:\/\/www.bibula.com\/?p=85661","title":{"rendered":"Polska wi\u0119zieniem narod\u00f3w? Nie przyjmujmy nikogo!"},"content":{"rendered":"<p><strong>Wi\u0119zieniem narod\u00f3w by\u0142a\u015b i papug\u0105, a teraz jeste\u015b s\u0142u\u017cebnic\u0105 cudz\u0105! Tak &#8211; parafrazuj\u0105c s\u0142owa Juliusza S\u0142owackiego &#8211; b\u0119dzie mo\u017cna wkr\u00f3tce powiedzie\u0107 o Polsce przyjmuj\u0105cej arabskich imigrant\u00f3w. Imigrant\u00f3w, kt\u00f3rzy wcale nie pragn\u0105 mieszka\u0107 w naszym kraju i przy pierwszej okazji uciekaj\u0105 za Odr\u0119. Recepta, by\u015bmy nie stali si\u0119 &#8211; stosuj\u0105c XIX-wieczne okre\u015blenie Imperium Rosyjskiego &#8211; wi\u0119zieniem bliskowschodnich narod\u00f3w jest jedna &#8211; nie jest to uszczelnianie granic i ani wzmo\u017cone kontrole o\u015brodk\u00f3w dla uchod\u017ac\u00f3w, czyli de facto wi\u0119zienie ich w naszym kraju. Rozwi\u0105zanie jest inne &#8211; po prostu nie przyjmujmy nikogo! <br \/><\/strong><\/p><p>Deklaracja przyj\u0119cia przez Polsk\u0119 siedmiu tysi\u0119cy \u201euchod\u017ac\u00f3w\u201d (czyli w cz\u0119\u015bci uchod\u017ac\u00f3w, a w znacznej mierze imigrant\u00f3w ekonomicznych, a mo\u017ce nawet zakamuflowanych terroryst\u00f3w), zaowocowa\u0142a znacznym oporem spo\u0142ecznym. By\u0107 mo\u017ce to w\u0142a\u015bnie g\u0142osy dawnych wyborc\u00f3w Platformy Obywatelskiej, niezadowolonych z dzia\u0142a\u0144 tej partii na imigracyjnej niwie da\u0142y samodzieln\u0105 wi\u0119kszo\u015b\u0107 Prawu i Sprawiedliwo\u015bci. Podpisy z pro\u015bb\u0105 do nowego rz\u0105du, by cofn\u0105\u0142 decyzj\u0119 poprzednik\u00f3w, z\u0142o\u017cy\u0142o na stronie protestuj.pl blisko 40 tysi\u0119cy os\u00f3b. Wida\u0107 wi\u0119c wyra\u017anie, \u017ce Polacy nie chc\u0105 by\u0107 <em>s\u0142u\u017cebnic\u0105 cudz\u0105<\/em>, pij\u0105c\u0105 piwo nawarzone przez Niemc\u00f3w. I to mimo \u0142udzenia b\u0142yskotkami w postaci finansowania przez Uni\u0119 Europejsk\u0105 \u017cycia \u201euchod\u017ac\u00f3w\u201d w naszym kraju. Nie mamy &#8211; jako nar\u00f3d &#8211; ochoty, by niczym papuga powtarza\u0107 b\u0142\u0119dne, zachodnie rozwi\u0105zania typu \u201emulti-kulti\u201d. Czy jednak staniemy si\u0119 wi\u0119zieniem narod\u00f3w? To zale\u017cy od decyzji gabinetu Beaty Szyd\u0142o. A stanowisko nowego rz\u0105du jest jednak zaskakuj\u0105co \u201eproimigranckie\u201d.<\/p><p>Czy mieszka\u0144cy Rzeczypospolitej powinni si\u0119 obawia\u0107? Oczywi\u015bcie gro\u017aba zainstalowania w naszym kraju licznej diaspory muzu\u0142man\u00f3w z Bliskiego Wschodu trwo\u017cy wszystkich pami\u0119taj\u0105cych zamachy terrorystyczne motywowane islamsk\u0105 \u015bwi\u0119t\u0105 wojn\u0105, ale tak\u017ce pe\u0142ne przemocy wydarzenia z oboz\u00f3w dla uchod\u017ac\u00f3w w Europie Zachodniej, czy cho\u0107by tylko zabawy muzu\u0142ma\u0144skiej m\u0142odzie\u017cy w noc sylwestrow\u0105 w miastach Niemiec. Sprawa ma jednak wi\u0119cej oblicz ni\u017c nam si\u0119 cz\u0119sto wydaje. Ze strachem mo\u017cna jeszcze poczeka\u0107.<\/p><p>Unia Europejska to instytucja chronicznie niezdolna do egzekwowania jakichkolwiek decyzji. Tak\u017ce w\u0142asnych. Widzimy to regularnie i w zwi\u0105zku z r\u00f3\u017cnymi sprawami. Nawet je\u015bli w ko\u0144cu dotr\u0105 do nas wszyscy uchod\u017acy z unijnego podzia\u0142u, przybysze po prostu uciekn\u0105 z Polski!<\/p><p>Przyk\u0142ad dzia\u0142alno\u015bci fundacji Estera, kierowanej przez popularn\u0105 w internecie i znan\u0105 ze zdecydowanie antyislamskich wypowiedzi Miriam Shaded, jest pouczaj\u0105cy. Fundacja zajmuje si\u0119 ratowaniem zagro\u017conego \u017cycia bliskowschodnich chrze\u015bcijan poprzez pomaganie im w dotarciu do naszego kraju. Do tej pory Estera sprowadzi\u0142a do Polski 160 os\u00f3b. Liczba ta nie rzuca na kolana, ale warto pami\u0119ta\u0107, \u017ce fundacja nie ma wsparcia aparatu pa\u0144stwa, a jej dzia\u0142alno\u015b\u0107 finansowania jest ze \u015brodk\u00f3w prywatnych. W zwi\u0105zku z tym nale\u017cy doceni\u0107 wysi\u0142ek Miriam Shaded i innych os\u00f3b dobrej woli. Estera zak\u0142ada, \u017ce przywiezieni do Rzeczpospolitej chrze\u015bcija\u0144scy uchod\u017acy b\u0119d\u0105 tu \u017cyli. W tym celu przewidziano dla nich mi\u0119dzy innymi nauk\u0119 j\u0119zyka polskiego, by mogli odnale\u017a\u0107 si\u0119 w nowych, odmiennych warunkach. To za\u0142o\u017cenie szczytne i rozs\u0105dne, a jeszcze bardziej naiwne.<\/p><p>Okazuje si\u0119 bowiem, \u017ce nawet najlepsze intencje, starania, dobre serce i otwarto\u015b\u0107 przegrywaj\u0105 w starciu z proz\u0105 \u017cycia, czyli rachunkiem ekonomicznym. Wedle doniesie\u0144 dziennika \u201eRzeczpospolita\u201d, spo\u015br\u00f3d 160 os\u00f3b sprowadzonych do Polski przez fundacj\u0119 Estera, w naszym kraju pozosta\u0142o zaledwie 35 os\u00f3b! Uciekali przed piek\u0142em wojny, znale\u017ali spokojny kawa\u0142ek \u015bwiata, ale jedynie 20 proc. postanowi\u0142o tu zosta\u0107! Jak\u017ce to wymowne.<\/p><p>Wi\u0119kszo\u015b\u0107 sprowadzonych przez Miriam Shaded syryjskich uchod\u017ac\u00f3w wyjecha\u0142o do Niemiec. Niekt\u00f3rzy uczynili to nawet pod os\u0142on\u0105 nocy, opuszczaj\u0105c przygotowane dla nich mieszkania. Warto rozwa\u017cy\u0107 ich motywacje. Maj\u0105 one niew\u0105tpliwie kilka p\u0142aszczyzn.<\/p><p>Republika Federalna to kraj znacznie zamo\u017cniejszy od Rzeczpospolitej. Chocia\u017c nad Wis\u0142\u0105 niczego nie brakuje, mamy komputery, telefony, istotne dla uchod\u017ac\u00f3w wi-fi a tak\u017ce Coca-Col\u0119, to od Niemiec r\u00f3\u017cni nas zasobno\u015b\u0107 portfeli, w tym portfela pa\u0144stwa &#8211; bud\u017cetu. Nie jeste\u015bmy sk\u0142onni wydawa\u0107 astronomicznych kwot na pro-imigrancki \u201esocjal\u201d. Co innego wsp\u00f3\u0142rz\u0105dzone przez lewic\u0119 Niemcy. Owszem, uchod\u017acy w Polsce nie przymieraliby g\u0142odem, ale przybysze maj\u0105 wi\u0119ksze aspiracje.<\/p><p>Polska to r\u00f3wnie\u017c kraj &#8211; u\u017cywaj\u0105c lewicowej retoryki &#8211; nietolerancyjny. Chocia\u017c i Niemcom zdarzaj\u0105 si\u0119 anty-imigracyjne manifestacje, g\u0142\u00f3wny nurt tamtejszej polityki zdominowany jest przez otwartych do granic absurdu socjalist\u00f3w oraz chadek\u00f3w, kt\u00f3rych stosunek do uchod\u017ac\u00f3w mo\u017ce by\u0107 mierzony tolerancj\u0105 CDU na polityk\u0119 Angeli Merkel w tej sprawie. U nas za\u015b partia rz\u0105dz\u0105ca ustami swojego prezesa, jeszcze w trakcie kampanii wyborczej, wyra\u017ca\u0142a g\u0142\u0119bokie obawy co do przyjmowania uchod\u017ac\u00f3w i sugerowa\u0142a raczej potrzeb\u0119 wspierania finansowego potrzebuj\u0105cych w krajach s\u0105siaduj\u0105cych z niebezpiecznymi terenami. Jaros\u0142aw Kaczy\u0144ski zwr\u00f3ci\u0142 nawet uwag\u0119 na choroby, jakie mog\u0105 przynie\u015b\u0107 do Europy uchod\u017acy. Co prawda PiS po obj\u0119ciu w\u0142adzy zadeklarowa\u0142o wywi\u0105zanie si\u0119 z obietnic Ewy Kopacz, ale r\u00f3wnocze\u015bnie deklaruje, \u017ce s\u0142u\u017cby przeprowadz\u0105 g\u0142\u0119bok\u0105 weryfikacj\u0119 uchod\u017ac\u00f3w pod k\u0105tem ewentualnego zagro\u017cenia p\u0142yn\u0105cego z ich strony, a przecie\u017c nikt nie lubi by\u0107 poddawany rozmaitym procedurom sprawdzaj\u0105cym. Do Niemiec za\u015b mo\u017cna przyby\u0107 z okrzykiem \u201ewant Germany\u201d na ustach. To wygodniejsze ni\u017c weryfikacja.<\/p><p>Z deklaracji rz\u0105dz\u0105cych mo\u017cna wnioskowa\u0107, \u017ce wol\u0105 przyj\u0105\u0107 do Polski uchod\u017ac\u00f3w-chrze\u015bcijan. Oczywi\u015bcie fakt ten powinien uradowa\u0107 wyznawc\u00f3w Chrystusa z Bliskiego Wschodu &#8211; wszak nie po to uciekaj\u0105 przed islamistami, by znale\u017a\u0107 si\u0119 w obozie dla uchod\u017ac\u00f3w wraz z nimi. Jednak i takie za\u0142o\u017cenie mo\u017ce okaza\u0107 si\u0119 b\u0142\u0119dne!<\/p><p>W Niemczech \u017cyje nie tylko liczna diaspora islamska, ale tak\u017ce du\u017ca grupa chrze\u015bcijan z Bliskiego Wschodu. Osoby, kt\u00f3re ewentualnie mia\u0142yby trafi\u0107 do Polski, maj\u0105 przecie\u017c rodziny, bliskich, przyjaci\u00f3\u0142, a nawet przyzwyczajenia. Orientalne gminy wyznawc\u00f3w Chrystusa s\u0105 w Niemczech silnie reprezentowane. S\u0142owem: w Niemczech uchod\u017acy-chrze\u015bcijanie b\u0119d\u0105 mieli bli\u017cej do ko\u015bcio\u0142a, wi\u0119cej: w niekt\u00f3rych dzielnicach miast znajd\u0105 \u015brodowisko kulturowe por\u00f3wnywalne z bliskowschodnim. Z t\u0105 jedn\u0105 r\u00f3\u017cnic\u0105, \u017ce Republika Federalna zapewni im bezpieczne \u017cycie, porz\u0105dek oraz pieni\u0105dze.<\/p><p>Czym mo\u017cemy skusi\u0107 przybysz\u00f3w, by nie pogardzali nasz\u0105 go\u015bcin\u0105? Niczym. Dla obcokrajowc\u00f3w wsp\u00f3\u0142czesna Polska w por\u00f3wnaniu z Niemcami jest nieatrakcyjna. Potrzeba wielu reform i stara\u0144 ca\u0142ego narodu, by nasz ogromny potencja\u0142 przerodzi\u0142 si\u0119 w silne, dumne i bogate pa\u0144stwo. Jednak dla imigrant\u00f3w z Bliskiego Wschodu gospodarka, demografia i polityka naszej Ojczyzny nie jest istotna. Rzeczpospolita jest dla nich tak samo obca jak Republika Federalna Niemiec, a zapewne nawet bardziej &#8211; z racji nik\u0142ej diaspory bliskowschodniej nad Wis\u0142\u0105. Czemu wi\u0119c mieliby chcie\u0107 zosta\u0107 w pa\u0144stwie oferuj\u0105cym im mniej?<\/p><p>Je\u015bli wi\u0119c nawet Unii Europejskiej (w co nale\u017cy w\u0105tpi\u0107) uda si\u0119 relokowa\u0107 uchod\u017ac\u00f3w przebywaj\u0105cych w Grecji i we W\u0142oszech do innych kraj\u00f3w Europy, w tym Polski, b\u0119dziemy wkr\u00f3tce ogl\u0105da\u0107 ich po\u015bpieszne wyjazdy, chyba, \u017ce\u2026 \u00a0uwi\u0119zimy ich nad Wis\u0142\u0105. By\u0107 mo\u017ce Bruksela b\u0119dzie chcia\u0142a zmusi\u0107 nas do tego, gdy &#8211; podobnie jak w przypadku fundacji Estera &#8211; zaledwie 20 proc. przybysz\u00f3w zgodzi si\u0119 na mieszkanie w Polsce. Czy w takiej sytuacji zechcemy by\u0107 wi\u0119zieniem narod\u00f3w?<\/p><p>Jako nar\u00f3d zaznali\u015bmy piek\u0142a przymusowego \u017cycia w pa\u0144stwach, w kt\u00f3rym woleliby\u015bmy si\u0119 nie znajdowa\u0107. Pod panowaniem w\u0142adc\u00f3w Rosji, Austrii czy Prus nasi przodkowie \u017cyli nie z w\u0142asnego wyboru. Sytuacja wsp\u00f3\u0142czesnych imigrant\u00f3w jest oczywi\u015bcie skrajnie odmienna, jednak przetrzymywanie u nas os\u00f3b, kt\u00f3rych celem podr\u00f3\u017cy nie by\u0142a Rzeczypospolita, a Republika Federalna, jest nie do\u015b\u0107, \u017ce absurdalne, to jeszcze gro\u017ane. Przypomnijmy sobie nasze w\u0142asne zrywy narodowo-wyzwole\u0144cze!<\/p><p>Zmuszanie kogo\u015b, by wbrew swojej woli mieszka\u0142 w\u0142a\u015bnie w Polsce, to nic innego jak przys\u0142owiowe hodowanie wroga na w\u0142asnej piersi. Czy z dwojga z\u0142ego nie by\u0142oby lepiej, aby uchod\u017acy, zar\u00f3wno chrze\u015bcija\u0144scy jak i muzu\u0142ma\u0144scy, odczuwali niedostatki europejskiego \u017cycia w Niemczech i to przeciwko tamtemu pa\u0144stwu odczuwali ewentualn\u0105 wrogo\u015b\u0107? Oczywi\u015bcie nie \u017cyczymy \u017ale samym Niemcom, ale to w ko\u0144cu ich kanclerz zaprasza\u0142a przybysz\u00f3w. Niech wi\u0119c to oni ponosz\u0105 wszelkie tego konsekwencje.<\/p><p>My za\u015b nie przyjmujmy nikogo!<\/p><p><em><strong>Micha\u0142 Wa\u0142ach<\/strong><\/em><\/p>","protected":false},"excerpt":{"rendered":"Wi\u0119zieniem narod\u00f3w by\u0142a\u015b i papug\u0105, a teraz jeste\u015b s\u0142u\u017cebnic\u0105 cudz\u0105! Tak &#8211; parafrazuj\u0105c s\u0142owa Juliusza S\u0142owackiego &#8211; b\u0119dzie mo\u017cna wkr\u00f3tce powiedzie\u0107 o Polsce przyjmuj\u0105cej arabskich imigrant\u00f3w. Imigrant\u00f3w, kt\u00f3rzy wcale nie pragn\u0105 mieszka\u0107 w naszym kraju i przy pierwszej okazji uciekaj\u0105 za Odr\u0119. Recepta, by\u015bmy nie stali si\u0119 &#8211; stosuj\u0105c XIX-wieczne okre\u015blenie Imperium Rosyjskiego &#8211; wi\u0119zieniem [&hellip;]","protected":false},"author":1,"featured_media":0,"comment_status":"closed","ping_status":"closed","sticky":false,"template":"","format":"standard","meta":{"_acf_changed":false,"_monsterinsights_skip_tracking":false,"_monsterinsights_sitenote_active":false,"_monsterinsights_sitenote_note":"","_monsterinsights_sitenote_category":0,"ngg_post_thumbnail":0,"footnotes":"","_wp_rev_ctl_limit":""},"categories":[9],"tags":[76,70,98],"acf":[],"_links":{"self":[{"href":"https:\/\/www.bibula.com\/index.php?rest_route=\/wp\/v2\/posts\/85661"}],"collection":[{"href":"https:\/\/www.bibula.com\/index.php?rest_route=\/wp\/v2\/posts"}],"about":[{"href":"https:\/\/www.bibula.com\/index.php?rest_route=\/wp\/v2\/types\/post"}],"author":[{"embeddable":true,"href":"https:\/\/www.bibula.com\/index.php?rest_route=\/wp\/v2\/users\/1"}],"replies":[{"embeddable":true,"href":"https:\/\/www.bibula.com\/index.php?rest_route=%2Fwp%2Fv2%2Fcomments&post=85661"}],"version-history":[{"count":0,"href":"https:\/\/www.bibula.com\/index.php?rest_route=\/wp\/v2\/posts\/85661\/revisions"}],"wp:attachment":[{"href":"https:\/\/www.bibula.com\/index.php?rest_route=%2Fwp%2Fv2%2Fmedia&parent=85661"}],"wp:term":[{"taxonomy":"category","embeddable":true,"href":"https:\/\/www.bibula.com\/index.php?rest_route=%2Fwp%2Fv2%2Fcategories&post=85661"},{"taxonomy":"post_tag","embeddable":true,"href":"https:\/\/www.bibula.com\/index.php?rest_route=%2Fwp%2Fv2%2Ftags&post=85661"}],"curies":[{"name":"wp","href":"https:\/\/api.w.org\/{rel}","templated":true}]}}