{"id":85607,"date":"2016-02-04T12:40:45","date_gmt":"2016-02-04T17:40:45","guid":{"rendered":"http:\/\/www.bibula.com\/?p=85607"},"modified":"2016-02-04T12:40:45","modified_gmt":"2016-02-04T17:40:45","slug":"portugalia-wizyta-papieza-franciszka-w-fatimie-w-maju-2017-roku","status":"publish","type":"post","link":"https:\/\/www.bibula.com\/?p=85607","title":{"rendered":"Portugalia: wizyta papie\u017ca Franciszka w Fatimie w maju 2017 roku"},"content":{"rendered":"<p><strong>Papie\u017c Franciszek przyb\u0119dzie do Fatimy w 2017 r. na uroczysto\u015bci setnej rocznicy objawie\u0144 maryjnych, kt\u00f3re mia\u0142y miejsce w tej portugalskiej miejscowo\u015bci. Wizyta zosta\u0142a zaplanowana ma maj.<\/strong><\/p><p>Jak poinformowa\u0142 ks. Carlos Cabecinhas, rektor Sanktuarium Matki Bo\u017cej R\u00f3\u017ca\u0144cowej w Fatimie, Stolica Apostolska rozpatruje dwie daty pielgrzymki papieskiej: 12 i 13 maja. &#8211; Wci\u0105\u017c nie wiemy, czy b\u0119dzie to tylko jeden dzie\u0144, czy dwa, podczas kt\u00f3rych Ojciec \u015awi\u0119ty zaszczyci nas swoj\u0105 obecno\u015bci\u0105. Spodziewamy si\u0119, \u017ce powinien wzi\u0105\u0107 udzia\u0142 w g\u0142\u00f3wnych obchodach rocznicowych przypadaj\u0105cych na 13 maja &#8211; powiedzia\u0142 rektor portugalskiego sanktuarium.<\/p><p>Dotychczas znana by\u0142a jedynie wola Franciszka do odwiedzenia Fatimy w 2017 r. Spekulowano, \u017ce do wizyty mo\u017ce doj\u015b\u0107 w maju lub pa\u017adzierniku.<\/p><p>Ks. Cabecinhas wyja\u015bni\u0142, \u017ce decyzje dotycz\u0105ce daty i programu wizyty Ojca \u015awi\u0119tego w Fatimie zapadn\u0105 ostatecznie w Watykanie i w\u0142adze sanktuarium nie b\u0119d\u0105 mia\u0142y na\u0144 \u017cadnego wp\u0142ywu. &#8211; Mamy jedynie du\u017ce oczekiwania, \u017ce Franciszek nas odwiedzi, a obchody setnej rocznicy objawie\u0144 b\u0119d\u0105 jednym wielkim \u015bwi\u0119tem &#8211; doda\u0142 rektor, ujawniaj\u0105c, \u017ce propozycja daty papieskiej wizyty w Fatimie pochodzi od w\u0142adz sanktuarium.<\/p><p>Franciszek b\u0119dzie czwartym papie\u017cem, kt\u00f3ry odwiedzi portugalskie sanktuarium maryjne. Wcze\u015bniej do Fatimy pielgrzymowali Pawe\u0142 IV, Jan Pawe\u0142 II oraz Benedykt XVI. Kardyna\u0142 Jorge Bergoglio przed wst\u0105pieniem na tron papieski nigdy nie go\u015bci\u0142 w Portugalii.<\/p><p>KAI<\/p><p class=\"zrodlo\">Za: <a href=\"http:\/\/www.pch24.pl\/portugalia--wizyta-papieza-franciszka-w-fatimie-w-maju-2017-roku,41008,i.html\">PoloniaChristiana &#8211; pch24.pl (2016-02-04)<\/a><\/p><blockquote><p><strong>KOMENTARZ<em> BIBU\u0141Y<\/em><\/strong>: Obawiamy si\u0119 wizyty Francisza w Fatimie, bowiem jego wypowiedzi &#8211; tak jak niemal wszystkie dotychczasowe, a szczeg\u00f3lnie te 'spontaniczne&#8217; &#8211; potrafi\u0105 przekre\u015bli\u0107 w\u0142a\u015bciw\u0105 interpretacj\u0119 katolick\u0105, zasia\u0107 zw\u0105tpienie w nauczanie Ko\u015bcio\u0142a, zam\u0105ci\u0107 w g\u0142owach, i tak ju\u017c dostatecznie zdezorientowanych wiernych.<br \/>Jednak z uwagi na to, \u017ce jest on w\u0142a\u015bnie nieobliczalny, mo\u017ce powiedzie\u0107 co\u015b wi\u0119cej o III Tajemnicy Fatimskiej, co\u015b co do tej pory by\u0142o skrywane, pomijane czy celowo przekr\u0119cane.<\/p><p>Oczywi\u015bcie mamy r\u00f3wnie\u017c kwesti\u0119 wyja\u015bnienia wizji siostry \u0141ucji, kt\u00f3ra m\u00f3wi nie o papie\u017cu lecz o &#8222;biskupie w bieli&#8221;, a przecie\u017c wok\u00f3\u0142 osoby Franciszka &#8211; nazywaj\u0105cego si\u0119 z uporem biskupem Rzymu, a nie Papie\u017cem &#8211; uros\u0142o wiele zagadek, np. co do legalno\u015bci zajmowanego przez niego urz\u0119du.<\/p><\/blockquote>","protected":false},"excerpt":{"rendered":"Papie\u017c Franciszek przyb\u0119dzie do Fatimy w 2017 r. na uroczysto\u015bci setnej rocznicy objawie\u0144 maryjnych, kt\u00f3re mia\u0142y miejsce w tej portugalskiej miejscowo\u015bci. Wizyta zosta\u0142a zaplanowana ma maj.Jak poinformowa\u0142 ks. Carlos Cabecinhas, rektor Sanktuarium Matki Bo\u017cej R\u00f3\u017ca\u0144cowej w Fatimie, Stolica Apostolska rozpatruje dwie daty pielgrzymki papieskiej: 12 i 13 maja. &#8211; Wci\u0105\u017c nie wiemy, czy b\u0119dzie to [&hellip;]","protected":false},"author":1,"featured_media":0,"comment_status":"closed","ping_status":"closed","sticky":false,"template":"","format":"standard","meta":{"_acf_changed":false,"_monsterinsights_skip_tracking":false,"_monsterinsights_sitenote_active":false,"_monsterinsights_sitenote_note":"","_monsterinsights_sitenote_category":0,"ngg_post_thumbnail":0,"footnotes":"","_wp_rev_ctl_limit":""},"categories":[3],"tags":[82,301],"acf":[],"_links":{"self":[{"href":"https:\/\/www.bibula.com\/index.php?rest_route=\/wp\/v2\/posts\/85607"}],"collection":[{"href":"https:\/\/www.bibula.com\/index.php?rest_route=\/wp\/v2\/posts"}],"about":[{"href":"https:\/\/www.bibula.com\/index.php?rest_route=\/wp\/v2\/types\/post"}],"author":[{"embeddable":true,"href":"https:\/\/www.bibula.com\/index.php?rest_route=\/wp\/v2\/users\/1"}],"replies":[{"embeddable":true,"href":"https:\/\/www.bibula.com\/index.php?rest_route=%2Fwp%2Fv2%2Fcomments&post=85607"}],"version-history":[{"count":0,"href":"https:\/\/www.bibula.com\/index.php?rest_route=\/wp\/v2\/posts\/85607\/revisions"}],"wp:attachment":[{"href":"https:\/\/www.bibula.com\/index.php?rest_route=%2Fwp%2Fv2%2Fmedia&parent=85607"}],"wp:term":[{"taxonomy":"category","embeddable":true,"href":"https:\/\/www.bibula.com\/index.php?rest_route=%2Fwp%2Fv2%2Fcategories&post=85607"},{"taxonomy":"post_tag","embeddable":true,"href":"https:\/\/www.bibula.com\/index.php?rest_route=%2Fwp%2Fv2%2Ftags&post=85607"}],"curies":[{"name":"wp","href":"https:\/\/api.w.org\/{rel}","templated":true}]}}