{"id":85605,"date":"2016-02-04T10:45:42","date_gmt":"2016-02-04T15:45:42","guid":{"rendered":"http:\/\/www.bibula.com\/?p=85605"},"modified":"2016-02-04T10:45:42","modified_gmt":"2016-02-04T15:45:42","slug":"komunikat-ipn-w-sprawie-odwolania-debaty-dotyczacej-zwiazkow-bylego-prezydenta-rp-lecha-walesy-ze-sluzba-bezpieczenstwa-prl","status":"publish","type":"post","link":"https:\/\/www.bibula.com\/?p=85605","title":{"rendered":"Komunikat IPN w sprawie odwo\u0142ania debaty dotycz\u0105cej zwi\u0105zk\u00f3w by\u0142ego prezydenta RP Lecha Wa\u0142\u0119sy ze S\u0142u\u017cb\u0105 Bezpiecze\u0144stwa PRL"},"content":{"rendered":"<p><strong>Dnia 27 stycznia 2016 roku, w zwi\u0105zku z deklaracj\u0105 prezydenta Lecha Wa\u0142\u0119sy dotycz\u0105c\u0105 woli udzia\u0142u w debacie o jego przesz\u0142o\u015bci, Instytut Pami\u0119ci Narodowej postanowi\u0142 podj\u0105\u0107 si\u0119 tego zadania i wyrazi\u0142 gotowo\u015b\u0107 zorganizowania dyskusji na temat kontakt\u00f3w by\u0142ego prezydenta RP ze S\u0142u\u017cb\u0105 Bezpiecze\u0144stwa PRL.<\/strong><\/p><p>Podejmuj\u0105c decyzj\u0119, Instytut kierowa\u0142 si\u0119 wag\u0105 sprawy. Chcia\u0142 doprowadzi\u0107 do pierwszej publicznej dyskusji mi\u0119dzy prezydentem Lechem Wa\u0142\u0119s\u0105 a historykami i publicystami, przede wszystkim dr. hab. S\u0142awomirem Cenckiewiczem i dr. Piotrem Gontarczykiem &#8211; autorami wydanej w 2008 roku przez IPN podstawowej publikacji na ten temat, tj. ksi\u0105\u017cki \u201eSB a Lech Wa\u0142\u0119sa. Przyczynek do biografii\u201d.<\/p><p>Do udzia\u0142u w debacie zostali zaproszeni tak\u017ce re\u017cyser Grzegorz Braun, dr Andrzej Drzycimski, dr Grzegorz Majchrzak, red. Piotr Semka, dr hab. Jan Sk\u00f3rzy\u0144ski i Pawe\u0142 Zyzak. Debat\u0119 mia\u0142 poprowadzi\u0107 red. Adam Hlebowicz. Dla u\u0142atwienia przebiegu dyskusji Instytut zaproponowa\u0142, \u017ceby wszyscy jej uczestnicy otrzymali kopie dokument\u00f3w z archiw\u00f3w IPN, zwi\u0105zanych z t\u0105 spraw\u0105.<\/p><p>Zaproponowana formu\u0142a debaty mia\u0142a da\u0107 wszystkim uczestnikom mo\u017cliwo\u015b\u0107 swobodnego wypowiedzenia si\u0119.\u00a0 Przedstawia\u0142a si\u0119 nast\u0119puj\u0105co:<\/p><ul><li>wprowadzenie do dyskusji, przypomnienie jej zasad &#8211; red. Adam Hlebowicz (ok. 10 min.)<\/li><li>wypowied\u017a prezydenta Lecha Wa\u0142\u0119sy (10 min.)<\/li><li>wypowiedzi uczestnik\u00f3w (w kolejno\u015bci ustalonej w losowaniu przeprowadzonym przez prowadz\u0105cego) trwaj\u0105ce do 8 minut; po ka\u017cdej wypowiedzi pi\u0119ciominutowy komentarz prezydenta Lecha Wa\u0142\u0119sy oraz trzyminutowa odpowied\u017a uczestnika.<\/li><\/ul><p>Zaplanowane w uzgodnionym terminie 16 marca spotkanie mia\u0142o mie\u0107 charakter zamkni\u0119ty, z udzia\u0142em przedstawicieli medi\u00f3w i bezpo\u015bredni\u0105 transmisj\u0105 \u201ena \u017cywo\u201d. Instytut zapowiedzia\u0142, \u017ce w przypadku gdyby uczestnicy dyskusji zamierzali zaprosi\u0107 go\u015bci, zostanie stworzona mo\u017cliwo\u015b\u0107 jej obserwowania na telebimie w s\u0105siedniej sali.<\/p><p>W dniu dzisiejszym prezydent Lech Wa\u0142\u0119sa o\u015bwiadczy\u0142, \u017ce odrzuca zaproponowan\u0105 przez IPN formu\u0142\u0119 debaty. W tej sytuacji spotkanie si\u0119 nie odb\u0119dzie.<\/p><p>3.02.2016<\/p><p>prof. Miros\u0142aw Golon<br \/> Dyrektor Oddzia\u0142u IPN-K\u015aZpNP w Gda\u0144sku<\/p><p class=\"zrodlo\">Za: <a href=\"http:\/\/ipn.gov.pl\/wydzial-prasowy\/komunikaty\/komunikat-ipn-w-sprawie-odwolania-debaty-dotyczacej-zwiazkow-bylego-prezydenta-rp-lecha-walesy-ze-sluzba-bezpieczenstwa-prl\">Instytut Pami\u0119ci Narodowej (4 lutego 2016)<\/a><\/p><h4>\u00a0<\/h4><hr style=\"background-color: #000000; border-width: 0; color: #000000; height: 2px; line-height: 0; text-align: center; width: 100%;\" \/><h4>\u00a0<\/h4><h2>\u201eOd pocz\u0105tku m\u00f3wi\u0142em, \u017ce debaty nie b\u0119dzie. To by\u0142a hucpa\u201d &#8211; Cenckiewicz o dyskusji z Wa\u0142\u0119s\u0105<\/h2><p><strong>Na antenie TVP INFO p.o. dyrektora Centralnego Archiwum Wojskowego, S\u0142awomir Cenckiewicz, odni\u00f3s\u0142 si\u0119 do\u00a0sprawy odwo\u0142anej debaty o przesz\u0142o\u015bci Lecha Wa\u0142\u0119sy. Historyk skrytykowa\u0142 IPN za zaanga\u017cowanie w tej sprawie.<\/strong><\/p><p>Debata zainicjowana przez by\u0142ego prezydenta mia\u0142a dotyczy\u0107 przesz\u0142o\u015bci Lecha Wa\u0142\u0119sy i\u00a0zarzut\u00f3w o\u00a0wsp\u00f3\u0142prac\u0119 przyw\u00f3dcy Solidarno\u015bci z\u00a0SB. Jednak we \u015brod\u0119 dawny przyw\u00f3dca \u201eSolidarno\u015bci\u201d w charakterystycznym dla siebie stylu poinformowa\u0142, \u017ce do debaty nie dojdzie. Wa\u0142\u0119sa o\u015bwiadczy\u0142, \u017ce\u00a0odrzuca zaproponowan\u0105 przez IPN formu\u0142\u0119 debaty.<\/p><p>W TVP INFO do sprawy niedosz\u0142ej debaty odni\u00f3s\u0142 si\u0119 S\u0142awomir Cenckiewicz: &#8211; <em>Od\u00a0pocz\u0105tku m\u00f3wi\u0142em, \u017ce\u00a0debaty nie b\u0119dzie. To\u00a0by\u0142a jaka\u015b hucpa, w\u00a0kt\u00f3rej, niestety, uczestniczy\u0142 IPN i\u00a0sta\u0142 si\u0119 de\u00a0facto organizatorem tego\u00a0przedsi\u0119wzi\u0119cia<\/em> &#8211; powiedzia\u0142 historyk.<\/p><p>Autor ksi\u0105\u017cki \u201eWa\u0142\u0119sa. Cz\u0142owiek z teczki\u201d podkre\u015bli\u0142 tak\u017ce, \u017ce od momentu, w kt\u00f3rym znalaz\u0142 informacj\u0119, i\u017c prezydent Wa\u0142\u0119sa b\u0119dzie mia\u0142 16\u00a0marca &#8211; w\u00a0terminie debaty &#8211; wyk\u0142ad w\u00a0Santiago de\u00a0Chile, sta\u0142o si\u0119 dla niego jasne, \u017ce <em>biznes jest wa\u017cniejszy ni\u017c jaka\u015b debata z\u00a0Cenckiewiczem i\u00a0paroma\u00a0\u201ekolesiami\u201d.<\/em><\/p><p>\u0179r\u00f3d\u0142o: TVP INFO<\/p><p>luk<\/p><p class=\"zrodlo\">Za: <a href=\"http:\/\/www.pch24.pl\/od-poczatku-mowilem--ze-debaty-nie-bedzie--to-byla-hucpa---cenckiewicz-o-odwolanej-debacie-w-sprawie-walesy,40997,i.html\">PoloniaChristiana &#8211; pch24.pl (2016-02-04)<\/a><\/p><h4>\u00a0<\/h4><hr style=\"background-color: #000000; border-width: 0; color: #000000; height: 2px; line-height: 0; text-align: center; width: 100%;\" \/><h4>\u00a0<\/h4><h2>Wa\u0142\u0119sa do szefa gda\u0144skiego IPN: \u201enie ze mn\u0105 te numery Bruner<\/h2><p>Wczoraj szef gda\u0144skiego IPN poinformowa\u0142, \u017ce Lech Wa\u0142\u0119sa odrzuci\u0142 proponowan\u0105 form\u0119 debaty nt. jego zwi\u0105zk\u00f3w z SB. S\u0142awomir Cenckiewicz przytoczy\u0142 tre\u015b\u0107 SMSa, kt\u00f3ry Wa\u0142\u0119sa mia\u0142 przes\u0142a\u0107 dyrektorowi Instytutu.<\/p><p><em>\u201eZnajomi z IPN m\u00f3wi\u0105 mi, \u017ce biedny dyrektor IPN w Gda\u0144sku &#8211; Miros\u0142aw Golon dosta\u0142 od Wa\u0142\u0119sy w nocy smsa o tre\u015bci: &#8222;nie ze mn\u0105 te numery Bruner&#8221;. Mro\u017c\u0105ca krew w \u017cy\u0142ach dramaturgia&#8230;\u201d <\/em>&#8211; napisa\u0142 na portalu spo\u0142eczno\u015bciowym historyk S\u0142awomir Cenckiewicz, Pe\u0142nomocnik Ministra Obrony Narodowej ds. Reformy Archiw\u00f3w Wojskowych.<\/p><p>Profesor Golon opublikowa\u0142 wczoraj o\u015bwiadczenie dotycz\u0105ce planowanej debaty dotycz\u0105cej zwi\u0105zk\u00f3w by\u0142ego prezydenta RP Lecha Wa\u0142\u0119sy ze S\u0142u\u017cb\u0105 Bezpiecze\u0144stwa PRL, kt\u00f3r\u0105 zadeklarowa\u0142 sam Wa\u0142\u0119sa. Poza by\u0142ym prezydentem mieli w niej wzi\u0105\u0107 udzia\u0142 dr hab. S\u0142awomir Cenckiewicz i dr Piotr Gontarczyk, a tak\u017ce Grzegorz Braun, dr Andrzej Drzycimski, dr Grzegorz Majchrzak, red. Piotr Semka, dr hab. Jan Sk\u00f3rzy\u0144ski i Pawe\u0142 Zyzak. Wczoraj Wa\u0142\u0119sa odrzuci\u0142 jednak zaproponowan\u0105 form\u0119 debaty, kt\u00f3ra zosta\u0142a odwo\u0142ana. By\u0142y prezydent w jednym z wpis\u00f3w zapowiedzia\u0142, \u017ce poda IPN do s\u0105du.<\/p><p><img decoding=\"async\" src=\"http:\/\/s13.postimg.org\/nx5phs5tz\/Cenckiewicz_Wa_sa.jpg\" alt=\"\" \/><\/p><p>\u00a0Facebook.com \/ ipn.gov.pl \/ Kresy.pl<\/p><p class=\"zrodlo\">Za: <a href=\"http:\/\/www.kresy.pl\/wydarzenia,spoleczenstwo?zobacz\/walesa-do-szefa-gdanskiego-ipn-nie-ze-mna-te-numery-bruner\">Kresy.pl (04 lutego 2016)<\/a><\/p><h4>\u00a0<\/h4><hr style=\"background-color: #000000; border-width: 0; color: #000000; height: 2px; line-height: 0; text-align: center; width: 100%;\" \/><h4>\u00a0<\/h4>","protected":false},"excerpt":{"rendered":"Dnia 27 stycznia 2016 roku, w zwi\u0105zku z deklaracj\u0105 prezydenta Lecha Wa\u0142\u0119sy dotycz\u0105c\u0105 woli udzia\u0142u w debacie o jego przesz\u0142o\u015bci, Instytut Pami\u0119ci Narodowej postanowi\u0142 podj\u0105\u0107 si\u0119 tego zadania i wyrazi\u0142 gotowo\u015b\u0107 zorganizowania dyskusji na temat kontakt\u00f3w by\u0142ego prezydenta RP ze S\u0142u\u017cb\u0105 Bezpiecze\u0144stwa PRL.Podejmuj\u0105c decyzj\u0119, Instytut kierowa\u0142 si\u0119 wag\u0105 sprawy. Chcia\u0142 doprowadzi\u0107 do pierwszej publicznej dyskusji [&hellip;]","protected":false},"author":1,"featured_media":0,"comment_status":"closed","ping_status":"closed","sticky":false,"template":"","format":"standard","meta":{"_acf_changed":false,"_monsterinsights_skip_tracking":false,"_monsterinsights_sitenote_active":false,"_monsterinsights_sitenote_note":"","_monsterinsights_sitenote_category":0,"ngg_post_thumbnail":0,"footnotes":"","_wp_rev_ctl_limit":""},"categories":[8],"tags":[98,36,73],"acf":[],"_links":{"self":[{"href":"https:\/\/www.bibula.com\/index.php?rest_route=\/wp\/v2\/posts\/85605"}],"collection":[{"href":"https:\/\/www.bibula.com\/index.php?rest_route=\/wp\/v2\/posts"}],"about":[{"href":"https:\/\/www.bibula.com\/index.php?rest_route=\/wp\/v2\/types\/post"}],"author":[{"embeddable":true,"href":"https:\/\/www.bibula.com\/index.php?rest_route=\/wp\/v2\/users\/1"}],"replies":[{"embeddable":true,"href":"https:\/\/www.bibula.com\/index.php?rest_route=%2Fwp%2Fv2%2Fcomments&post=85605"}],"version-history":[{"count":0,"href":"https:\/\/www.bibula.com\/index.php?rest_route=\/wp\/v2\/posts\/85605\/revisions"}],"wp:attachment":[{"href":"https:\/\/www.bibula.com\/index.php?rest_route=%2Fwp%2Fv2%2Fmedia&parent=85605"}],"wp:term":[{"taxonomy":"category","embeddable":true,"href":"https:\/\/www.bibula.com\/index.php?rest_route=%2Fwp%2Fv2%2Fcategories&post=85605"},{"taxonomy":"post_tag","embeddable":true,"href":"https:\/\/www.bibula.com\/index.php?rest_route=%2Fwp%2Fv2%2Ftags&post=85605"}],"curies":[{"name":"wp","href":"https:\/\/api.w.org\/{rel}","templated":true}]}}