{"id":85576,"date":"2016-02-01T11:40:33","date_gmt":"2016-02-01T16:40:33","guid":{"rendered":"http:\/\/www.bibula.com\/?p=85576"},"modified":"2016-02-04T12:14:14","modified_gmt":"2016-02-04T17:14:14","slug":"prezydent-polski-honoruje-aktorow-teatru-zydowskiego","status":"publish","type":"post","link":"https:\/\/www.bibula.com\/?p=85576","title":{"rendered":"Prezydent Polski honoruje aktor\u00f3w Teatru \u017bydowskiego"},"content":{"rendered":"<p><strong>Na pr\u00f3\u017cno usi\u0142owali\u015bmy znale\u017a\u0107 jak\u0105\u015b informacj\u0119 na ten temat w g\u0142\u00f3wnych mediach, a przecie\u017c chyba nie ma si\u0119 czego wstydzi\u0107, \u017ce sam Prezydent III RP uhonorowa\u0142 aktor\u00f3w Teatru \u017bydowskiego w Warszawie medalami i wyr\u00f3\u017cnieniami za wk\u0142ad w kultur\u0119 polsk\u0105 i \u017cydowsk\u0105.<\/strong><\/p><div class=\"wp-caption aligncenter\" style=\"width: 610px;\"><a href=\"https:\/\/upload.wikimedia.org\/wikipedia\/commons\/b\/b3\/Teatr_%C5%BBydowski_plac_Grzybowski.jpg\"><img fetchpriority=\"high\" decoding=\"async\" class=\"\" src=\"https:\/\/upload.wikimedia.org\/wikipedia\/commons\/b\/b3\/Teatr_%C5%BBydowski_plac_Grzybowski.jpg\" alt=\"\" width=\"600\" height=\"331\" \/><\/a><\/div><p style=\"text-align: center;\"><em>Teatr \u017bydowski na pl. Grzybowskim w Warszawie<\/em><\/p><p><span id=\"more-55843\"><\/span>Ceremonia mia\u0142a miejsce dnia 27 stycznia, czyli w Dniu Mi\u0119dzynarodowej Pami\u0119ci wydarzenia, kt\u00f3re w historii nie by\u0142o ani pierwsze, ani najwi\u0119ksze, ani w \u017caden inny spos\u00f3b wyj\u0105tkowe.<\/p><p>Wcze\u015bniej, tego samego dnia, premier Beata Szyd\u0142o bra\u0142a udzia\u0142 w obrz\u0105dku\u00a0zorganizowanym przez Fundacj\u0119 Shalom przy Pomniku Bohater\u00f3w Getta celem upami\u0119tnienia ofiar Holocaustu.<\/p><p>O obchodach ku czci polskich ofiar II Wojny w Izraelu nic nam nie wiadomo.<\/p><p><em>Wi\u0119cej tu:\u00a0<a href=\"http:\/\/www.jta.org\/2016\/01\/31\/news-opinion\/world\/polish-president-honors-warsaw-jewish-theater-actors\" target=\"_blank\">http:\/\/www.jta.org\/2016\/01\/31\/news-opinion\/world\/polish-president-honors-warsaw-jewish-theater-actors<\/a><\/em><\/p><p><em> Gajowy Marucha<\/em><\/p><p>[<em>&#8230; i tutaj: <a href=\"http:\/\/www.haaretz.com\/jewish\/news\/1.700554\">http:\/\/www.haaretz.com\/jewish\/news\/1.700554<\/a><\/em>]<em><br \/><br \/><\/em><\/p><p class=\"zrodlo\">Za: <a href=\"https:\/\/marucha.wordpress.com\/2016\/01\/31\/prezydent-polski-honoruje-aktorow-teatru-zydowskiego\/\">Dziennik gajowego Maruchy (2016-01-31)<\/a><\/p>","protected":false},"excerpt":{"rendered":"Na pr\u00f3\u017cno usi\u0142owali\u015bmy znale\u017a\u0107 jak\u0105\u015b informacj\u0119 na ten temat w g\u0142\u00f3wnych mediach, a przecie\u017c chyba nie ma si\u0119 czego wstydzi\u0107, \u017ce sam Prezydent III RP uhonorowa\u0142 aktor\u00f3w Teatru \u017bydowskiego w Warszawie medalami i wyr\u00f3\u017cnieniami za wk\u0142ad w kultur\u0119 polsk\u0105 i \u017cydowsk\u0105.Teatr \u017bydowski na pl. Grzybowskim w WarszawieCeremonia mia\u0142a miejsce dnia 27 stycznia, czyli w Dniu [&hellip;]","protected":false},"author":1,"featured_media":0,"comment_status":"closed","ping_status":"closed","sticky":false,"template":"","format":"standard","meta":{"_acf_changed":false,"_monsterinsights_skip_tracking":false,"_monsterinsights_sitenote_active":false,"_monsterinsights_sitenote_note":"","_monsterinsights_sitenote_category":0,"ngg_post_thumbnail":0,"footnotes":"","_wp_rev_ctl_limit":""},"categories":[8],"tags":[349,22,98,53],"acf":[],"_links":{"self":[{"href":"https:\/\/www.bibula.com\/index.php?rest_route=\/wp\/v2\/posts\/85576"}],"collection":[{"href":"https:\/\/www.bibula.com\/index.php?rest_route=\/wp\/v2\/posts"}],"about":[{"href":"https:\/\/www.bibula.com\/index.php?rest_route=\/wp\/v2\/types\/post"}],"author":[{"embeddable":true,"href":"https:\/\/www.bibula.com\/index.php?rest_route=\/wp\/v2\/users\/1"}],"replies":[{"embeddable":true,"href":"https:\/\/www.bibula.com\/index.php?rest_route=%2Fwp%2Fv2%2Fcomments&post=85576"}],"version-history":[{"count":0,"href":"https:\/\/www.bibula.com\/index.php?rest_route=\/wp\/v2\/posts\/85576\/revisions"}],"wp:attachment":[{"href":"https:\/\/www.bibula.com\/index.php?rest_route=%2Fwp%2Fv2%2Fmedia&parent=85576"}],"wp:term":[{"taxonomy":"category","embeddable":true,"href":"https:\/\/www.bibula.com\/index.php?rest_route=%2Fwp%2Fv2%2Fcategories&post=85576"},{"taxonomy":"post_tag","embeddable":true,"href":"https:\/\/www.bibula.com\/index.php?rest_route=%2Fwp%2Fv2%2Ftags&post=85576"}],"curies":[{"name":"wp","href":"https:\/\/api.w.org\/{rel}","templated":true}]}}