{"id":85537,"date":"2016-02-01T12:24:17","date_gmt":"2016-02-01T17:24:17","guid":{"rendered":"http:\/\/www.bibula.com\/?p=85537"},"modified":"2016-02-01T12:24:17","modified_gmt":"2016-02-01T17:24:17","slug":"patryk-jaki-reforma-prokuratury-to-zla-wiadomosc-dla-mafii","status":"publish","type":"post","link":"https:\/\/www.bibula.com\/?p=85537","title":{"rendered":"Patryk Jaki: Reforma prokuratury to z\u0142a wiadomo\u015b\u0107 dla mafii"},"content":{"rendered":"<p><strong>Wiceminister sprawiedliwo\u015bci Patryk Jaki krytycznie ocenia dzia\u0142alno\u015b\u0107 prokuratury kierowanej od 2010 roku przez Andrzeja Seremeta. Za rz\u0105d\u00f3w PO prokuratura cechowa\u0142a si\u0119 du\u017c\u0105 nieudolno\u015bci\u0105, doprowadzaj\u0105c do wielokrotnych wyciek\u00f3w akt &#8211; ocenia\u0142 wiceminister. Zapowiadana reforma ma na celu zwi\u0119kszenie liczby prokurator\u00f3w prowadz\u0105cych sprawy i usuni\u0119cie w\u0105tpliwo\u015bci dotycz\u0105cych ich poczyna\u0144.<\/strong><\/p><p>&#8211; <em>Jest jedna grupa w\u00a0Polsce, kt\u00f3ra jest zadowolona z\u00a0dzia\u0142ania prokuratury za czas\u00f3w Platformy Obywatelskiej. Wie pan jaka? Mafia pruszkowska. To prokuratura za czas\u00f3w rz\u0105du Platformy Obywatelskiej doprowadzi\u0142a do tego, \u017ce mafia pruszkowska wysz\u0142a na wolno\u015b\u0107. S\u0105d nie pozostawi\u0142 suchej nitki na pracy prokuratury<\/em> &#8211; stwierdzi\u0142 wiceminister w rozmowie z Konradem Piaseckim. Patryk Jaki zapowiedzia\u0142 tward\u0105 walk\u0119 ze zorganizowanymi grupami przest\u0119pczymi. Prowadzi\u0107 j\u0105 b\u0119dzie jako nowy prokurator generalny Zbigniew Ziobro, wiceminister jest o tym przekonany.<\/p><p>\u00a0Wed\u0142ug polityka zapowiedzi cz\u0119\u015bci prokurator\u00f3w o masowych przej\u015bciach na emerytur\u0119 wynikaj\u0105 z obawy przed prowadzeniem spraw. &#8211; <em>Problem polskiej prokuratury polega te\u017c na tym, \u017ce zaledwie tylko ok. 40 proc. prokurator\u00f3w, to byli prokuratorzy liniowi, czyli tacy, kt\u00f3rzy prowadzili post\u0119powania ws. jakichkolwiek przest\u0119pstw. Reszta prokurator\u00f3w to byli prokuratorzy funkcyjni, tzn. tacy, kt\u00f3rzy prowadzili jaki\u015b nadz\u00f3r, albo sprawowali jakie\u015b funkcje, albo edukowali prokurator\u00f3w <\/em>&#8211; powiedzia\u0142 RMF FM Patryk Jaki. Wiceminister zapowiedzia\u0142, \u017ce ka\u017cdy prokurator b\u0119dzie zajmowa\u0107 si\u0119 prac\u0105 \u201eliniow\u0105\u201d.<\/p><p>\u00a0Jaki doda\u0142, \u017ce szans\u0119 otrzymaj\u0105 m\u0142odsi prokuratorzy. I to go cieszy. Dotychczasowe dzia\u0142ania prokuratury by\u0142y oceniane przez spo\u0142ecze\u0144stwo bardzo krytycznie, czego symbolem sta\u0142a si\u0119 sprawa Amber Gold i \u015bledztwo w sprawie morderstwa Marka Papa\u0142y.<\/p><p>\u00a0W zwi\u0105zku z zapowiadanymi zmianami z pracy ma odej\u015b\u0107 oko\u0142o 100 prokurator\u00f3w. Wed\u0142ug wiceministra, \u201eg\u0142\u00f3wnie funkcyjnych\u201d.<\/p><p><a href=\"http:\/\/www.pch24.pl\/wiceminister-sprawiedliwosci-patryk-jaki--reforma-prokuratury-to-smutna-wiadomosc-dla-mafii,40944,i.html#ixzz3yvzJwLkc\">Pch24.pl<\/a>\/KRESY.PL<\/p>","protected":false},"excerpt":{"rendered":"Wiceminister sprawiedliwo\u015bci Patryk Jaki krytycznie ocenia dzia\u0142alno\u015b\u0107 prokuratury kierowanej od 2010 roku przez Andrzeja Seremeta. Za rz\u0105d\u00f3w PO prokuratura cechowa\u0142a si\u0119 du\u017c\u0105 nieudolno\u015bci\u0105, doprowadzaj\u0105c do wielokrotnych wyciek\u00f3w akt &#8211; ocenia\u0142 wiceminister. Zapowiadana reforma ma na celu zwi\u0119kszenie liczby prokurator\u00f3w prowadz\u0105cych sprawy i usuni\u0119cie w\u0105tpliwo\u015bci dotycz\u0105cych ich poczyna\u0144.&#8211; Jest jedna grupa w\u00a0Polsce, kt\u00f3ra jest zadowolona z\u00a0dzia\u0142ania [&hellip;]","protected":false},"author":1,"featured_media":0,"comment_status":"closed","ping_status":"closed","sticky":false,"template":"","format":"standard","meta":{"_acf_changed":false,"_monsterinsights_skip_tracking":false,"_monsterinsights_sitenote_active":false,"_monsterinsights_sitenote_note":"","_monsterinsights_sitenote_category":0,"ngg_post_thumbnail":0,"footnotes":"","_wp_rev_ctl_limit":""},"categories":[8],"tags":[114,98],"acf":[],"_links":{"self":[{"href":"https:\/\/www.bibula.com\/index.php?rest_route=\/wp\/v2\/posts\/85537"}],"collection":[{"href":"https:\/\/www.bibula.com\/index.php?rest_route=\/wp\/v2\/posts"}],"about":[{"href":"https:\/\/www.bibula.com\/index.php?rest_route=\/wp\/v2\/types\/post"}],"author":[{"embeddable":true,"href":"https:\/\/www.bibula.com\/index.php?rest_route=\/wp\/v2\/users\/1"}],"replies":[{"embeddable":true,"href":"https:\/\/www.bibula.com\/index.php?rest_route=%2Fwp%2Fv2%2Fcomments&post=85537"}],"version-history":[{"count":0,"href":"https:\/\/www.bibula.com\/index.php?rest_route=\/wp\/v2\/posts\/85537\/revisions"}],"wp:attachment":[{"href":"https:\/\/www.bibula.com\/index.php?rest_route=%2Fwp%2Fv2%2Fmedia&parent=85537"}],"wp:term":[{"taxonomy":"category","embeddable":true,"href":"https:\/\/www.bibula.com\/index.php?rest_route=%2Fwp%2Fv2%2Fcategories&post=85537"},{"taxonomy":"post_tag","embeddable":true,"href":"https:\/\/www.bibula.com\/index.php?rest_route=%2Fwp%2Fv2%2Ftags&post=85537"}],"curies":[{"name":"wp","href":"https:\/\/api.w.org\/{rel}","templated":true}]}}