{"id":85530,"date":"2016-02-01T12:10:24","date_gmt":"2016-02-01T17:10:24","guid":{"rendered":"http:\/\/www.bibula.com\/?p=85530"},"modified":"2016-02-01T12:10:24","modified_gmt":"2016-02-01T17:10:24","slug":"kardynal-raymond-burke-odprawi-msze-pontyfikalna-w-krakowie-odwiedzi-takze-poznan","status":"publish","type":"post","link":"https:\/\/www.bibula.com\/?p=85530","title":{"rendered":"Kardyna\u0142 Raymond Burke odprawi Msz\u0119 pontyfikaln\u0105 w Krakowie. Odwiedzi tak\u017ce Pozna\u0144"},"content":{"rendered":"<p><strong>8 lutego o godzinie 19:00 w krakowskim ko\u015bciele pw. \u015awi\u0119tych Aposto\u0142\u00f3w Piotra i Paw\u0142a<\/strong> <strong>kardyna\u0142 Raymond Leo Burke sprawowa\u0107 b\u0119dzie Msz\u0119 pontyfikaln\u0105 &#8211; uroczyst\u0105 liturgi\u0119 Mszy \u015bwi\u0119tej w nadzwyczajnej formie rytu rzymskiego. <br \/><\/strong><\/p><p>Kardyna\u0142 Raymond Leo Burke odwiedzi Polsk\u0119. 8 lutego 2016 roku (poniedzia\u0142ek) o godz. 16:00 w Auli krakowskiego klasztoru ojc\u00f3w franciszkan\u00f3w (ul. Franciszka\u0144ska) odb\u0119dzie si\u0119 promocja najnowszej ksi\u0105\u017cki hierarchy pt.<strong> \u201e<\/strong>Naj\u015bwi\u0119tsza Eucharystia jako Sakrament Mi\u0142o\u015bci\u201d. Spotkanie potrwa do godziny 18:00.<\/p><p>O godzinie 19:00 w ko\u015bciele Aposto\u0142\u00f3w Piotra i Paw\u0142a rozpocznie si\u0119 liturgia Mszy pontyfikalnej, kt\u00f3r\u0105 celebrowa\u0107 b\u0119dzie ksi\u0105dz kardyna\u0142. Udzia\u0142 w Mszy \u015bwi\u0119tej mo\u017cna potwierdzi\u0107 korzystaj\u0105c ze <span style=\"text-decoration: underline;\"><a href=\"https:\/\/www.facebook.com\/events\/1546271995689332\/\" target=\"_blank\" rel=\"nofollow\">strony wydarzenia na Facebooku<\/a><\/span>.<\/p><p>Kardyna\u0142 Raymond Burke <span style=\"text-decoration: underline;\"><a href=\"https:\/\/www.facebook.com\/events\/922510601118278\/\" target=\"_blank\" rel=\"nofollow\">odwiedzi tak\u017ce Pozna\u0144<\/a><\/span>, gdzie 6 lutego w pozna\u0144skiej katedrze celebrowa\u0107 b\u0119dzie uroczyst\u0105 Msz\u0119 w zwyczajnej formie rytu rzymskiego. Liturgia rozpocznie si\u0119 o godzinie 16:30, po niej zaplanowano spotkanie z hierarch\u0105.<strong> <br \/><\/strong><\/p><p><strong>Zobacz tak\u017ce wywiad PCh24.pl z Jego Eminencj\u0105 Kardyna\u0142em Raymondem Leo Burke przeprowadzona w Watykanie w czerwcu 2015 r.<\/strong><\/p><p><strong><iframe src=\"http:\/\/www.youtube.com\/embed\/Arjjf7nSg1k\" width=\"609\" height=\"609\" frameborder=\"0\"><\/iframe><br \/> <\/strong><\/p><p>mat<\/p>","protected":false},"excerpt":{"rendered":"8 lutego o godzinie 19:00 w krakowskim ko\u015bciele pw. \u015awi\u0119tych Aposto\u0142\u00f3w Piotra i Paw\u0142a kardyna\u0142 Raymond Leo Burke sprawowa\u0107 b\u0119dzie Msz\u0119 pontyfikaln\u0105 &#8211; uroczyst\u0105 liturgi\u0119 Mszy \u015bwi\u0119tej w nadzwyczajnej formie rytu rzymskiego. Kardyna\u0142 Raymond Leo Burke odwiedzi Polsk\u0119. 8 lutego 2016 roku (poniedzia\u0142ek) o godz. 16:00 w Auli krakowskiego klasztoru ojc\u00f3w franciszkan\u00f3w (ul. Franciszka\u0144ska) odb\u0119dzie [&hellip;]","protected":false},"author":1,"featured_media":0,"comment_status":"closed","ping_status":"closed","sticky":false,"template":"","format":"standard","meta":{"_acf_changed":false,"_monsterinsights_skip_tracking":false,"_monsterinsights_sitenote_active":false,"_monsterinsights_sitenote_note":"","_monsterinsights_sitenote_category":0,"ngg_post_thumbnail":0,"footnotes":"","_wp_rev_ctl_limit":""},"categories":[5],"tags":[98,24],"acf":[],"_links":{"self":[{"href":"https:\/\/www.bibula.com\/index.php?rest_route=\/wp\/v2\/posts\/85530"}],"collection":[{"href":"https:\/\/www.bibula.com\/index.php?rest_route=\/wp\/v2\/posts"}],"about":[{"href":"https:\/\/www.bibula.com\/index.php?rest_route=\/wp\/v2\/types\/post"}],"author":[{"embeddable":true,"href":"https:\/\/www.bibula.com\/index.php?rest_route=\/wp\/v2\/users\/1"}],"replies":[{"embeddable":true,"href":"https:\/\/www.bibula.com\/index.php?rest_route=%2Fwp%2Fv2%2Fcomments&post=85530"}],"version-history":[{"count":0,"href":"https:\/\/www.bibula.com\/index.php?rest_route=\/wp\/v2\/posts\/85530\/revisions"}],"wp:attachment":[{"href":"https:\/\/www.bibula.com\/index.php?rest_route=%2Fwp%2Fv2%2Fmedia&parent=85530"}],"wp:term":[{"taxonomy":"category","embeddable":true,"href":"https:\/\/www.bibula.com\/index.php?rest_route=%2Fwp%2Fv2%2Fcategories&post=85530"},{"taxonomy":"post_tag","embeddable":true,"href":"https:\/\/www.bibula.com\/index.php?rest_route=%2Fwp%2Fv2%2Ftags&post=85530"}],"curies":[{"name":"wp","href":"https:\/\/api.w.org\/{rel}","templated":true}]}}