{"id":85526,"date":"2016-02-01T12:04:57","date_gmt":"2016-02-01T17:04:57","guid":{"rendered":"http:\/\/www.bibula.com\/?p=85526"},"modified":"2016-02-01T12:04:57","modified_gmt":"2016-02-01T17:04:57","slug":"liczba-wloskich-diecezji-zostanie-zmniejszona-z-226-do-119","status":"publish","type":"post","link":"https:\/\/www.bibula.com\/?p=85526","title":{"rendered":"Liczba w\u0142oskich diecezji zostanie zmniejszona z 226 do 119?"},"content":{"rendered":"<p><strong>Ko\u015bci\u00f3\u0142 katolicki we W\u0142oszech chce drastycznie zredukowa\u0107 liczb\u0119 diecezji: z 226 do 119 &#8211; donosi katolicki tygodnik \u201eFamiglia Cristiana\u201d. Ko\u015bci\u00f3\u0142 w tym kraju z 48,5 mln katolikami ma najwi\u0119ksz\u0105 konferencj\u0119 biskupi\u0105 w Europie i jedn\u0105 z najwi\u0119kszych na \u015bwiecie. Polska z 32,5 miliona katolikami ma 44 diecezje. Jak zauwa\u017ca tygodnik, wiele w\u0142oskich diecezji ma si\u0119gaj\u0105ce staro\u017cytno\u015bci pochodzenie i s\u0105 one dumne ze swych wczesnochrze\u015bcija\u0144skich fundament\u00f3w.<\/strong><\/p><p>\u201eAby zaradzi\u0107 temu przerostowi watyka\u0144ska Kongregacja ds. Biskup\u00f3w, kt\u00f3ra jest odpowiedzialna za prawne zarz\u0105dzanie diecezjami przed\u0142o\u017cy\u0142a Konferencjom Regionalnym Episkopatu W\u0142och propozycj\u0119 reform i poprosi\u0142a aby do sierpnia tego roku przedstawi\u0142y plan zmniejszenia liczby diecezji &#8211; czytamy w \u201eFamiglia Cristiana\u201d.<\/p><p>O zmniejszeniu liczby w\u0142oskich biskupstw debatuje si\u0119 ju\u017c od dziesi\u0105tk\u00f3w lat. Papie\u017c Pawe\u0142 VI w 1964 roku m\u00f3wi\u0142 o \u201enadmiernej liczbie diecezji\u201d. Problem ten poruszy\u0142 Franciszek podczas swojego pierwszego po wyborze na papie\u017ca spotkania z w\u0142oskimi biskupami w maju 2013 r. Konferencja Episkopatu W\u0142och CEI zwr\u00f3ci\u0142a si\u0119 do Watykanu z pytaniem jakimi kryteriami nale\u017cy si\u0119 kierowa\u0107 przy przeprowadzeniu redukcji.<\/p><p>Przed trzydziestoma laty Ko\u015bci\u00f3\u0142 we W\u0142oszech mia\u0142 325 diecezje. Pierwsza redukcja nast\u0105pi\u0142a poprzez fuzj\u0119 kilku diecezji w 1986 roku za pontyfikatu \u015bw. Jana Paw\u0142a II i towarzyszy\u0142y jej liczne protesty. \u00d3wczesny prefekt Kongregacji ds. Biskup\u00f3w, kard. Lucas Moreira Neves m\u00f3wi\u0142, \u017ce 119 to idealna liczba diecezji we W\u0142oszech.<\/p><p>\u201eFamiglia Cristiana\u201d zwraca uwag\u0119, \u017ce liczba ta sta\u0142a si\u0119 znowu aktualna.<\/p><p>KAI<\/p><p>mat<\/p>","protected":false},"excerpt":{"rendered":"Ko\u015bci\u00f3\u0142 katolicki we W\u0142oszech chce drastycznie zredukowa\u0107 liczb\u0119 diecezji: z 226 do 119 &#8211; donosi katolicki tygodnik \u201eFamiglia Cristiana\u201d. Ko\u015bci\u00f3\u0142 w tym kraju z 48,5 mln katolikami ma najwi\u0119ksz\u0105 konferencj\u0119 biskupi\u0105 w Europie i jedn\u0105 z najwi\u0119kszych na \u015bwiecie. Polska z 32,5 miliona katolikami ma 44 diecezje. Jak zauwa\u017ca tygodnik, wiele w\u0142oskich diecezji ma si\u0119gaj\u0105ce [&hellip;]","protected":false},"author":1,"featured_media":0,"comment_status":"closed","ping_status":"closed","sticky":false,"template":"","format":"standard","meta":{"_acf_changed":false,"_monsterinsights_skip_tracking":false,"_monsterinsights_sitenote_active":false,"_monsterinsights_sitenote_note":"","_monsterinsights_sitenote_category":0,"ngg_post_thumbnail":0,"footnotes":"","_wp_rev_ctl_limit":""},"categories":[3],"tags":[207,33],"acf":[],"_links":{"self":[{"href":"https:\/\/www.bibula.com\/index.php?rest_route=\/wp\/v2\/posts\/85526"}],"collection":[{"href":"https:\/\/www.bibula.com\/index.php?rest_route=\/wp\/v2\/posts"}],"about":[{"href":"https:\/\/www.bibula.com\/index.php?rest_route=\/wp\/v2\/types\/post"}],"author":[{"embeddable":true,"href":"https:\/\/www.bibula.com\/index.php?rest_route=\/wp\/v2\/users\/1"}],"replies":[{"embeddable":true,"href":"https:\/\/www.bibula.com\/index.php?rest_route=%2Fwp%2Fv2%2Fcomments&post=85526"}],"version-history":[{"count":0,"href":"https:\/\/www.bibula.com\/index.php?rest_route=\/wp\/v2\/posts\/85526\/revisions"}],"wp:attachment":[{"href":"https:\/\/www.bibula.com\/index.php?rest_route=%2Fwp%2Fv2%2Fmedia&parent=85526"}],"wp:term":[{"taxonomy":"category","embeddable":true,"href":"https:\/\/www.bibula.com\/index.php?rest_route=%2Fwp%2Fv2%2Fcategories&post=85526"},{"taxonomy":"post_tag","embeddable":true,"href":"https:\/\/www.bibula.com\/index.php?rest_route=%2Fwp%2Fv2%2Ftags&post=85526"}],"curies":[{"name":"wp","href":"https:\/\/api.w.org\/{rel}","templated":true}]}}