{"id":85524,"date":"2016-02-01T12:03:19","date_gmt":"2016-02-01T17:03:19","guid":{"rendered":"http:\/\/www.bibula.com\/?p=85524"},"modified":"2016-02-01T12:03:19","modified_gmt":"2016-02-01T17:03:19","slug":"koscioly-w-niemczech-sa-masowo-okradane-ponad-2-tys-przypadkow-co-roku","status":"publish","type":"post","link":"https:\/\/www.bibula.com\/?p=85524","title":{"rendered":"Ko\u015bcio\u0142y w Niemczech s\u0105 masowo okradane. Ponad 2 tys. przypadk\u00f3w co roku"},"content":{"rendered":"<p><strong>Niemieckie ko\u015bcio\u0142y nieustannie padaj\u0105 ofiar\u0105 kradzie\u017cy. Jak wynika z raport\u00f3w urz\u0119d\u00f3w ds. kryminalnych, ka\u017cdego roku dochodzi do ponad 2000 tego typu przest\u0119pstw. <\/strong><\/p><p>Ka\u017cdego roku w Niemczech dochodzi do ponad 2000 w\u0142ama\u0144 do ko\u015bcio\u0142\u00f3w. Wynika tak ze statystyk, jakie przedstawi\u0142y urz\u0119dy ds. kryminalnych poszczeg\u00f3lnych niemieckich land\u00f3w. Urz\u0119dy w latach 2010 &#8211; 2014 naliczy\u0142y bez ma\u0142a 12\u00a0000 tego typu delikt\u00f3w. Szczyt przypad\u0142 na rok 2012, gdy ko\u015bcio\u0142y w ca\u0142ym kraju zosta\u0142y okradzione 2548 razy. Nie wiadomo jeszcze, ile w\u0142ama\u0144 zanotowano w ubieg\u0142ym roku, jednak w 2014 by\u0142o to 2315 przypadk\u00f3w.<\/p><p>W rzeczywisto\u015bci skala kradzie\u017cy jest o wiele wy\u017csza, poniewa\u017c stosownych danych nie przedstawi\u0142y landy: Berlin, Brema, Hamburg oraz Meklemburgia-Pomorze Przednie.<\/p><p>Z\u0142odzieje kradn\u0105 przede wszystkim przedmioty metalowe (jak miedziane rynny dachowe), urz\u0105dzenia elektryczne (jak laptopy czy rzutniki komputerowe)\u00a0 oraz skarbonki na datki. Niekiedy ofiar\u0105 kradzie\u017cy padaj\u0105 te\u017c dzie\u0142a sztuki sakralnej. Najg\u0142o\u015bniejszym przypadkiem ostatniego typu przest\u0119pstw by\u0142 rabunek dokonany w katolickim ko\u015bciele w Steinfurcie (Westfalia). W 2011 roku z\u0142odzieje zabrali z niego drogocenny krzy\u017c z XI wieku. G\u0142o\u015bna by\u0142a te\u017c kradzie\u017c drewnianych figur i krzy\u017cy o \u0142\u0105cznej warto\u015bci 40 tysi\u0119cy euro z jednego ko\u015bcio\u0142\u00f3w w Bawarii.<\/p><p>\u00a0Za cz\u0119\u015b\u0107 przest\u0119pstw odpowiedzialni s\u0105 radykalni muzu\u0142manie. Przed kolo\u0144skim s\u0105dem toczy si\u0119 obecnie post\u0119powanie przeciwko grupie salafit\u00f3w, kt\u00f3rzy w latach 2011 &#8211; 2014 w\u0142amywali si\u0119 do ko\u015bcio\u0142\u00f3w i szk\u00f3\u0142. Pieni\u0105dze pozyskane ze sprzeda\u017cy skradzionych przedmiot\u00f3w przeznaczali na wsparcie dzia\u0142alno\u015bci terrorystycznej, mi\u0119dzy innymi syryjskiego Pa\u0144stwa Islamskiego.<\/p><p>Jak powiedzia\u0142 w rozmowie z niemieck\u0105 Katolick\u0105 Agencj\u0105 Prasow\u0105 (KNA) rzecznik diecezji erfurckiej, spektakularne kradzie\u017ce nale\u017c\u0105 do rzadko\u015bci. Rzadko kiedy ko\u015bcio\u0142y trac\u0105 przedmioty warte cho\u0107by kilka tysi\u0119cy euro. Jak zaznaczy\u0142 rzecznik, proceder i tak jest dla Ko\u015bcio\u0142a bardzo bolesny.<\/p><p>Jak przypomnia\u0142 na swoim blogu katolicki publicysta Mathias von Gersdorff, dane te nie bior\u0105 pod uwag\u0119 profanacji czy zwyk\u0142ego niszczenia ko\u015bcio\u0142\u00f3w, na przyk\u0142ad podpale\u0144.\u00a0 \u201eTe s\u0105 za\u015b niemal zawsze umotywowane nienawi\u015bci\u0105 do religii. Niemal ka\u017cdego tygodnia dochodzi do przypadku [podpalenia ko\u015bcio\u0142a]. Na przyk\u0142ad w nocy z 5. na 6. stycznia podpalono w ko\u015bciele w Karlsruhe drewniane krzy\u017c oraz \u0142awk\u0119&#8221; &#8211; stwierdza.<\/p><p>\u0179r\u00f3d\u0142a: kath.net, mathias-von-gersdorff.blogspot.de<\/p><p>Pach<\/p>","protected":false},"excerpt":{"rendered":"Niemieckie ko\u015bcio\u0142y nieustannie padaj\u0105 ofiar\u0105 kradzie\u017cy. Jak wynika z raport\u00f3w urz\u0119d\u00f3w ds. kryminalnych, ka\u017cdego roku dochodzi do ponad 2000 tego typu przest\u0119pstw. Ka\u017cdego roku w Niemczech dochodzi do ponad 2000 w\u0142ama\u0144 do ko\u015bcio\u0142\u00f3w. Wynika tak ze statystyk, jakie przedstawi\u0142y urz\u0119dy ds. kryminalnych poszczeg\u00f3lnych niemieckich land\u00f3w. Urz\u0119dy w latach 2010 &#8211; 2014 naliczy\u0142y bez ma\u0142a 12\u00a0000 [&hellip;]","protected":false},"author":1,"featured_media":0,"comment_status":"closed","ping_status":"closed","sticky":false,"template":"","format":"standard","meta":{"_acf_changed":false,"_monsterinsights_skip_tracking":false,"_monsterinsights_sitenote_active":false,"_monsterinsights_sitenote_note":"","_monsterinsights_sitenote_category":0,"ngg_post_thumbnail":0,"footnotes":"","_wp_rev_ctl_limit":""},"categories":[10],"tags":[132,114,191],"acf":[],"_links":{"self":[{"href":"https:\/\/www.bibula.com\/index.php?rest_route=\/wp\/v2\/posts\/85524"}],"collection":[{"href":"https:\/\/www.bibula.com\/index.php?rest_route=\/wp\/v2\/posts"}],"about":[{"href":"https:\/\/www.bibula.com\/index.php?rest_route=\/wp\/v2\/types\/post"}],"author":[{"embeddable":true,"href":"https:\/\/www.bibula.com\/index.php?rest_route=\/wp\/v2\/users\/1"}],"replies":[{"embeddable":true,"href":"https:\/\/www.bibula.com\/index.php?rest_route=%2Fwp%2Fv2%2Fcomments&post=85524"}],"version-history":[{"count":0,"href":"https:\/\/www.bibula.com\/index.php?rest_route=\/wp\/v2\/posts\/85524\/revisions"}],"wp:attachment":[{"href":"https:\/\/www.bibula.com\/index.php?rest_route=%2Fwp%2Fv2%2Fmedia&parent=85524"}],"wp:term":[{"taxonomy":"category","embeddable":true,"href":"https:\/\/www.bibula.com\/index.php?rest_route=%2Fwp%2Fv2%2Fcategories&post=85524"},{"taxonomy":"post_tag","embeddable":true,"href":"https:\/\/www.bibula.com\/index.php?rest_route=%2Fwp%2Fv2%2Ftags&post=85524"}],"curies":[{"name":"wp","href":"https:\/\/api.w.org\/{rel}","templated":true}]}}