{"id":85324,"date":"2016-01-19T17:51:21","date_gmt":"2016-01-19T22:51:21","guid":{"rendered":"http:\/\/www.bibula.com\/?p=85324"},"modified":"2016-01-19T17:51:21","modified_gmt":"2016-01-19T22:51:21","slug":"szydlo-w-pe-jestesmy-suwerennym-panstwem-i-wolnym-narodem-polska-nie-zasluguje-by-byc-oceniana-przez-ke","status":"publish","type":"post","link":"https:\/\/www.bibula.com\/?p=85324","title":{"rendered":"Szyd\u0142o w PE: Jeste\u015bmy suwerennym pa\u0144stwem i wolnym narodem! Polska nie zas\u0142uguje, by by\u0107 oceniana przez KE!"},"content":{"rendered":"<p><strong>Nie chc\u0119, \u017ceby w moim kraju narasta\u0142y obawy antyeuropejskie. Zr\u00f3bmy wszystko, by Europa rozwija\u0142a si\u0119 w spokoju i by by\u0142a wsp\u00f3lnot\u0105 sprawiedliwych pa\u0144stw<\/strong><\/p><p>\u201d\u201d podkre\u015bli\u0142a premier Beata Szyd\u0142o w wyst\u0105pieniu ko\u0144cowym, podsumowuj\u0105cym debat\u0119 o Polsce w Parlamencie Europejskim.<br \/> <span id=\"more-50040\"><\/span><\/p><p>Na pocz\u0105tku swojego wyst\u0105pienia odnios\u0142a si\u0119 do wszystkich g\u0142os\u00f3w, kt\u00f3re pad\u0142y podczas debaty.<\/p><blockquote><p>We wszystkich tych g\u0142osach pojawia si\u0119 rzecz podstawowa &#8211; troska o <span class=\"caps\">UE<\/span> i jej przysz\u0142o\u015b\u0107, kszta\u0142t. Polska chce, by <span class=\"caps\">UE<\/span> by\u0142a stabilna. Polska chce, by <span class=\"caps\">UE<\/span> nie by\u0142a wstrz\u0105sana kryzysami. Polska nie wywo\u0142uje tych kryzys\u00f3w, ale chce aktywnie uczestniczy\u0107 w prowadzeniu polityki europejskiej. Dzi\u0119kuj\u0119 za wszystkie krytyczne g\u0142osy, jak i te, kt\u00f3re wyra\u017ca\u0142y wsparcie dla mojej ojczyzny i rz\u0105du. Dla nas to bardzo wa\u017cne. Przyjecha\u0142am do pa\u0144stwa, by podzieli\u0107 si\u0119 informacjami. Stara\u0142am si\u0119 wykorzysta\u0107 pierwsze wyst\u0105pienie, by poda\u0107 szczeg\u00f3\u0142owe fakty<\/p><\/blockquote><p>\u201d\u201d m\u00f3wi\u0142a premier Szyd\u0142o.<\/p><blockquote><p>Pyta\u0144 o <span class=\"caps\">TK<\/span> i media wielu nie by\u0142o &#8211; rozumiem, \u017ce nie ma problemu, wi\u0119c nie macie, o co pyta\u0107. Ta dyskusja jest dla nas k\u0142opotem, z kt\u00f3rym ja te\u017c mam k\u0142opot &#8211; nie zgadzam si\u0119, by <span class=\"caps\">KE<\/span> zastosowa\u0142a w stosunku do Polski tak\u0105 <a class=\"rw_word\" href=\"http:\/\/incontext.pl\/st.js?t=c&amp;c=3051&amp;w=decyzj%C4%99&amp;s=5281\" target=\"_blank\">decyzj\u0119<\/a>, jak\u0105 podj\u0119to. Ale chc\u0119 informowa\u0107. (\u2026) Wszyscy powinni\u015bmy si\u0119 troszczy\u0107, by instytucje europejskie pracowa\u0142y jak nale\u017cy. Jestem gotowa udziela\u0107 informacji.<\/p><p>Polska nie zas\u0142uguje na to, by by\u0107 oceniana przez Komisj\u0119 Europejsk\u0105! (\u2026) Jeste\u015bmy suwerennym pa\u0144stwem i wolnym narodem!<\/p><\/blockquote><p>\u201d\u201d zaznaczy\u0142a Szyd\u0142o, podkre\u015blaj\u0105c, \u017ce w Polsce nie jest \u0142amane prawo.<\/p><blockquote><p><strong>Polskie sprawy powinni\u015bmy rozwi\u0105zywa\u0107 w Polsce.<\/strong> (\u2026) Toczmy ten sp\u00f3r tam, gdzie jego miejsce &#8211; w polskim parlamencie. Najlepszym dowodem na to, \u017ce pa\u0144stwo polskie jest demokratyczne jest to, \u017ce przebywaj\u0105cy tutaj polscy obywatele mog\u0105 bez przeszk\u00f3d wyra\u017ca\u0107 bez przeszk\u00f3d wyra\u017ca\u0107 niezadowolenie z dzia\u0142a\u0144 rz\u0105du. Nikt im w tym nie przeszkadza\u0142. Polska jest demokratycznym pa\u0144stwem. (\u2026) Przyje\u017cd\u017cam r\u00f3wnie\u017c tutaj, bo mam g\u0142\u0119bokie poczucie odpowiedzialno\u015bci &#8211; nie tylko za to, co dzieje si\u0119 w Polsce, ale mam g\u0142\u0119bokie poczucie odpowiedzialno\u015bci za to, co dzieje si\u0119 w Europie. M\u00f3wicie pa\u0144stwo o migrantach &#8211; to powa\u017cny problem i pa\u0144stwo o tym doskonale wiecie. Polska przyj\u0119\u0142a ok. miliona uchod\u017ac\u00f3w z Ukrainy. Ludzi, kt\u00f3rym nikt nie chcia\u0142 pom\u00f3c! O tym te\u017c trzeba rozmawia\u0107. (\u2026) Szanujemy pa\u0144stwo prawa i szanujemy decyzje podj\u0119te przez rz\u0105d poprzedni. <strong>Nie chc\u0119, aby w Polsce ludzie bali si\u0119, by narasta\u0142y obawy europejskie. Zr\u00f3bmy wszystko, by Europa rozwija\u0142a si\u0119 w spokoju i by by\u0142a wsp\u00f3lnot\u0105 sprawiedliwych pa\u0144stw. Polski rz\u0105d nie zrezygnuje z programu do kt\u00f3rego zobowi\u0105zali\u015bmy si\u0119 wobec wyborc\u00f3w. By\u0142y demokratyczne wybory &#8211; Polacy wybrali taki program, wybrali nas.<\/strong><\/p><p>My\u015bmy wygrali wybory dlatego, \u017ce tak zdecydowali Polacy. B\u0119dziemy realizowali ten program &#8211; bo maj\u0105 cz\u0119sto poczucie tego, \u017ce nie by\u0142o wystarczaj\u0105cej sprawiedliwo\u015bci. Chcemy Polski r\u00f3wnych szans, Polski rozwoju.<\/p><\/blockquote><p>\u201d\u201d podkre\u015bli\u0142a.<\/p><blockquote><p>Jeste\u015bmy m\u0142odymi cz\u0142onkami <span class=\"caps\">UE<\/span>, weszli\u015bmy z baga\u017cem naszej historii, ale przyszli\u015bmy z ogromn\u0105 nadziej\u0105. Przyszli\u015bmy do Europy, kt\u00f3ra by\u0142a dla nas marzeniem &#8211; wyobra\u017ceniem uczciwo\u015bci i r\u00f3wno\u015bci. Chcemy w takiej Europie by\u0107. Nie jest nam \u0142atwo, mamy wiele trudno\u015bci i barier, ale chcemy to robi\u0107 i jeste\u015bmy zdeterminowani.<\/p><\/blockquote><p><strong>Pani premier powo\u0142ywa\u0142a si\u0119 te\u017c na s\u0142owa \u015bp. Lecha Kaczy\u0144skiego i \u015bw. Jana Paw\u0142a <span class=\"caps\">II<\/span>.<\/strong><\/p><blockquote><p>Nie l\u0119kajmy si\u0119 budowa\u0107 r\u00f3wnej i sprawiedliwej Europy. Zr\u00f3bmy to wsp\u00f3lnie i razem &#8211; uczy\u0144my wszystko, by ka\u017cdy Europejczyk mia\u0142 poczucie, \u017ce jest r\u00f3wno traktowany. Polska nie zas\u0142uguje, by by\u0107 na cenzurowanym<\/p><\/blockquote><p>\u201d\u201d t\u0142umaczy\u0142a szefowa rz\u0105du.<\/p><p>Beata Szyd\u0142o raz jeszcze m\u00f3wi\u0142a o szczeg\u00f3\u0142ach prawnych zwi\u0105zanych ze skokiem Platformy na <span class=\"caps\">TK<\/span> w czerwcu.<\/p><blockquote><p><strong>Mo\u017cemy dyskutowa\u0107 o wielu kwestiach, ale mamy problem z t\u0105 debat\u0105. Bo tak samo wyrazi\u0142 te obawy rz\u0105d polski w 2014 roku, kierowany przez Donalda Tuska. (\u2026) Mog\u0119 mie\u0107 poczucie niesprawiedliwo\u015bci, \u017ce to Polska jest poddana temu eksperymentowi. Ale moim obowi\u0105zkiem by\u0142o przyjecha\u0107 tutaj i rzeczowo wyja\u015bni\u0107, jak id\u0105 sprawy w Polsce<\/strong><\/p><\/blockquote><p>\u201d\u201d zako\u0144czy\u0142a pani premier.<\/p><p>maf \/ mall<\/p><p>wPolityce.pl<\/p><p class=\"zrodlo\">Za: <a href=\"http:\/\/wirtualnapolonia.com\/2016\/01\/19\/szydlo-w-pe-jestesmy-suwerennym-panstwem-i-wolnym-narodem-polska-nie-zasluguje-by-byc-oceniana-przez-ke\/\">Wirtualna Polonia (2016-01-19)<\/a><\/p><h4>\u00a0<\/h4><hr style=\"background-color: #000000; border-width: 0; color: #000000; height: 2px; line-height: 0; text-align: center; width: 100%;\" \/><h4>\u00a0<\/h4><p>[youtube =TzT6ckfxYk8]<\/p><p>[youtube =oRJi_7332FU]<\/p><h4>\u00a0<\/h4><hr style=\"background-color: #000000; border-width: 0; color: #000000; height: 2px; line-height: 0; text-align: center; width: 100%;\" \/><h4>\u00a0<\/h4><h2>Dziennikarka RMF o debacie w PE ws. Polski: bezsprzecznie zwyci\u0119stwo polskiej premier<\/h2><p>Brukselska korespondentka RMF FM komentuj\u0105c debat\u0119 ws. Polski w Parlamencie Europejskim uzna\u0142a, \u017ce by\u0142o to zwyci\u0119stwo premier Beaty Szyd\u0142o. Z kolei jej krytycy, w tym chadecy z PO na czele, byli \u201emdli, a nawet troch\u0119 \u017ca\u0142o\u015bni\u201d.<\/p><p><strong><em>\u201eTo by\u0142o bezsprzecznie zwyci\u0119stwo polskiej premier\u201d <\/em><\/strong>&#8211; <a href=\"http:\/\/www.rmf24.pl\/tylko-w-rmf24\/katarzyna-szymanska-borginion\/blogi\/news-po-debacie-w-pe-ws-polski-bezsprzecznie-zwyciestwo-polskiej-,nId,2021469\">napisa\u0142a brukselska korespondentka radia RMF, Katarzyna Szyma\u0144ska-Borginon<\/a>. Zdaniem dziennikarki, to Beata Szyd\u0142o nada\u0142a spokojny, rozwa\u017cny i zdystansowany ton debacie w Parlamencie Europejskim. <em>\u201eStwierdzaj\u0105c, \u017ce Polska jest i b\u0119dzie cz\u0142onkiem Unii Europejskiej, premier Szyd\u0142o wytr\u0105ci\u0142a wiele argument\u00f3w tym, kt\u00f3rzy szykowali si\u0119 do ataku\u201d <\/em>&#8211; napisa\u0142a dziennikarka.<\/p><p>Szyma\u0144ska-Borginon zauwa\u017ca, \u017ce socjali\u015bci, libera\u0142owie, a tak\u017ce chadecy (\u201ez PO na czele\u201d) nie zostali przekonani przez szefow\u0105 polskiego rz\u0105du, ale poddali si\u0119 jej \u0142agodnej retoryce, z kt\u00f3rej ju\u017c nie potrafili si\u0119 wydosta\u0107. Dziennikarka stwierdzi\u0142a, \u017ce nie byli merytorycznie przygotowani i sami \u201e<em>okazali si\u0119 ma\u0142o przekonuj\u0105cy, mdli, a nawet troch\u0119 \u017ca\u0142o\u015bni\u201d. <\/em>Wed\u0142ug niej w jakim\u015b stopniu za nich przemawiali euro komisarze: Timmermans i Oettinger.<\/p><p>Dziennikarka pochwali\u0142a te\u017c wyst\u0105pienie szefa frakcji konserwatyst\u00f3w, Syeda Kamalla: <em>\u201eA\u017c mi\u0142o by\u0142o s\u0142ucha\u0107, jak brytyjski konserwatysta broni\u0142 Polski\u201d<\/em>. Doceni\u0142a r\u00f3wnie\u017c mocne wyst\u0105pienie niemieckiego konserwatysty Hansa-Olafa Henkela oraz postaw\u0119 euro deputowanego z Czech, <a href=\"http:\/\/www.kresy.pl\/wydarzenia,europa-zachodnia?zobacz\/czeski-eurodeputowany-solidaryzowal-sie-z-polska-foto\">Petra Macha, kt\u00f3ry wyst\u0105pi\u0142 z plakietk\u0105 &#8222;Jestem Polakiem&#8221;<\/a>. Jej zdaniem, merytorycznie przygotowane by\u0142y ma\u0142e partie nacjonalistyczne, w tym francuski Front Narodowy &#8211; zaznaczali, \u017ce to w Polsce przechowuje si\u0119 prawdziwe, chrze\u015bcija\u0144skie warto\u015bci. Skrytykowa\u0142a jednak to, \u017ce premier Szyd\u0142o odpowiada\u0142a na ich g\u0142os oklaskami i \u201eprzybiera\u0142a aprobuj\u0105cy wyraz twarzy\u201d podczas ich wyst\u0105pie\u0144. <em>\u201eTak\u0105 pomoc nale\u017cy traktowa\u0107 instrumentalnie. Bicie brawo podwa\u017ca\u0142o wiarygodno\u015b\u0107 s\u0142\u00f3w premier o przywi\u0105zaniu do UE i odci\u0119ciu si\u0119 od zarzut\u00f3w o nacjonalizm\u201d<\/em> &#8211; zaznaczy\u0142a.<\/p><p>Za najwi\u0119kszego przegranego debaty uzna\u0142a szefa libera\u0142\u00f3w, Belga Guya Verhoftsadta, kt\u00f3ry z\u0142ama\u0142 procedury i domaga\u0142 si\u0119 od Szyd\u0142o dalszych wyja\u015bnie\u0144. Ostro \u201eusadzi\u0142\u201d go szef PE, Martin Schulz. W odpowiedzi Verhoftsadt pokaza\u0142 zaci\u015bni\u0119t\u0105 pi\u0119\u015b\u0107. <em>\u201eTym samym okaza\u0142 si\u0119 najwi\u0119kszym przegranym tej debaty. A zanosi\u0142o si\u0119 na to, \u017ce to on nada ton&#8230;\u201d<\/em> &#8211; skwitowa\u0142a Syma\u0144ska-Borginon. Na koniec podkre\u015bli\u0142a jednak, \u017ce polska walka w europarlamencie jeszcze si\u0119 nie sko\u0144czy\u0142a. Uwa\u017ca, \u017ce wi\u0119kszo\u015b\u0107 frakcji, w tym najwi\u0119ksze (EPL, socjali\u015bci) nie da za wygran\u0105 i pr\u0119dzej czy p\u00f3\u017aniej b\u0119dzie rezolucja w sprawie Polski.<\/p><p><a href=\"http:\/\/www.rmf24.pl\/tylko-w-rmf24\/katarzyna-szymanska-borginion\/blogi\/news-po-debacie-w-pe-ws-polski-bezsprzecznie-zwyciestwo-polskiej-,nId,2021469\">Rmf24.pl<\/a> \/ Kresy.pl<\/p><p class=\"zrodlo\">Za: <a href=\"http:\/\/www.kresy.pl\/wydarzenia,europa-zachodnia?zobacz\/dziennikarka-rmf-o-debacie-w-pe-ws-polski-bezsprzecznie-zwyciestwo-polskiej-premier-\">Kresy.pl (<span class=\"date\">19 stycznia 2016<\/span>)<\/a><\/p><h4>\u00a0<\/h4><hr style=\"background-color: #000000; border-width: 0; color: #000000; height: 2px; line-height: 0; text-align: center; width: 100%;\" \/><h4>\u00a0<\/h4><h2>Tusk smutny po debacie w Parlamencie Europejskim<\/h2><p>Przewodnicz\u0105cy Rady Europejskiej komentowa\u0142 wyst\u0105pienie premier Beaty Szyd\u0142o w czasie debaty Parlamentu Europejskiego nad sytuacja polityczn\u0105 w Polsce.<\/p><p>Tusk kurtuazyjnie podkre\u015bli\u0142, \u017ce zgadza si\u0119 polsk\u0105 premier w trzech sprawach &#8211; &#8222;\u017ce Polacy to bardzo dumny nar\u00f3d, \u017ce Polska to pi\u0119kny kraj i zgadzam si\u0119, \u017ce Polska dobrze si\u0119 rozwija i ma szans\u0119 zosta\u0107 championem Europy&#8221;. Zaraz potem powiedzie\u0142 &#8211; &#8222;Nie zmienia to faktu, \u017ce jest to do\u015b\u0107 smutny dzie\u0144. Pierwszy raz w historii naszej obecno\u015bci w UE jeste\u015bmy przedmiotem raczej smutnej debaty. Przedstawiciele polskich w\u0142adz musz\u0105 broni\u0107 swoich racji, kt\u00f3re s\u0105 kwestionowane i budz\u0105 wiele emocji w Europie, na \u015bwiecie i w Polsce&#8221;.<\/p><p>W dalszej kolejno\u015bci Tusk sugerowa\u0142 poddanie si\u0119 naciskom instytucji europejskich bo &#8222;w oczach Europy trzeba czego\u015b wi\u0119cej ni\u017c dobrze wyg\u0142oszone przem\u00f3wienie. Potrzebne b\u0119d\u0105 pewne fakty. Pewne procedury tocz\u0105 si\u0119, nie tylko w instytucjach UE, ale i w Komisji Weneckiej, wi\u0119c potrzebujemy troch\u0119 czasu, \u017ceby pewne kwestie wyja\u015bni\u0107&#8221;. W pewnym momencie niemal otwarcie okre\u015bli\u0142 si\u0119 jako przeciwnik w\u0142adz Polski gdy\u017c wyrazi\u0142 \u017cyczenie aby rz\u0105dzili ni\u0105 &#8222;Ludzie, kt\u00f3rzy nie powoduj\u0105 takich smutnych zdarze\u0144, jakim jest dzisiejsza debata w parlamencie&#8221;.<\/p><p>wpolityce.pl\/kresy.pl<\/p><p class=\"zrodlo\">Za: <a href=\"http:\/\/www.kresy.pl\/wydarzenia,europa-zachodnia?zobacz\/tusk-smutny-po-debacie-w-parlamencie-europejskim\">Kresy.pl (<span class=\"date\">19 stycznia 2016<\/span>)<\/a><\/p><h4>\u00a0<\/h4><hr style=\"background-color: #000000; border-width: 0; color: #000000; height: 2px; line-height: 0; text-align: center; width: 100%;\" \/><h4>\u00a0<\/h4><h2>Korwin-Mikke w PE: nie jestem demokrat\u0105, ale wy jeste\u015bcie &#8211; zrozumcie, \u017ce lud polski wybra\u0142 PiS [VIDEO]<\/h2><p>\u201eJa nie jestem demokrat\u0105, demokracji nienawidz\u0119, demokracj\u0105 pogardzam, ale wy jeste\u015bcie demokratami! W takim razie przyjmijcie do wiadomo\u015bci, \u017ce lud polski, legalnie i demokratycznie, wybra\u0142 PiS! Chcieli\u015bcie demokracji?! No to j\u0105 macie!\u201d &#8211; powiedzia\u0142 lider partii KORWiN.<\/p><p>Polityk podkre\u015bli\u0142, \u017ce demokracja to <em>\u201etyrania wi\u0119kszo\u015bci\u201d,<\/em> dlatego PiS b\u0119dzie robi\u0142o<em> \u201eco chce\u201d.<\/em><\/p><p><em>\u201eJe\u015bli uwa\u017cacie Pa\u0144stwo, \u017ce PiS to bardzo z\u0142a partia &#8211; ja si\u0119 z tym zgadzam &#8211; to pomy\u015blcie, jak z\u0142e musia\u0142y by\u0107 poprzednie rz\u0105dy. Jaka ogromna korupcja, z\u0142odziejstwo, pogarda dla cz\u0142owieka, t\u0142umienie wolno\u015bci s\u0142owa &#8211; czego osobi\u015bcie do\u015bwiadczam &#8211; \u017ce lud polski wybra\u0142 PiS, jako jedyn\u0105 parti\u0119 daj\u0105c\u0105 nadziej\u0119, \u017ce poprzednia w\u0142adza trafi do wi\u0119zienia\u201d <\/em>&#8211; zaznaczy\u0142 Korwin-Mikke. <em>\u201eBo tam jest miejsce\u201d <\/em>&#8211; doda\u0142.<\/p><p><strong><em>\u201eA poza tym s\u0105dz\u0119, \u017ce Unia Europejska musi by\u0107 zniszczona\u201d<\/em><\/strong> &#8211; zako\u0144czy\u0142 Korwin-Mikke.<\/p><p>[youtube =xfgLbJ6IaSg]<\/p><p class=\"zrodlo\">Za: <a href=\"http:\/\/www.kresy.pl\/wydarzenia,europa-zachodnia?zobacz\/korwin-mikke-w-pe-nie-jestem-demokrata-ale-wy-jestescie-zrozumcie-ze-lud-polski-wybral-pis-video\">Kresy.pl (<span class=\"date\">19 stycznia 2016<\/span>)<\/a><\/p><h4>\u00a0<\/h4><hr style=\"background-color: #000000; border-width: 0; color: #000000; height: 2px; line-height: 0; text-align: center; width: 100%;\" \/><h4>\u00a0<\/h4>","protected":false},"excerpt":{"rendered":"Nie chc\u0119, \u017ceby w moim kraju narasta\u0142y obawy antyeuropejskie. Zr\u00f3bmy wszystko, by Europa rozwija\u0142a si\u0119 w spokoju i by by\u0142a wsp\u00f3lnot\u0105 sprawiedliwych pa\u0144stw\u201d\u201d podkre\u015bli\u0142a premier Beata Szyd\u0142o w wyst\u0105pieniu ko\u0144cowym, podsumowuj\u0105cym debat\u0119 o Polsce w Parlamencie Europejskim. Na pocz\u0105tku swojego wyst\u0105pienia odnios\u0142a si\u0119 do wszystkich g\u0142os\u00f3w, kt\u00f3re pad\u0142y podczas debaty.We wszystkich tych g\u0142osach pojawia si\u0119 [&hellip;]","protected":false},"author":1,"featured_media":0,"comment_status":"closed","ping_status":"closed","sticky":false,"template":"","format":"standard","meta":{"_acf_changed":false,"_monsterinsights_skip_tracking":false,"_monsterinsights_sitenote_active":false,"_monsterinsights_sitenote_note":"","_monsterinsights_sitenote_category":0,"ngg_post_thumbnail":0,"footnotes":"","_wp_rev_ctl_limit":""},"categories":[8],"tags":[65,23,98],"acf":[],"_links":{"self":[{"href":"https:\/\/www.bibula.com\/index.php?rest_route=\/wp\/v2\/posts\/85324"}],"collection":[{"href":"https:\/\/www.bibula.com\/index.php?rest_route=\/wp\/v2\/posts"}],"about":[{"href":"https:\/\/www.bibula.com\/index.php?rest_route=\/wp\/v2\/types\/post"}],"author":[{"embeddable":true,"href":"https:\/\/www.bibula.com\/index.php?rest_route=\/wp\/v2\/users\/1"}],"replies":[{"embeddable":true,"href":"https:\/\/www.bibula.com\/index.php?rest_route=%2Fwp%2Fv2%2Fcomments&post=85324"}],"version-history":[{"count":0,"href":"https:\/\/www.bibula.com\/index.php?rest_route=\/wp\/v2\/posts\/85324\/revisions"}],"wp:attachment":[{"href":"https:\/\/www.bibula.com\/index.php?rest_route=%2Fwp%2Fv2%2Fmedia&parent=85324"}],"wp:term":[{"taxonomy":"category","embeddable":true,"href":"https:\/\/www.bibula.com\/index.php?rest_route=%2Fwp%2Fv2%2Fcategories&post=85324"},{"taxonomy":"post_tag","embeddable":true,"href":"https:\/\/www.bibula.com\/index.php?rest_route=%2Fwp%2Fv2%2Ftags&post=85324"}],"curies":[{"name":"wp","href":"https:\/\/api.w.org\/{rel}","templated":true}]}}