{"id":85321,"date":"2016-01-19T16:22:26","date_gmt":"2016-01-19T21:22:26","guid":{"rendered":"http:\/\/www.bibula.com\/?p=85321"},"modified":"2016-01-19T16:22:26","modified_gmt":"2016-01-19T21:22:26","slug":"kto-naprawde-bije-sie-z-polska","status":"publish","type":"post","link":"https:\/\/www.bibula.com\/?p=85321","title":{"rendered":"Kto naprawd\u0119 bije si\u0119 z Polsk\u0105?"},"content":{"rendered":"<p><strong>Za alarmem obwieszczaj\u0105cym \u015bmier\u0107 polskiej demokracji nie kryje si\u0119 &#8211; cho\u0107by i wydumana &#8211; troska Brukseli o nasz kraj. To tylko zas\u0142ona dymna, maskuj\u0105ca prawdziw\u0105 gr\u0119 interes\u00f3w toczon\u0105 przez polityk\u00f3w, kt\u00f3rzy bij\u0105 si\u0119 o wielkie stawki.<\/strong><\/p><p>W relacjach mi\u0119dzy pa\u0144stwami licz\u0105 si\u0119 tylko si\u0142a i s\u0142abo\u015b\u0107 &#8211; ten znany cytat z Romana Dmowskiego upodoba\u0142o sobie niema\u0142e grono publicyst\u00f3w, staraj\u0105cych si\u0119 spogl\u0105da\u0107 na polityk\u0119 przez pryzmat politycznego realizmu. Ale warto do tej brutalnej &#8211; acz niew\u0105tpliwie prawdziwej &#8211; konstatacji doda\u0107 cytat z innego twardo st\u0105paj\u0105cego po ziemi my\u015bliciela &#8211; Adama Czartoryskiego &#8211; zwracaj\u0105cego uwag\u0119, \u017ce obok si\u0142y wa\u017cna jest te\u017c \u017cyczliwo\u015b\u0107 i sprawiedliwo\u015b\u0107 w traktowaniu partner\u00f3w politycznych. Trudno odm\u00f3wi\u0107 tej opinii racji, wszak nierzadko to w\u0142a\u015bnie pycha zwyci\u0119zcy kroczy tu\u017c przed jego upadkiem. W ostatnich tygodniach mogli\u015bmy si\u0119 przekona\u0107, \u017ce nasi zagraniczni \u201epartnerzy\u201d niespecjalnie zawracaj\u0105 sobie g\u0142ow\u0119 \u017cyczliwymi gestami w kierunku niedawno wy\u0142onionego rz\u0105du, nie m\u00f3wi\u0105c ju\u017c o jego sprawiedliwym traktowaniu. Skoro wi\u0119c brakuje \u017cyczliwo\u015bci i sprawiedliwo\u015bci, trudno nie zauwa\u017cy\u0107, \u017ce za wci\u0105ganym na brukselskie maszty sztandarem obro\u0144c\u00f3w polskiej demokracji kryj\u0105 si\u0119 twarde interesy, kt\u00f3re przez d\u0142u\u017cszy czas maj\u0105 nie trafia\u0107 na pierwsze strony gazet.<\/p><p><strong>Cios w rz\u0105dow\u0105 strategi\u0119<\/strong><\/p><p>\u0141ajanie polskiego rz\u0105du przy zastosowaniu skomplikowanej ekwilibrystyki s\u0142ownej zr\u00f3wnuj\u0105cej Polsk\u0119 z putinowsk\u0105 Rosj\u0105 wskazuje, \u017ce nie mamy do czynienia li tylko z utarczkami s\u0142ownymi czy obron\u0105 interesu wp\u0142ywowej w naszym kraju \u201eelity\u201d &#8211; cho\u0107 to drugie z pewno\u015bci\u0105 motywuje do atak\u00f3w zagraniczne media &#8211; ale przede wszystkim z szalenie wa\u017cnymi i realnymi problemami politycznymi. Kiedy bowiem s\u0142ycha\u0107 propagandowy wrzask, znak to niechybny, \u017ce co\u015b chce si\u0119 zakrzycze\u0107, co\u015b ukry\u0107. Traf chce, \u017ce sprawa jako\u015bci polskiej demokracji zdaje si\u0119 by\u0107 &#8211; przynajmniej w wymierze medialnym &#8211; najwa\u017cniejszym problemem Unii Europejskiej, gdy ta, przypomnijmy, zmaga si\u0119 z o wiele powa\u017cniejszymi ni\u017c polityczne utarczki Jaros\u0142awa Kaczy\u0144skiego i grupki prawnik\u00f3w. Co wi\u0119cej, Bruksel\u0119 czekaj\u0105 r\u00f3wnie\u017c decyzje, w kt\u00f3rych podejmowaniu Polska mo\u017ce sta\u0107 si\u0119 hamulcowym.<\/p><p>Dzi\u015b gra nie toczy si\u0119 wi\u0119c o polsk\u0105 demokracj\u0119, przestrzeganie konstytucji, wolno\u015b\u0107 medi\u00f3w czy Trybuna\u0142 Konstytucyjny. \u015amia\u0142o bowiem mo\u017cna stwierdzi\u0107, \u017ce gdyby Polska zadeklarowa\u0142a absolutn\u0105 dyspozycyjno\u015b\u0107 wobec Francji i Niemiec, gdyby Beata Szyd\u0142o odm\u00f3wi\u0142a rozmowy premierowi Wielkiej Brytanii Davidowi Cameronowi w sprawie propozycji reform Unii Europejskiej, za\u015b szef MSZ Witold Waszczykowski wyg\u0142osi\u0142by w Berlinie mow\u0119 wzywaj\u0105c\u0105 kanclerz do wi\u0119kszej aktywno\u015bci w europejskiej polityce, zapewne nawet urz\u0119das bij\u0105cy piecz\u0105tki w sekretariacie brukselskiego komisarza nie zaj\u0105kn\u0105\u0142by si\u0119 o zagro\u017ceniu demokracji w Polsce. Dlaczego wi\u0119c Polska sta\u0142a si\u0119 obecnie g\u0142\u00f3wnym celem ataku ze strony unijnych elit politycznych, zagranicznej prasy, a nawet instytucji finansowych?<\/p><p>Wydaje si\u0119, \u017ce powody s\u0105 dwa. Pierwszy, nie tycz\u0105cy si\u0119 interes\u00f3w <em>stricte<\/em> politycznych, zwi\u0105zany jest z obaw\u0105 zagranicznych inwestor\u00f3w przed zapowiadanym \u201enarodowym zwrotem\u201d w polityce polskiego rz\u0105du. Nie przypadkiem badaj\u0105ca wiarygodno\u015b\u0107 finansow\u0105 pa\u0144stw agencja Standard &amp; Poor\u2019s obni\u017cy\u0142a Polsce rating z A- do BBB+, nadw\u0105tliwszy w ten spos\u00f3b zaufanie do Polski ze strony zagranicznych inwestor\u00f3w. By\u0142o to zaskoczeniem nawet dla ekonomist\u00f3w, kt\u00f3rzy &#8211; powiedzmy eufemistycznie &#8211; nie s\u0105 zwolennikami PiS-u. Nic dziwnego, wszak agencja w uzasadnieniu decyzji stwierdzi\u0142a, \u017ce istotnymi przyczynami decyzji o obni\u017ceniu Polsce ratingu by\u0142y\u2026 dzia\u0142ania polityczno-legislacyjne rz\u0105dz\u0105cej partii. Nie posz\u0142o wi\u0119c o rozhulany wydatkami bud\u017cet, mog\u0105cy stanowi\u0107 zagro\u017cenie dla stabilno\u015bci finansowej Polski, lecz o Trybuna\u0142, media i tak dalej. Co ciekawe, nad spraw\u0105 unosi si\u0119 sw\u0105d co najmniej kilku w\u0105tpliwej jako\u015bci pieczeni pichconych na ogniu rozpalonym przez S&amp;P &#8211; wszak dzie\u0144 przed og\u0142oszeniem ni\u017cszego ratingu kurs z\u0142ot\u00f3wki wyra\u017anie t\u0105pn\u0105\u0142 co oznacza, \u017ce kto\u015b ju\u017c wcze\u015bniej zna\u0142 plany agencji i doskonale zdawa\u0142 sobie spraw\u0119 ze skutk\u00f3w, jakie dla polskiej waluty przyniesie jej decyzja.<\/p><p>Interesuj\u0105ce jest r\u00f3wnie\u017c to, \u017ce obni\u017cenie Polsce ratingu celuje nie tylko w obecn\u0105 w\u0142adz\u0119, ale po prostu w Polak\u00f3w. S\u0142aba z\u0142ot\u00f3wka to przede wszystkim wy\u017csza cena importu, wyhamowanie spadku cen paliw no i k\u0142opot z wymian\u0105 z\u0142ot\u00f3wek na obc\u0105 walut\u0119, co zw\u0142aszcza w okresie ferii zimowych mo\u017ce popsu\u0107 niekt\u00f3rym humory. Szcz\u0119\u015bliwie decyzja S&amp;P nie zrobi\u0142a wra\u017cenia na pozosta\u0142ych agencjach, kt\u00f3re zachowa\u0142y korzystny dla Polski rating. Jednak z pewno\u015bci\u0105 jest to zapowied\u017a k\u0142opot\u00f3w, kt\u00f3re mog\u0105 pokrzy\u017cowa\u0107 socjotechniczn\u0105 rozgrywk\u0119 Jaros\u0142awa Kaczy\u0144skiego. Ten\u017ce, jak si\u0119 zdaje, ma prost\u0105 strategi\u0119 na osi\u0105ganie swoich cel\u00f3w, a r\u00f3wnocze\u015bnie utrzymanie poparcie. To model \u201ewojny na g\u00f3rze\u201d, ale pokoju i dostatku \u201ena dole\u201d. S&amp;P tymczasem sygnalizuje wyra\u017an\u0105 niech\u0119\u0107 nawet do\u2026 obietnic PiS, wszak tak\u017ce nimi motywowa\u0142a swoje stanowisko. Inna sprawa, na ile sama agencja jest wiarygodna. Przypomnijmy, \u017ce r\u00f3wnie\u017c jej analitycy obni\u017cali rating W\u0119grom, gdy premierem po raz drugi zosta\u0142 Viktor Orban.<\/p><p>Trudno wi\u0119c oprze\u0107 si\u0119 wra\u017ceniu, \u017ce za obni\u017ceniem ratingu w Polsce mog\u0105 sta\u0107 lobby\u015bci finansowi, czy &#8211; szerzej &#8211; zagraniczni inwestorzy. Wszak niedawno sejm zatwierdzi\u0142 podatek bankowy, a ustawa o opodatkowaniu sklep\u00f3w wielkopowierzchniowych najpewniej nied\u0142ugo wejdzie w \u017cycie. Chyba, \u017ce rz\u0105d jednak ugnie si\u0119 pod naciskiem agencji ratingowej i zmodyfikuje nieco nie tylko planowane w najbli\u017cszym czasie zmiany, ale r\u00f3wnie\u017c\u2026 obietnice.<\/p><p><strong>Tryumf realpolitik<\/strong><\/p><p>Myli si\u0119 ten, kto s\u0105dzi, \u017ce szar\u017ce Martina Schultza i krytyczne wypowiedzi innych unijnych urz\u0119dnik\u00f3w to jedynie efekt \u015bwietnych kontakt\u00f3w na europejskich salonach lewicowych dziennikarzy oraz polityk\u00f3w PO czy jej sukcesora &#8211; Nowoczesnej. Owszem, truj\u0105ce podszepty zawsze daj\u0105 or\u0119\u017c, ale g\u0142\u00f3wnym celem &#8211; szczeg\u00f3lnie Niemc\u00f3w obsadzonych na wysokich stanowiskach w Brukseli &#8211; jest wprowadzenie na agend\u0119 tematu-wydmuszki, jakim jest rzekoma dyktatura Kaczy\u0144skiego w Polsce. Dzi\u0119ki temu cichn\u0105 dyskusje na tematy powa\u017cne, jak chocia\u017cby kwestia gazoci\u0105gu Nord Stream 2, kt\u00f3rego powstanie nie tylko celuje w nasze interesy, ale stanowi tak\u017ce dow\u00f3d na to, i\u017c rachityczne pr\u00f3by izolacji Rosji przez kraje Unii Europejskiej to politpoprawny humbug. M\u00f3wi\u0105c j\u0119zykiem prof. Andrzeja Nowaka, realpolitik zwyci\u0119\u017ca nad poprawno\u015bciowym gorsetem, uszytym z pi\u0119knych, acz niezbyt praktycznych komuna\u0142\u00f3w o solidarno\u015bci ze s\u0142abszymi.<\/p><p>Niemcy zreszt\u0105 zaprezentowali istn\u0105 pogard\u0119 dla unijnych instytucji, tak zachwalanych przez szeroki kr\u0105g elit naszego kraju. W ekspresowym tempie bowiem niemiecki urz\u0105d antymonopolowy oceni\u0142, \u017ce nie dostrzega nic niepokoj\u0105cego w kolejnej nitce gazoci\u0105gu p\u00f3\u0142nocnego, za\u015b decyzj\u0119 t\u0119 og\u0142osi\u0142 18 grudnia, czyli w dniu, w kt\u00f3rym sprawa Nord Stream 2 omawiana by\u0142a na unijnym szczycie. Kto\u015b powie, \u017ce to przypadek, ale nawet je\u015bli, to \u015bwiadczy on o tym, \u017ce w\u0142adze niemieckie za nic maj\u0105 wszystkie te szczyty, obrady i europejskie parlamenty no, chyba \u017ce akurat trzeba na nich ugra\u0107 co\u015b dla siebie, jak to mia\u0142o miejsce w przypadku ustale\u0144 klimatycznych. By\u0142o nie by\u0142o, nikt w Niemczech nie zadba\u0142 o to, by kwesti\u0105 porozumienia z Rosj\u0105 zaj\u0105\u0107 si\u0119 po cichu, tote\u017c zdecydowane posuni\u0119cia Kaczy\u0144skiego spad\u0142y Berlinowi niczym manna z nieba &#8211; w sam raz, by rozgrza\u0107 telewizory i drukarnie tematem pe\u0142zaj\u0105cego totalitaryzmu w Polsce.<\/p><p>Innym problemem, skutecznie zag\u0142uszanym przez unijnych polityk\u00f3w jest kwesti\u0105 imigrant\u00f3w, a \u015bci\u015blej: plany ich rozmieszczenia i wypracowania w tej sprawie porozumienia z Turcj\u0105. To w tym kraju koczuje bowiem jeszcze blisko 2 mln uciekinier\u00f3w z Bliskiego Wschodu, a przecie\u017c nie trzeba nikomu wyja\u015bnia\u0107, \u017ce ich kolejna inwazja na Europ\u0119 powa\u017cnie wstrz\u0105\u015bnie instytucjonalnymi fundamentami Unii oraz zagrozi &#8211; i tak ju\u017c nadwer\u0119\u017conym &#8211; sieciom bezpiecze\u0144stwa poszczeg\u00f3lnych pa\u0144stw, szczeg\u00f3lnie tych bogatszych. Angela Merkel wydaje si\u0119 nieco zagubiona, wszak jej nie\u015bmia\u0142ym pomys\u0142em jest zaproponowanie Turkom cz\u0142onkostwa w Unii Europejskiej, kt\u00f3re to stanowi jeden z cel\u00f3w strategicznych, jakie wyznaczy\u0142a sobie Ankara. Nie wiadomo jednak do ko\u0144ca, w jaki spos\u00f3b taka oferta mo\u017ce pom\u00f3c rozwi\u0105za\u0107 obecne problemy Niemiec i Europy. Faktem jest jednak, \u017ce im mniej si\u0119 o tym m\u00f3w, tym lepiej. Ostra krytyka Polski przez Bruksel\u0119 i niemieckie media, z pewno\u015bci\u0105 stanowi te\u017c form\u0119 presji, wszak obecnie, gdy wa\u017c\u0105 si\u0119 losy \u201erozwi\u0105zania\u201d pierwszego, wielkiego kryzysu imigranckiego, Warszawa nie mo\u017ce skrewi\u0107 i postawi\u0107 weta. \u00a0\u0179e tak si\u0119 nie stanie, mo\u017cna zauwa\u017cy\u0107 po wypowiedziach polskich dyplomat\u00f3w. Ich stanowisko jest o wiele bardziej koncyliacyjne ni\u017c stanowisko PiS w czasie kampanii wyborczej.\u00a0Nie ma ju\u017c mowy o wypowiadaniu zgody na przyj\u0119cie przymusowych kwot imigrant\u00f3w, ani te\u017c o konieczno\u015bci &#8211; ta kwestia by\u0142a niezwykle cz\u0119sto podkre\u015blana przez obecn\u0105 premier i prezydenta &#8211; ws\u0142uchiwania si\u0119 w g\u0142os Polak\u00f3w. W zamian pojawia si\u0119 narracja o \u201ez\u0142ej Platformie\u201d, kt\u00f3ra zgodzi\u0142a si\u0119 na przyj\u0119cie imigrant\u00f3w i \u201erozdartym PiSie\u201d, kt\u00f3ry na \u00f3w pomys\u0142 musi przysta\u0107.<\/p><p><strong>Wysokie stawki<\/strong><\/p><p>Oswojeni ju\u017c z demonstracjami KOD-u, antyrz\u0105dowymi tyradami zwalnianych z medi\u00f3w publicznych dziennikarzy czy redakcji tych gazet, kt\u00f3re najwi\u0119cej trac\u0105 na zmianie rz\u0105d\u00f3w, cz\u0119sto dostrzegamy w wypowiedziach unijnych polityk\u00f3w efekt \u201eczarnej propagandy\u201d, jak\u0105 przeciwnicy PiS rozsiewaj\u0105 za granic\u0105. Jest w tym, owszem, ziarno prawdy. Ale w ca\u0142ej tej wojnie propagandowej, wypowiedzianej Warszawie przez Bruksel\u0119, chodzi o znacznie powa\u017cniejsze sprawy ni\u017c polska demokracja, TVP czy Trybuna\u0142 Konstytucyjny. Tam na boisko wyszli naprawd\u0119 duzi ch\u0142opcy. Tacy, kt\u00f3rzy wiedz\u0105, \u017ce gra toczy si\u0119 o rzeczywi\u015bcie wysokie stawki.<\/p><p><strong><em>Krzysztof G\u0119d\u0142ek<\/em><\/strong><\/p>","protected":false},"excerpt":{"rendered":"Za alarmem obwieszczaj\u0105cym \u015bmier\u0107 polskiej demokracji nie kryje si\u0119 &#8211; cho\u0107by i wydumana &#8211; troska Brukseli o nasz kraj. To tylko zas\u0142ona dymna, maskuj\u0105ca prawdziw\u0105 gr\u0119 interes\u00f3w toczon\u0105 przez polityk\u00f3w, kt\u00f3rzy bij\u0105 si\u0119 o wielkie stawki.W relacjach mi\u0119dzy pa\u0144stwami licz\u0105 si\u0119 tylko si\u0142a i s\u0142abo\u015b\u0107 &#8211; ten znany cytat z Romana Dmowskiego upodoba\u0142o sobie niema\u0142e [&hellip;]","protected":false},"author":1,"featured_media":0,"comment_status":"closed","ping_status":"closed","sticky":false,"template":"","format":"standard","meta":{"_acf_changed":false,"_monsterinsights_skip_tracking":false,"_monsterinsights_sitenote_active":false,"_monsterinsights_sitenote_note":"","_monsterinsights_sitenote_category":0,"ngg_post_thumbnail":0,"footnotes":"","_wp_rev_ctl_limit":""},"categories":[9],"tags":[65,147,23,98],"acf":[],"_links":{"self":[{"href":"https:\/\/www.bibula.com\/index.php?rest_route=\/wp\/v2\/posts\/85321"}],"collection":[{"href":"https:\/\/www.bibula.com\/index.php?rest_route=\/wp\/v2\/posts"}],"about":[{"href":"https:\/\/www.bibula.com\/index.php?rest_route=\/wp\/v2\/types\/post"}],"author":[{"embeddable":true,"href":"https:\/\/www.bibula.com\/index.php?rest_route=\/wp\/v2\/users\/1"}],"replies":[{"embeddable":true,"href":"https:\/\/www.bibula.com\/index.php?rest_route=%2Fwp%2Fv2%2Fcomments&post=85321"}],"version-history":[{"count":0,"href":"https:\/\/www.bibula.com\/index.php?rest_route=\/wp\/v2\/posts\/85321\/revisions"}],"wp:attachment":[{"href":"https:\/\/www.bibula.com\/index.php?rest_route=%2Fwp%2Fv2%2Fmedia&parent=85321"}],"wp:term":[{"taxonomy":"category","embeddable":true,"href":"https:\/\/www.bibula.com\/index.php?rest_route=%2Fwp%2Fv2%2Fcategories&post=85321"},{"taxonomy":"post_tag","embeddable":true,"href":"https:\/\/www.bibula.com\/index.php?rest_route=%2Fwp%2Fv2%2Ftags&post=85321"}],"curies":[{"name":"wp","href":"https:\/\/api.w.org\/{rel}","templated":true}]}}