{"id":85263,"date":"2016-01-15T16:57:49","date_gmt":"2016-01-15T21:57:49","guid":{"rendered":"http:\/\/www.bibula.com\/?p=85263"},"modified":"2016-01-15T16:57:49","modified_gmt":"2016-01-15T21:57:49","slug":"tworcy-karty-polaka-przyznaja-nowelizacja-ustawy-przyczyni-sie-do-depolonizacji-kresow","status":"publish","type":"post","link":"https:\/\/www.bibula.com\/?p=85263","title":{"rendered":"Tw\u00f3rcy Karty Polaka przyznaj\u0105: nowelizacja ustawy przyczyni si\u0119 do depolonizacji Kres\u00f3w"},"content":{"rendered":"<p><strong>W rozmowie z Kresami.pl przewodnicz\u0105cy sejmowej Komisji \u0141\u0105czno\u015bci z Polakami za Granic\u0105 Micha\u0142 Dworczyk przyzna\u0142, \u017ce w zwi\u0105zku z nowelizacj\u0105 ustawy o Karcie Polaka spodziewa si\u0119, \u017ce m\u0142odzi Polacy zaczn\u0105 opuszcza\u0107 Kresy. Dzia\u0142acze kresowi alarmuj\u0105, \u017ce doprowadzi to do ich faktycznej depolonizacji.<\/strong><\/p><p>Pose\u0142 PiS i przewodnicz\u0105cy sejmowej Komisji \u0141\u0105czno\u015bci z Polakami za Granic\u0105 Micha\u0142 Dworczyk przyznaje w rozmowie z Kresami.pl, \u017ce nowelizacja ustawy o karcie Polaka, nad kt\u00f3r\u0105 pracuje Sejm, mo\u017ce doprowadzi\u0107 do zwi\u0119kszenia liczby os\u00f3b opuszczaj\u0105cych tereny Kres\u00f3w Wschodnich.<\/p><p><em>\u201eUwa\u017cam, \u017ce pa\u0144stwo polskie ma moralne zobowi\u0105zania wobec Polak\u00f3w na Wschodzie. W szczeg\u00f3lno\u015bci tych, kt\u00f3rych si\u0142\u0105 pozbawiono obywatelstwa polskiego i od kt\u00f3rych polskie granice si\u0119 odsun\u0119\u0142y. Pa\u0144stwo polskie powinno skutecznie im pomaga\u0107. Moim zdaniem, nie mamy prawa, tak\u017ce jako pa\u0144stwo, aby narzuca\u0107 im jakie\u015b rozwi\u0105zania\u201d <\/em>&#8211; powiedzia\u0142 Kresom.pl pose\u0142 Dworczyk.<\/p><p>Na kwesti\u0119 ryzyka depolonizacji Kres\u00f3w w zwi\u0105zku z nowelizacj\u0105 ustawy <span style=\"text-decoration: underline;\"><a href=\"http:\/\/www.kresy.pl\/wydarzenia,polityka?zobacz\/projekt-nowelizacji-ustawy-o-karcie-polaka-w-sejmie-kresowianie-zglaszaja-watpliwosci\">zwr\u00f3cono uwag\u0119 w li\u015bcie wystosowanym przez Konfederacj\u0119 Obywateli Kres\u00f3w<\/a><\/span>. Skierowano go m.in. do komisji sejmowej. Zwr\u00f3cono w nim uwag\u0119, \u017ce stwarza ona <em><strong>\u201ewarunki do repatriacji, a w konsekwencji do ca\u0142kowitej depolonizacji polskiego terytorium pa\u0144stwowego Pierwszej i Drugiej Rzeczypospolitej, do wykorzenienia tamtejszych Polak\u00f3w\u201d<\/strong>.<\/em> Zaznaczono, \u017ce pa\u0144stwo polskie <strong><em>\u201eoferuje Polakom korzy\u015bci finansowe w zamian za opuszczenie stron rodzinnych\u201d<\/em><\/strong>, co podobnie jak stalinowskie deportacje os\u0142abi polsko\u015b\u0107 na tamtych terenach i w spos\u00f3b nieodwracalny zniszczy \u017ar\u00f3d\u0142a polskiej to\u017csamo\u015bci narodowej.<\/p><ul><li>PRZECZYTAJ: <a href=\"http:\/\/www.kresy.pl\/wydarzenia,polityka?zobacz\/projekt-nowelizacji-ustawy-o-karcie-polaka-w-sejmie-kresowianie-zglaszaja-watpliwosci\"><strong>Projekt nowelizacji ustawy o Karcie Polaka w Sejmie. Kresowianie zg\u0142aszaj\u0105 w\u0105tpliwo\u015bci<\/strong><\/a><\/li><\/ul><p>Pose\u0142 Dworczyk nie zgadza si\u0119 z tymi zarzutami. Uwa\u017ca, \u017ce powinno si\u0119 stworzy\u0107 mo\u017cliwo\u015b\u0107 jak najbardziej efektywnego wsparcia os\u00f3b, kt\u00f3re decyduj\u0105 si\u0119 pozosta\u0107 na Kresach.<em> \u201ePowinni\u015bmy zabiega\u0107 o to, aby osobom, kt\u00f3re zostaj\u0105, zapewni\u0107 jak najlepsze warunki do \u017cycia i podtrzymywania kultury i j\u0119zyka polskiego\u201d <\/em>&#8211; m\u00f3wi. Jednocze\u015bnie stwierdza, \u017ce ch\u0119tnym nale\u017cy stworzy\u0107 mo\u017cliwo\u015b\u0107 przyjazdu do Polski. Jak t\u0142umaczy, nie jest to spowodowane kwestiami demograficznymi, ale tym, \u017ce ich przodkowie zostali w okrutny spos\u00f3b potraktowani przez los i histori\u0119. Uwa\u017ca, \u017ce mamy obowi\u0105zek umo\u017cliwienia im zamieszkania w Polsce.<\/p><p><em>\u201eJestem przeciwny temu, by komu\u015b organizowa\u0107 \u017cycie, czyni\u0107 \u015bwiat lepszym lub organizowa\u0107 jakie\u015b projekty polityczne nie swoimi a cudzymi r\u0119kami\u201d<\/em> &#8211; podkre\u015bla pose\u0142. Skrytykowa\u0142 r\u00f3wnie\u017c tych, kt\u00f3rzy oburzaj\u0105 si\u0119 na zaproponowane w nowelizacji rozwi\u0105zanie:<\/p><p><em>\u201eNamawiam takie osoby, kt\u00f3re mocno krytykuj\u0105 rozwi\u0105zania umo\u017cliwiaj\u0105ce takim ludziom przyjazd do Polski, aby sami wyjechali i zamieszkali na ukrai\u0144skiej wsi, bez jakichkolwiek podstawowych wyg\u00f3d i zabezpieczenia, pracowali za 300 z\u0142 miesi\u0119cznie i wychowywali swoje dzieci. Niech sami dadz\u0105 \u015bwiadectwo, jak w takich warunkach zachowa\u0107 polsko\u015b\u0107 na Kresach. Dla mnie to jest po prostu niedopuszczalne\u201d.<\/em><\/p><p>W rozmowie z jedn\u0105 ze stacji telewizyjnych Micha\u0142 Dworczyk, powo\u0142uj\u0105c si\u0119 na szacunki MSW stwierdzi\u0142, \u017ce szacunkowo ka\u017cdego roku ch\u0119\u0107 przyjazdu do Polski mo\u017ce zadeklarowa\u0107 co najmniej 10 tys. os\u00f3b. St\u0105d w perspektywie kilku lat mo\u017cna spodziewa\u0107 si\u0119, \u017ce ze Wschodu, w tym z Kres\u00f3w, do Polski przyjedzie kilkadziesi\u0105t, a mo\u017ce nawet 100 tys. os\u00f3b.<\/p><p>Zdaniem Ewy Szakalickiej z Federacji Organizacji Kresowej, podpisanej pod listem Konfederacji Obywateli Kres\u00f3w, nowelizacja ustawy jest bardzo wa\u017cna, a jej skutki mog\u0105 by\u0107 bardzo z\u0142e. Jej zdaniem prace prowadzone s\u0105 w ekspresowym tempie, uniemo\u017cliwiaj\u0105cym konsultacje i dyskusje. <strong>Zaznacza, \u017ce nowe prawo doprowadzi do depolonizacji Kres\u00f3w.<\/strong><\/p><p><em>\u201eLudzie w Kazachstanie czekaj\u0105 15 lat, \u017ceby przyjecha\u0107 do Polski, a oni b\u0119d\u0105 \u015bci\u0105ga\u0107 Polak\u00f3w z Grodna\u201d <\/em>&#8211; m\u00f3wi Kresom.pl Szakalicka.<\/p><p>Zgodnie z zapisami nowelizacji, posiadacz Karty Polaka osiedlaj\u0105cy si\u0119 w Polsce b\u0119dzie m\u00f3g\u0142 bez \u017cadnych koszt\u00f3w wyst\u0105pi\u0107 o kart\u0119 sta\u0142ego pobytu, a po roku stara\u0107 si\u0119 o polskie obywatelstwo. Szakalicka zastanawia si\u0119, dlaczego w takim wypadku nie nada\u0107 obywatelstwa Polakom mieszkaj\u0105cym na Kresach. <em>\u201e<strong>Karta Polaka nie polega na repatriacji, a w zasadzie pr\u00f3buj\u0119 si\u0119 z niej zrobi\u0107 narz\u0119dzie do ekspatriacji naszych Kres\u00f3w\u201d <\/strong><\/em>&#8211; zaznacza. Jej zdaniem, Polacy mieszkaj\u0105cy na tamtych terenach, szczeg\u00f3lnie m\u0142odzi, b\u0119d\u0105 w zasadzie \u201ekupowani\u201d.<\/p><p>Szakalicka m\u00f3wi, \u017ce w tej sprawie kontaktowa\u0142o si\u0119 z ni\u0105 bardzo du\u017co ludzi ze Wschodu, kt\u00f3rzy obawiaj\u0105 si\u0119 zapis\u00f3w zawartych w nowelizacji. Sprawa konsultowana by\u0142a r\u00f3wnie\u017c z organizacjami kresowymi, a tak\u017ce z lud\u017ami z Kres\u00f3w, w tym z przedstawicielami Polak\u00f3w na Litwie, na Bia\u0142orusi i na Ukrainie. T\u0142umaczy, \u017ce <strong>obawiaj\u0105 si\u0119 oni szczeg\u00f3lnie odp\u0142ywu m\u0142odych ludzi.<\/strong><\/p><p><em>\u201eJe\u015bli tak traktuje si\u0119 Polak\u00f3w, \u017ce mo\u017cna ich ot tak przesun\u0105\u0107, to znaczy, \u017ce oni podzielaj\u0105 zdanie nacjonalist\u00f3w ukrai\u0144skich, litewskich i bia\u0142oruskich, a nawet bolszewik\u00f3w i Niemc\u00f3w &#8211; tych, kt\u00f3rzy tak traktowali Polak\u00f3w na Kresach\u201d <\/em>&#8211; zaznacza Ewa Szakalicka.<em> \u201eMy stoimy na stanowisku restytucji i wzmacniania polsko\u015bci, a nie jej wyja\u0142awiania\u201d<\/em> \u00a0&#8211; dodaje.<\/p><p>Krytycznie do koncepcji nowelizacji odnosi si\u0119 tak\u017ce dr Robert Wyszy\u0144ski, socjolog z UW, by\u0142y dyrektor Instytutu Kresowego w Warszawie. Jego zdaniem celem Karty Polaka powinno by\u0107 wzmacnianie kulturowe i ekonomiczne Polak\u00f3w i polsko\u015bci na Kresach, a nie prowadzenie w oparciu o ni\u0105 akcji przesiedle\u0144czej. Uwa\u017ca, \u017ce tego rodzaju dzia\u0142ania mog\u0105 by\u0107 niebezpieczne, gdy\u017c dzi\u0119ki temu mo\u017ce zosta\u0107 zrealizowany m.in. jeden z podstawowych postulat\u00f3w litewskich nacjonalist\u00f3w &#8211; by Polacy pojechali sobie do Polski.<\/p><p>Dr Wyszy\u0144ski za wz\u00f3r rozwi\u0105zania w zakresie przywileju ojczy\u017anianego stawia Kart\u0119 W\u0119gra i Kart\u0119 Rodziny W\u0119gra. Podkre\u015bla r\u00f3wnie\u017c kompleksowo\u015b\u0107 rozwi\u0105za\u0144 stosowanych przez Budapeszt wzgl\u0119dem swojej mniejszo\u015bci, m.in. na Ukrainie, szczeg\u00f3lnie na Zakarpaciu. Funkcjonuje tam sie\u0107 w\u0119gierskich szk\u00f3\u0142, w tym licea i uniwersytet. Oferta ta jest skierowana przede wszystkim do ludzi m\u0142odych i dzieci -do m\u0142odego pokolenia, kt\u00f3re nie wyje\u017cd\u017ca, ale buduje to\u017csamo\u015b\u0107 w\u0119giersk\u0105. Za konieczne uwa\u017ca rozbudow\u0119 i wspieranie polskiej edukacji na Kresach.<\/p><p>Zdaniem socjologa, <strong>Karta Polaka powinna by\u0107 tak skonstruowana, \u017ceby umo\u017cliwi\u0107 m\u0142odemu pokoleniu wej\u015bcie w polsko\u015b\u0107.<\/strong> Dodaje, \u017ce obecnie takiej wizji nie ma. Karta Polaka nie posiada w zasadzie \u017cadnych rozwi\u0105za\u0144 umacniaj\u0105cych na Kresach polsko\u015b\u0107 kulturowo czy edukacyjnie. Nie uwzgl\u0119dnia r\u00f3wnie\u017c kwestii rodzin mieszanych.<\/p><p>W li\u015bcie KOK zapytano r\u00f3wnie\u017c, dlaczego pomini\u0119to kwesti\u0119 przyznania Polakom ze Wschodu<em> \u201echo\u0107by biernego prawa wyborczego\u201d. <strong>\u201eJe\u017celi chcemy Polak\u00f3w ze Wschodu upodmiotowi\u0107, powinni\u015bmy da\u0107 im prawo g\u0142osu poprzez potwierdzenie polskiego obywatelstwa\u201d<\/strong><\/em> &#8211; stwierdzono.<\/p><p>Dr Wyszy\u0144ski zauwa\u017ca, \u017ce w proponowanym rozwi\u0105zaniu oferuje si\u0119 faktycznie, \u017ceby osoba z Kart\u0105 Polaka, kt\u00f3ra zdecyduje si\u0119 na przyjazd do Polski, mog\u0142a po do\u015b\u0107 kr\u00f3tkim czasie uzyska\u0107 obywatelstwo, a tak\u017ce prawa wyborcze. Kt\u00f3rych z kolei b\u0119d\u0105 pozbawieni Polacy, kt\u00f3rzy pozostan\u0105 w swoich rodzinnych stronach. Jego zdaniem, nadanie tamtejszym Polakom biernego prawa wyborczego da im mo\u017cliwo\u015b\u0107 realnego wp\u0142ywu na sytuacj\u0119.<\/p><p>Inn\u0105 kwesti\u0105, kt\u00f3ra wzbudzi\u0142a kontrowersje, by\u0142y konsultacje spo\u0142eczne ws. nowelizacji. Pose\u0142 Dworczyk odni\u00f3s\u0142 si\u0119 do tego zarzutu:<\/p><p><em>\u201eDo ponad 130 organizacji polskich na Wschodzie wys\u0142ali\u015bmy pro\u015bby o opinie. Otrzymali\u015bmy kilkana\u015bcie odpowiedzi\u201d <\/em>&#8211; powiedzia\u0142. Cz\u0119\u015b\u0107 z nich by\u0142a pozytywna, a cz\u0119\u015b\u0107 zawiera\u0142a postulaty, zdaniem pos\u0142a, nie do spe\u0142nienia. Zaznacza, \u017ce propozycje zawarte w odpowiedziach nierzadko by\u0142y ze sob\u0105 sprzeczne. \u00a0\u00a0<\/p><p>Pose\u0142 Dworczyk nie zgadza si\u0119 z tym, \u017ce nowelizacja spowoduje zdominowanie przez MSZ ca\u0142ej procedury, szczeg\u00f3lnie odwo\u0142awczej. T\u0142umaczy, \u017ce komisja ds. \u0142\u0105czno\u015bci z Polakami za granic\u0105 nie zgodzi\u0142a si\u0119 z wnioskiem MSZ, by szef tego resortu to by\u0142a organem odwo\u0142awczy. Uznano, \u017ce powinno to by\u0107 cia\u0142o kolegialne, z\u0142o\u017cone z os\u00f3b spoza resortu, by zachowa\u0107 jego obiektywizm.<em> \u201eZmiana polega na tym, \u017ce tego zespo\u0142u nie b\u0119dzie obs\u0142ugiwa\u0142a KPRM, ale ministerstwo spraw zagranicznych\u201d<\/em>. Jego zdaniem, ma to stanowi\u0107 u\u0142atwienie, m.in. ze wzgl\u0119du na dost\u0119p do odpowiednich baz danych.<\/p><p>Szef komisji \u0142\u0105czno\u015bci z Polakami za granic\u0105 prostuje r\u00f3wnie\u017c informacje, \u017ce \u015brodki na realizacj\u0119 ustawy o Karcie Polaka maj\u0105 pochodzi\u0107 z dotacji celowej na repatriacj\u0119:<\/p><p><em>\u201eW tym roku \u015brodki przej\u015bciowo b\u0119d\u0105 pochodzi\u0142y z rezerwy celowej na repatriacj\u0119. Mamy pewno\u015b\u0107, \u017ce co najmniej po\u0142owa \u015brodk\u00f3w z tej rezerwy nie zostanie wykorzystana. W zwi\u0105zku z tym zostan\u0105 one przeznaczone realizacj\u0119 nowelizacji ustawy o KP\u201d <\/em>&#8211; powiedzia\u0142 Dworczyk. Z szacunk\u00f3w wynika, \u017ce w gr\u0119 mo\u017ce wchodzi\u0107 kwota oko\u0142o 15 mln z\u0142otych. Z kolei w przysz\u0142ym roku ustawa przewiduje utworzenie oddzielnej rezerwy celowej, przeznaczonej wy\u0142\u0105cznie na realizacj\u0119 ustawy o KP. Ma ona wej\u015b\u0107 w \u017cycie w po\u0142owie roku.<\/p><p><strong>Kresy.pl<\/strong><\/p>","protected":false},"excerpt":{"rendered":"W rozmowie z Kresami.pl przewodnicz\u0105cy sejmowej Komisji \u0141\u0105czno\u015bci z Polakami za Granic\u0105 Micha\u0142 Dworczyk przyzna\u0142, \u017ce w zwi\u0105zku z nowelizacj\u0105 ustawy o Karcie Polaka spodziewa si\u0119, \u017ce m\u0142odzi Polacy zaczn\u0105 opuszcza\u0107 Kresy. Dzia\u0142acze kresowi alarmuj\u0105, \u017ce doprowadzi to do ich faktycznej depolonizacji.Pose\u0142 PiS i przewodnicz\u0105cy sejmowej Komisji \u0141\u0105czno\u015bci z Polakami za Granic\u0105 Micha\u0142 Dworczyk przyznaje [&hellip;]","protected":false},"author":1,"featured_media":0,"comment_status":"closed","ping_status":"closed","sticky":false,"template":"","format":"standard","meta":{"_acf_changed":false,"_monsterinsights_skip_tracking":false,"_monsterinsights_sitenote_active":false,"_monsterinsights_sitenote_note":"","_monsterinsights_sitenote_category":0,"ngg_post_thumbnail":0,"footnotes":"","_wp_rev_ctl_limit":""},"categories":[215],"tags":[98,188],"acf":[],"_links":{"self":[{"href":"https:\/\/www.bibula.com\/index.php?rest_route=\/wp\/v2\/posts\/85263"}],"collection":[{"href":"https:\/\/www.bibula.com\/index.php?rest_route=\/wp\/v2\/posts"}],"about":[{"href":"https:\/\/www.bibula.com\/index.php?rest_route=\/wp\/v2\/types\/post"}],"author":[{"embeddable":true,"href":"https:\/\/www.bibula.com\/index.php?rest_route=\/wp\/v2\/users\/1"}],"replies":[{"embeddable":true,"href":"https:\/\/www.bibula.com\/index.php?rest_route=%2Fwp%2Fv2%2Fcomments&post=85263"}],"version-history":[{"count":0,"href":"https:\/\/www.bibula.com\/index.php?rest_route=\/wp\/v2\/posts\/85263\/revisions"}],"wp:attachment":[{"href":"https:\/\/www.bibula.com\/index.php?rest_route=%2Fwp%2Fv2%2Fmedia&parent=85263"}],"wp:term":[{"taxonomy":"category","embeddable":true,"href":"https:\/\/www.bibula.com\/index.php?rest_route=%2Fwp%2Fv2%2Fcategories&post=85263"},{"taxonomy":"post_tag","embeddable":true,"href":"https:\/\/www.bibula.com\/index.php?rest_route=%2Fwp%2Fv2%2Ftags&post=85263"}],"curies":[{"name":"wp","href":"https:\/\/api.w.org\/{rel}","templated":true}]}}