{"id":85248,"date":"2016-01-15T10:03:37","date_gmt":"2016-01-15T15:03:37","guid":{"rendered":"http:\/\/www.bibula.com\/?p=85248"},"modified":"2016-01-15T10:03:37","modified_gmt":"2016-01-15T15:03:37","slug":"agenturalna-podszewka-demokracji","status":"publish","type":"post","link":"https:\/\/www.bibula.com\/?p=85248","title":{"rendered":"Agenturalna podszewka demokracji"},"content":{"rendered":"<p>Poniewa\u017c w ostatni\u0105 niedziel\u0119 (\u201e<i>ta ostatnia niedziela&#8230;<\/i>\u201d) rz\u0105d dusz w naszym nieszcz\u0119\u015bliwym kraju zosta\u0142 oddany w wypr\u00f3bowane r\u0119ce \u201e<i>Jurka Owsiaka<\/i>\u201d do tego stopnia, \u017ce rzecznik wroc\u0142awskiej kurii, przewielebny ksi\u0105dz Rafa\u0142 Kowalski nawet og\u0142osi\u0142 nowy grzech &#8211; to wszystkie inne sprawy si\u0142\u0105 rzeczy zesz\u0142y na plan dalszy. Grzechem mianowicie jest \u201e<i>oczernianie<\/i>\u201d Wielkiej Orkiestry \u015awi\u0105tecznej Pomocy. Znaczy &#8211; o Orkiestrze, jak o nieboszczykach &#8211; nihil nisi bene. Ciekawe, kiedy ten grzech zostanie uchylony, bo grzechy sezonowe miewaj\u0105 kr\u00f3tki \u017cywot. W roku 1995, mi\u0119dzy pierwsz\u0105 a drug\u0105 tur\u0105 wybor\u00f3w prezydenckich, JE bp Tadeusz Pieronek og\u0142osi\u0142 w mediach nowy grzech &#8211; \u017ce mianowicie grzechem jest powstrzymanie si\u0119 od udzia\u0142u w g\u0142osowaniu. Kiedy jednak w II turze wygra\u0142 Aleksander Kwa\u015bniewski, Ekscelencja nie tylko wspomniany grzech odwo\u0142a\u0142, ale w dodatku pryncypialnie skrytykowa\u0142 \u201e<i>tych, kt\u00f3rzy nadu\u017cywaj\u0105 religii do cel\u00f3w politycznych<\/i>\u201d, mi\u0119dzy innymi poprzez og\u0142aszanie nowych grzech\u00f3w. Poniewa\u017c w zwi\u0105zku z przej\u015bciem rz\u0105du dusz w wypr\u00f3bowane r\u0119ce \u201e<i>Jurka Owsiaka<\/i>\u201d wszystkie sprawy zesz\u0142y na plan dalszy, to bez echa przesz\u0142a informacja podana przez pana red. Gmyza, \u017ce Centrum Eksperckie Kontrwywiadu NATO przygotowywa\u0142o interpelacje dla pos\u0142\u00f3w Platformy Obywatelskiej, kt\u00f3rzy &#8211; jak na przyk\u0142ad pose\u0142 Krzysztof Brejza &#8211; po prostu przepisywali je in extenso, podczas gdy inni, jak na przyk\u0142ad pose\u0142 Marek Biernacki, swoje interpelacje pr\u00f3bowa\u0142 wzbogaca\u0107 w\u0142asnym tw\u00f3rczym wk\u0142adem, to znaczy &#8211; pisa\u0107 w\u0142asnymi s\u0142owami, chocia\u017c, ma si\u0119 rozumie\u0107, w granicach wyznaczonych przez oryginaln\u0105 \u015bci\u0105gawk\u0119.<\/p><p>Je\u015bli tedy Centrum Eksperckie Kontrwywiadu NATO przygotowywa\u0142o dla pos\u0142\u00f3w Platformy Obywatelskiej interpelacje, to sk\u0105d mo\u017cemy mie\u0107 pewno\u015b\u0107, \u017ce z tego samego \u017ar\u00f3d\u0142a nie wychodzi\u0142y inne inicjatywy polityczne nie tylko Platformy Obywatelskiej, ale r\u00f3wnie\u017c &#8211; Polskiego Stronnictwa Ludowego, Sojuszu Lewicy Demokratycznej, Twojego Ruchu, firmowanego przez bi\u0142gorajskiego filozofa i Barbar\u0119 Nowack\u0105 oraz innych ugrupowa\u0144 politycznych &#8211; zw\u0142aszcza tych, kt\u00f3re pojawi\u0142y si\u0119 w \u201e<i>dniach ostatnich<\/i>\u201d w ramach po\u015bpiesznego aran\u017cowania tubylczej sceny politycznej dla potrzeb nowego etapu? Takiej pewno\u015bci mie\u0107 nie mo\u017cemy, a to stawia przed nami konieczno\u015b\u0107 odpowiedzi na pytanie o agenturaln\u0105 podszewk\u0119 demokratycznego pa\u0144stwa prawnego &#8211; jak przedstawiana jest III Rzeczpospolita, za spraw\u0105 RAZWIEDUPR-a coraz bardziej przypominaj\u0105ca organizacj\u0119 przest\u0119pcz\u0105 o charakterze zbrojnym. Jest to pytanie o autentyczno\u015b\u0107 naszej m\u0142odej demokracji &#8211; czy nie jest ona przypadkiem tylko kostiumem, rodzajem dekoracji, zakrywaj\u0105cej mechanizm okupacji kraju przez tak zwane \u201e<i>s\u0142u\u017cby<\/i>\u201d, czyli &#8211; disons franchement &#8211; bandy zbrojne, kt\u00f3re B\u00f3g wie, komu tak naprawd\u0119 s\u0142u\u017c\u0105, bo pewne wydaje si\u0119 tylko jedno &#8211; \u017ce nie Polsce.<\/p><p>A wydaje si\u0119 to pewne z prostego powodu. Oto w drugiej po\u0142owie lat 80-tych, kiedy po spotkaniu Ronalda Reagana z Micha\u0142em Gorbaczowem w Reykjaviku w roku 1986 okaza\u0142o si\u0119, \u017ce istotnym elementem nowego porz\u0105dku politycznego w Europie, kt\u00f3ry mia\u0142by zast\u0105pi\u0107 rozsypuj\u0105cy si\u0119 porz\u0105dek ja\u0142ta\u0144ski, b\u0119dzie ewakuacja imperium sowieckiego ze \u015arodkowej Europy, bezpieczniacy, niezale\u017cnie od systemowych nurt\u00f3w przygotowa\u0144 do transformacji ustrojowej &#8211; bo wiadomo by\u0142o, \u017ce po ust\u0105pieniu Sowieciarzy ustr\u00f3j, jakiego \u015bwiat nie widzia\u0142, nie przetrwa nawet dnia d\u0142u\u017cej, bo nikt ju\u017c nie da na to pieni\u0119dzy &#8211; zacz\u0119li na w\u0142asn\u0105 r\u0119k\u0119 szuka\u0107 dla siebie jakiego\u015b zabezpieczenia na wszelki wypadek. Poniewa\u017c zdawali sobie spraw\u0119, \u017ce po ust\u0105pieniu Sowiet\u00f3w nast\u0105pi odwr\u00f3cenie sojuszy, zacz\u0119li przechodzi\u0107 na s\u0142u\u017cb\u0119 do przysz\u0142ych sojusznik\u00f3w, w s\u0142usznym przekonaniu, \u017ce ci nie dadz\u0105 im zrobi\u0107 krzywdy. I tak jest a\u017c do dnia dzisiejszego, bo te zale\u017cno\u015bci reprodukuj\u0105 si\u0119 w kolejnych pokoleniach ubeckich dynastii, zasilaj\u0105cych p\u0105czkuj\u0105ce bezpieczniackie watahy.<\/p><p>Oto przed wyborami w 2007 roku Platforma Obywatelska mia\u0142a przygotowany \u201e<i>gabinet cieni<\/i>\u201d, w kt\u00f3rym kandydatem na ministra obrony narodowej by\u0142 Bogdan Zdrojewski. Kiedy jednak przysz\u0142o do tworzenia rz\u0105du PO-PSL, pan Zdrojewski zosta\u0142 odsuni\u0119ty na ministra kultury, bo pojawi\u0142 si\u0119 lekarz psychiatra Bogdan Klich i to on zosta\u0142 ministrem obrony. Poza psychiatri\u0105 mia\u0142 on te\u017c i inne zwi\u0105zki z wojskowo\u015bci\u0105, by\u0142 bowiem w\u0142a\u015bcicielem Instytutu Studi\u00f3w Strategicznych w Krakowie. Niech nas jednak ta patetyczna nazwa nie zwodzi, bo \u00f3w Instytut zajmowa\u0142 si\u0119 takimi strategicznymi zagadnieniami, jak wp\u0142yw kultury \u017cydowskiej na kultur\u0119 polsk\u0105 i tp. Zasilany by\u0142 jednak pieni\u0119dzmi z Fundacji Adenauera, kt\u00f3ra &#8211; jak wynika z oficjalnych sprawozda\u0144 finansowych &#8211; 95 procent swoich \u015brodk\u00f3w czerpie z subwencji rz\u0105du Republiki Federalnej Niemiec.<\/p><p>Trudno o lepsz\u0105 poszlak\u0119, \u017ce Platforma Obywatelska jest polityczn\u0105 odkrywk\u0105 Stronnictwa Pruskiego, kt\u00f3rego trzon stanowi\u0105 bezpieczniacy w swoim czasie przewerbowani do BND &#8211; a przecie\u017c trudno zapomnie\u0107 o wynurzeniach genera\u0142a Gromos\u0142awa Czempi\u0144skiego, kt\u00f3ry wspomina\u0142, ile to rozm\u00f3w i bliskich spotka\u0144 III stopnia musia\u0142 odby\u0107, \u017ceby w og\u00f3le dosz\u0142o do utworzenia Platformy Obywatelskiej. Ciekawe, jak to wygl\u0105da\u0142o w przypadku Nowoczesnej, gdzie na fasad\u0119 wysuni\u0119ty zosta\u0142 Ryszard Petru. Ju\u017c \u201e<i>wita\u0142 si\u0119 z g\u0105sk\u0105<\/i>\u201d wyg\u0142aszaj\u0105c do zn\u0119kanego narodu or\u0119dzie w charakterze \u201e<i>lidera opozycji<\/i>\u201d, ale RAZWIEDUPR najwyra\u017aniej jeszcze nie zdecydowa\u0142, kogo wysunie na czo\u0142o w charakterze swojej umi\u0142owanej dusze\u0144ki &#8211; czy Ryszarda Petru, czy mo\u017ce jednak Grzegorza Schetyn\u0119 &#8211; bo to jednak Grzegorz Schetyna pomy\u015blnie przeszed\u0142 egzamin w Departamencie Stanu, gdzie podobnie\u017c bezb\u0142\u0119dnie i w dodatku &#8211; zgodnie z kluczem odpowiedzia\u0142 na wszystkie pytania.<\/p><p>Wynik takiego egzaminu musi by\u0107 wi\u0105\u017c\u0105cy r\u00f3wnie\u017c dla RAZWIEDUPR-a, zw\u0142aszcza po 18 czerwca ub. roku, kiedy to wysuni\u0119ta przez tubylczych bezpieczniak\u00f3w i \u017cyrowana przez ubek\u00f3w izraelskich oferta utrzymywania w ryzach mniej warto\u015bciowego narodu tubylczego w zamian za zgod\u0119 na kontynuowanie okupacji Polski, zosta\u0142a przez Amerykan\u00f3w przyj\u0119ta i dlatego w og\u00f3le mamy polityczn\u0105 wojn\u0119. Oczywi\u015bcie nie znaczy to, \u017ce jeden czy drugi ubowniczek nie pr\u00f3buje kombinowa\u0107 sobie na w\u0142asn\u0105 r\u0119k\u0119, zw\u0142aszcza w Centrum Eksperckim Kontrwywiadu NATO, gdzie &#8211; jak to pod latarni\u0105 &#8211; jest najciemniej, na co wskazywa\u0142aby okoliczno\u015b\u0107, \u017ce dopiero w listopadzie ub. roku minister Macierewicz rozwi\u0105za\u0142 umow\u0119 o wsp\u00f3\u0142pracy S\u0142u\u017cby Kontrwywiadu Wojskowego z rosyjsk\u0105 Federaln\u0105 S\u0142u\u017cb\u0105 Bezpiecze\u0144stwa. Wygl\u0105da na to, \u017ce w rezultacie tych wszystkich zasz\u0142o\u015bci, ca\u0142a nasz niezwyci\u0119\u017cona armia upodobni\u0142a si\u0119 do wojsk \u0142\u0105czno\u015bci ze s\u0142ynnego przem\u00f3wienia marsza\u0142ka J\u00f3zefa Pi\u0142sudskiego. A skoro nasza niezwyci\u0119\u017cona przesz\u0142a tak\u0105 metamorfoz\u0119, to c\u00f3\u017c dopiero m\u00f3wi\u0107 o Umi\u0142owanych Przyw\u00f3dcach, o kt\u00f3rych jeszcze przed wojn\u0105 natchniony poeta pisa\u0142: \u201e<i>ilu\u017c wielkich dzia\u0142acz\u00f3w wyjrza\u0142o z rozporka?<\/i>\u201d<\/p><p><strong><em>Stanis\u0142aw Michalkiewicz<\/em><\/strong><\/p><p><i>Sta\u0142y komentarz Stanis\u0142awa Michalkiewicza ukazuje si\u0119 w ka\u017cdym numerze tygodnika \u201eNajwy\u017cszy Czas!\u201d.<\/i><\/p><p>Felieton \u00a0<b>\u2022<\/b>\u00a0 tygodnik \u201eNajwy\u017cszy Czas!\u201d \u00a0<b>\u2022<\/b>\u00a0 15 stycznia 2016<\/p>","protected":false},"excerpt":{"rendered":"Poniewa\u017c w ostatni\u0105 niedziel\u0119 (\u201eta ostatnia niedziela&#8230;\u201d) rz\u0105d dusz w naszym nieszcz\u0119\u015bliwym kraju zosta\u0142 oddany w wypr\u00f3bowane r\u0119ce \u201eJurka Owsiaka\u201d do tego stopnia, \u017ce rzecznik wroc\u0142awskiej kurii, przewielebny ksi\u0105dz Rafa\u0142 Kowalski nawet og\u0142osi\u0142 nowy grzech &#8211; to wszystkie inne sprawy si\u0142\u0105 rzeczy zesz\u0142y na plan dalszy. Grzechem mianowicie jest \u201eoczernianie\u201d Wielkiej Orkiestry \u015awi\u0105tecznej Pomocy. Znaczy [&hellip;]","protected":false},"author":1,"featured_media":0,"comment_status":"closed","ping_status":"closed","sticky":false,"template":"","format":"standard","meta":{"_acf_changed":false,"_monsterinsights_skip_tracking":false,"_monsterinsights_sitenote_active":false,"_monsterinsights_sitenote_note":"","_monsterinsights_sitenote_category":0,"ngg_post_thumbnail":0,"footnotes":"","_wp_rev_ctl_limit":""},"categories":[9],"tags":[124,92,84,53,34,226,36,33],"acf":[],"_links":{"self":[{"href":"https:\/\/www.bibula.com\/index.php?rest_route=\/wp\/v2\/posts\/85248"}],"collection":[{"href":"https:\/\/www.bibula.com\/index.php?rest_route=\/wp\/v2\/posts"}],"about":[{"href":"https:\/\/www.bibula.com\/index.php?rest_route=\/wp\/v2\/types\/post"}],"author":[{"embeddable":true,"href":"https:\/\/www.bibula.com\/index.php?rest_route=\/wp\/v2\/users\/1"}],"replies":[{"embeddable":true,"href":"https:\/\/www.bibula.com\/index.php?rest_route=%2Fwp%2Fv2%2Fcomments&post=85248"}],"version-history":[{"count":0,"href":"https:\/\/www.bibula.com\/index.php?rest_route=\/wp\/v2\/posts\/85248\/revisions"}],"wp:attachment":[{"href":"https:\/\/www.bibula.com\/index.php?rest_route=%2Fwp%2Fv2%2Fmedia&parent=85248"}],"wp:term":[{"taxonomy":"category","embeddable":true,"href":"https:\/\/www.bibula.com\/index.php?rest_route=%2Fwp%2Fv2%2Fcategories&post=85248"},{"taxonomy":"post_tag","embeddable":true,"href":"https:\/\/www.bibula.com\/index.php?rest_route=%2Fwp%2Fv2%2Ftags&post=85248"}],"curies":[{"name":"wp","href":"https:\/\/api.w.org\/{rel}","templated":true}]}}