{"id":85088,"date":"2016-01-06T16:31:36","date_gmt":"2016-01-06T21:31:36","guid":{"rendered":"http:\/\/www.bibula.com\/?p=85088"},"modified":"2016-01-06T16:31:36","modified_gmt":"2016-01-06T21:31:36","slug":"kaczynski-rozmawial-z-orbanem-przez-szesc-godzin","status":"publish","type":"post","link":"https:\/\/www.bibula.com\/?p=85088","title":{"rendered":"Kaczy\u0144ski rozmawia\u0142 z Orbanem przez sze\u015b\u0107 godzin"},"content":{"rendered":"<p><strong>Zako\u0144czy\u0142o si\u0119 ju\u017c niespodziewane spotkanie przewodniczego polskiej partii rz\u0105dz\u0105cej i premiera W\u0119gier. Oby\u0142o si\u0119 w jednym z pensjonat\u00f3w w podhala\u0144skiej Niedzicy.<\/strong><\/p><p>Politycy spotkali si\u0119 niespodziewanie w pensjonacie &#8222;Zielona owieczka&#8221; w Niedzicy oko\u0142o godziny 11. Mieli przenie\u015b\u0107 si\u0119 do niedzickiego zamku, co by\u0142oby o tyle symboliczne, \u017ce w przesz\u0142o\u015bci nale\u017ca\u0142 on w\u0119gierskiego rodu szlacheckiego\u00a0Palocsay\u00f3w Salomon\u00f3w. Ostatecznie jednak Kaczy\u0144ski z Orbanem konferowali przez sze\u015b\u0107 godzin w pensjonacie.\u00a0<\/p><p>W\u0119gierski portal vs.hu twierdzi\u0142, \u017ce obaj politycy chcieli wymieni\u0107 do\u015bwiadczenia w prowadzeniu reform. Orban przejmuj\u0105c w\u0142adz\u0119 w 2010 r. r\u00f3wnie\u017c dokona\u0142 reformy Trybuna\u0142u Konstytucyjnego oraz przekszta\u0142ce\u0144 w mediach publicznych. Podobnie jak w przypadku Polski spotka\u0142o si\u0119 to z krytyk\u0105 ze strony instytucji Unii Europejskiej i pogr\u00f3\u017ckami posuwaj\u0105cymi si\u0119 nawet do gro\u017aby odebrania W\u0119grom prawa g\u0142osu w Radzie Europejskiej.\u00a0<\/p><p>Portal Hungary Torady twierdzi natomiast, \u017ce niespodziewane konsultacje wi\u0105\u017c\u0105 si\u0119 raczej z jutrzejszymi rozmowami Orbana z premierem Wielkiej Brytanii Davidem Cameronem. W pa\u0144stwie tym \u017cyj\u0105 tak\u017ce w\u0119gierscy emigranci zarobkowi i postulaty Camerona by obci\u0105\u0107 \u015bwiadczenia socjalne dla przybysz\u00f3w z innych pa\u0144stw unijnych uderzaj\u0105 w nich podobnie jak i w Polak\u00f3w. By\u0107 mo\u017ce wi\u0119c premier Orban chcia\u0142 wzmocni\u0107 swoje stanowisko zjednuj\u0105c dla niego poparcie Kaczy\u0144skiego i polskiego rz\u0105du, kt\u00f3ry ten ostatni kontroluje. Wiadomo jednak, \u017ce to Kaczy\u0144ski by\u0142 stron\u0105 zapraszaj\u0105c\u0105.\u00a0<\/p><p>polsatnews.pl\/kresy.pl<\/p>","protected":false},"excerpt":{"rendered":"Zako\u0144czy\u0142o si\u0119 ju\u017c niespodziewane spotkanie przewodniczego polskiej partii rz\u0105dz\u0105cej i premiera W\u0119gier. Oby\u0142o si\u0119 w jednym z pensjonat\u00f3w w podhala\u0144skiej Niedzicy.Politycy spotkali si\u0119 niespodziewanie w pensjonacie &#8222;Zielona owieczka&#8221; w Niedzicy oko\u0142o godziny 11. Mieli przenie\u015b\u0107 si\u0119 do niedzickiego zamku, co by\u0142oby o tyle symboliczne, \u017ce w przesz\u0142o\u015bci nale\u017ca\u0142 on w\u0119gierskiego rodu szlacheckiego\u00a0Palocsay\u00f3w Salomon\u00f3w. Ostatecznie jednak [&hellip;]","protected":false},"author":1,"featured_media":0,"comment_status":"closed","ping_status":"closed","sticky":false,"template":"","format":"standard","meta":{"_acf_changed":false,"_monsterinsights_skip_tracking":false,"_monsterinsights_sitenote_active":false,"_monsterinsights_sitenote_note":"","_monsterinsights_sitenote_category":0,"ngg_post_thumbnail":0,"footnotes":"","_wp_rev_ctl_limit":""},"categories":[8],"tags":[98,37,179],"acf":[],"_links":{"self":[{"href":"https:\/\/www.bibula.com\/index.php?rest_route=\/wp\/v2\/posts\/85088"}],"collection":[{"href":"https:\/\/www.bibula.com\/index.php?rest_route=\/wp\/v2\/posts"}],"about":[{"href":"https:\/\/www.bibula.com\/index.php?rest_route=\/wp\/v2\/types\/post"}],"author":[{"embeddable":true,"href":"https:\/\/www.bibula.com\/index.php?rest_route=\/wp\/v2\/users\/1"}],"replies":[{"embeddable":true,"href":"https:\/\/www.bibula.com\/index.php?rest_route=%2Fwp%2Fv2%2Fcomments&post=85088"}],"version-history":[{"count":0,"href":"https:\/\/www.bibula.com\/index.php?rest_route=\/wp\/v2\/posts\/85088\/revisions"}],"wp:attachment":[{"href":"https:\/\/www.bibula.com\/index.php?rest_route=%2Fwp%2Fv2%2Fmedia&parent=85088"}],"wp:term":[{"taxonomy":"category","embeddable":true,"href":"https:\/\/www.bibula.com\/index.php?rest_route=%2Fwp%2Fv2%2Fcategories&post=85088"},{"taxonomy":"post_tag","embeddable":true,"href":"https:\/\/www.bibula.com\/index.php?rest_route=%2Fwp%2Fv2%2Ftags&post=85088"}],"curies":[{"name":"wp","href":"https:\/\/api.w.org\/{rel}","templated":true}]}}