{"id":84831,"date":"2015-12-23T11:52:14","date_gmt":"2015-12-23T16:52:14","guid":{"rendered":"http:\/\/www.bibula.com\/?p=84831"},"modified":"2015-12-23T11:52:14","modified_gmt":"2015-12-23T16:52:14","slug":"nagroda-imienia-karola-wielkiego-dla-papieza-franciszka","status":"publish","type":"post","link":"https:\/\/www.bibula.com\/?p=84831","title":{"rendered":"Nagroda imienia Karola Wielkiego dla Papie\u017ca Franciszka"},"content":{"rendered":"<p>Mi\u0119dzynarodow\u0105 nagrod\u0119 imienia Karola Wielkiego otrzyma tym razem Papie\u017c. To wyr\u00f3\u017cnienie nosz\u0105ce imi\u0119 wielkiego cesarza sprzed dwunastu stuleci przyznawane jest w Akwizgranie za zas\u0142ugi dla integracji i jedno\u015bci Europy. Ustanowiono je w tym niemieckim mie\u015bcie przed 65 laty, z okazji obchodzonego w\u00f3wczas w Ko\u015bciele Roku \u015awi\u0119tego 1950. Od tego czasu nagrod\u0119 Karola Wielkiego wr\u0119cza si\u0119, z nielicznymi wyj\u0105tkami corocznie, osobisto\u015bciom g\u0142\u00f3wnie politycznym, ale nieraz tak\u017ce religijnym. Franciszek jest ju\u017c drugim papie\u017cem, kt\u00f3remu j\u0105 przyznano. W 2004 r. otrzyma\u0142 j\u0105 Jan Pawe\u0142 II.<\/p><p>W opublikowanym dzi\u015b komunikacie burmistrz Akwizgranu Marcel Philipp poda\u0142 motywacj\u0119 przyznania tego tak bardzo europejskiego wyr\u00f3\u017cnienia Ojcu \u015awi\u0119temu, kt\u00f3ry pochodzi z innego kontynentu. Podkre\u015blono, \u017ce przyni\u00f3s\u0142 on Europie przes\u0142anie nadziei, przypomina sakralny charakter osoby ludzkiej i niezbywalne warto\u015bci. Wzywa Europejczyk\u00f3w do stawiania cz\u0142owieka w centrum. Poinformowano ponadto, \u017ce nagroda zostanie wr\u0119czona Ojcu \u015awi\u0119temu w przysz\u0142ym roku w Rzymie. Dok\u0142adna data nie jest jeszcze ustalona.<\/p><p>Franciszek nigdy nie przyjmuje przyznawanych mu nagr\u00f3d &#8211; przypomnia\u0142 watyka\u0144ski rzecznik. Tym razem jednak Papie\u017c zdecydowa\u0142 si\u0119 na to, bo uwa\u017ca, \u017ce nie odnosi si\u0119 ona do niego samego, ale jest okazj\u0105, by wzywa\u0107 do pokoju i wsp\u00f3lnie modli\u0107 si\u0119 w tej intencji &#8211; powiedzia\u0142 ks. Federico Lombardi.<\/p><p>\u201ePapie\u017c odczytuje t\u0119 nagrod\u0119 nie jako osobiste wyr\u00f3\u017cnienie, ale jako okazj\u0119 do wystosowania nowego przes\u0142ania pokoju, kt\u00f3re dedykuje i przekazuje ca\u0142ej Europie. Jest to kontynent, kt\u00f3ry musi wytrwale budowa\u0107 pok\u00f3j zar\u00f3wno u siebie, jak i w \u015bwiecie, pami\u0119taj\u0105c o swej wa\u017cnej roli w tym zakresie. Jest to zatem nagroda dla pokoju i okazja do modlitwy o pok\u00f3j dla Papie\u017ca razem ze wszystkimi narodami i z lud\u017ami dobrej woli, kt\u00f3ra wyra\u017ca d\u0105\u017cenie, pragnienie i zobowi\u0105zanie do budowania pokoju na tym kontynencie i tak\u017ce w ca\u0142ym \u015bwiecie\u201d &#8211; powiedzia\u0142 ks. Lombardi.<\/p><p>ak\/ rv<\/p><p class=\"zrodlo\">Za: <a href=\"http:\/\/pl.radiovaticana.va\/news\/2015\/12\/23\/nagroda_imienia_karola_wielkiego_dla_papie%C5%BCa_franciszka\/1196459\">Radio Watyka\u0144skie (23\/12\/2015)<\/a><\/p><blockquote><p><strong>KOMENTARZ <em>BIBU\u0141Y<\/em><\/strong><em>:<\/em> Laureatami tej\u017ce nagrody byli m.in.: Komisja Europejska, brat Roger z Taiz\u00c3\u00a9, Bronis\u0142aw Geremek, Tony Blair, Bill Clinton, waluta Euro (sic!), Jan Pawe\u0142 II, Jean-Claude Juncker, Angela Merkel, Donald Tusk, Herman Van Rompuy, Martin Schulz&#8230;. No a teraz Franciszek. Niez\u0142e towarzycho, w\u0142\u0105cznie z dwoma fatalnymi pontyfikatami.<\/p><\/blockquote>","protected":false},"excerpt":{"rendered":"Mi\u0119dzynarodow\u0105 nagrod\u0119 imienia Karola Wielkiego otrzyma tym razem Papie\u017c. To wyr\u00f3\u017cnienie nosz\u0105ce imi\u0119 wielkiego cesarza sprzed dwunastu stuleci przyznawane jest w Akwizgranie za zas\u0142ugi dla integracji i jedno\u015bci Europy. Ustanowiono je w tym niemieckim mie\u015bcie przed 65 laty, z okazji obchodzonego w\u00f3wczas w Ko\u015bciele Roku \u015awi\u0119tego 1950. Od tego czasu nagrod\u0119 Karola Wielkiego wr\u0119cza si\u0119, [&hellip;]","protected":false},"author":1,"featured_media":0,"comment_status":"closed","ping_status":"closed","sticky":false,"template":"","format":"standard","meta":{"_acf_changed":false,"_monsterinsights_skip_tracking":false,"ngg_post_thumbnail":0,"footnotes":"","_wp_rev_ctl_limit":""},"categories":[3],"tags":[301,106],"acf":[],"_links":{"self":[{"href":"https:\/\/www.bibula.com\/index.php?rest_route=\/wp\/v2\/posts\/84831"}],"collection":[{"href":"https:\/\/www.bibula.com\/index.php?rest_route=\/wp\/v2\/posts"}],"about":[{"href":"https:\/\/www.bibula.com\/index.php?rest_route=\/wp\/v2\/types\/post"}],"author":[{"embeddable":true,"href":"https:\/\/www.bibula.com\/index.php?rest_route=\/wp\/v2\/users\/1"}],"replies":[{"embeddable":true,"href":"https:\/\/www.bibula.com\/index.php?rest_route=%2Fwp%2Fv2%2Fcomments&post=84831"}],"version-history":[{"count":0,"href":"https:\/\/www.bibula.com\/index.php?rest_route=\/wp\/v2\/posts\/84831\/revisions"}],"wp:attachment":[{"href":"https:\/\/www.bibula.com\/index.php?rest_route=%2Fwp%2Fv2%2Fmedia&parent=84831"}],"wp:term":[{"taxonomy":"category","embeddable":true,"href":"https:\/\/www.bibula.com\/index.php?rest_route=%2Fwp%2Fv2%2Fcategories&post=84831"},{"taxonomy":"post_tag","embeddable":true,"href":"https:\/\/www.bibula.com\/index.php?rest_route=%2Fwp%2Fv2%2Ftags&post=84831"}],"curies":[{"name":"wp","href":"https:\/\/api.w.org\/{rel}","templated":true}]}}