{"id":84818,"date":"2015-12-23T11:02:26","date_gmt":"2015-12-23T16:02:26","guid":{"rendered":"http:\/\/www.bibula.com\/?p=84818"},"modified":"2015-12-23T11:02:26","modified_gmt":"2015-12-23T16:02:26","slug":"mateusz-kijowski-szef-kod-wyrzuca-z-organizacji-za-oficjalne-poparcie-wosp-brawo","status":"publish","type":"post","link":"https:\/\/www.bibula.com\/?p=84818","title":{"rendered":"Mateusz Kijowski, szef KOD, wyrzuca z organizacji za oficjalne poparcie WO\u015aP! Brawo!"},"content":{"rendered":"<p><strong>Po Internecie ponios\u0142a si\u0119 sensacja, \u017ce PiS chce zabi\u0107 Fundacj\u0119 WO\u015aP, bo nie b\u0119dzie wsparcia policji i wojska dla najbardziej szlachetnej organizacji. Gdyby to prze\u0142o\u017cy\u0107 na normalno\u015b\u0107, ludzie normalni, by si\u0119 pogubili i spytali wprost. Wojsko i policja niezb\u0119dne do kwesty? Niestety ci\u0105gle \u017cyjemy warunkach paranoi, czyli ludowej demokracji i takie \u201eSpo\u0142em\u201d, jak WO\u015aP, rzeczywi\u015bcie bez s\u0142u\u017cb mundurowych, kasy samorz\u0105d\u00f3w i TVP nie istnieje. Uboju rytualnego na \u201e\u015bwi\u0119tej krowie\u201d dokona\u0142 pose\u0142 PiS Stanis\u0142aw Pi\u0119ta, to ten sam, kt\u00f3remu pokojowo nastawieni lewicowi sympatycy \u017cyczyli, \u017ceby \u201ezdech\u0142 na raka\u201d.<\/strong><\/p><p>Pi\u0119ta powiedzia\u0142 tylko tyle, \u017ce ka\u017cdy funkcjonariusz publiczny, kt\u00f3ry we\u017amie udzia\u0142 w hecy WO\u015aP powinien z\u0142o\u017cy\u0107 raport i ust\u0105pi\u0107 ze stanowiska. S\u0142owa kompletnie niepotrzebne, nieprecyzyjne i dok\u0142adnie o takie prezenty codziennie modli si\u0119 Jerzy O. Wyja\u015bnienie, \u017ce Pi\u0119cie chodzi\u0142o o zaanga\u017cowanie \u015brodk\u00f3w publicznych i funkcjonariuszy na s\u0142u\u017cbie, nie ma najmniejszego sensu. W amoku ideologicznym nic si\u0119 nie przebije do opinii publicznej, co wi\u0119cej przebi\u0142o si\u0119 ca\u0142kowicie co\u015b innego. Po mediach ju\u017c lec\u0105 komunikaty alarmuj\u0105ce, \u017ce to nie pojedynczy pose\u0142 wyrazi\u0142 swoj\u0105 prywatn\u0105 opini\u0119, ale ca\u0142y PiS wraz z rz\u0105dem zaj\u0105\u0142 oficjalne stanowisko &#8211; b\u0119d\u0105 represje za wsparcie WO\u015aP. Jeszcze 5 lat temu Jerzy O. takiej okazji by nie przepu\u015bci\u0142, oblecia\u0142 by wszystkie media i krzycza\u0142, \u017ce PiS chce dzieci w szpitalach pozabija\u0107. A dzi\u015b co zrobi? Dzi\u015b ze strachu nie kiwnie palcem. Kto ma odrobin\u0119 zaufania do mojej wiedzy i przyj\u0119tej strategii wzgl\u0119dem Jerzego O., ten skorzysta z gotowych rozwi\u0105za\u0144. Zalecam! Ciszej nad t\u0105 trumn\u0105 i tym nieboszczykiem!<\/p><p>\u201eJurek\u201d nie b\u0119dzie pisa\u0142 \u017cadnych list\u00f3w otwartych i uprawia\u0142 prowokacji w mediach, bo wtedy natychmiast wylaz\u0142yby wszystkie jego s\u0105dowe sprawy oraz post\u0119powania prowadzone w prokuraturze. Ponadto sam Jerzy O. powiedzia\u0142 wyra\u017anie ministrowi Macierewiczowi z MON: \u201edo\u015b\u0107 kurwa\u201d, a dla innej dzia\u0142aczki PiS zorganizowa\u0142 konkurs pod tytu\u0142em Ruch Wypierdolenia Krystyny Paw\u0142owicz w Kosmos. Jak rozumiem te deklaracje si\u0119 nie zmieni\u0142y i Jerzy O. nadal nie chce mi\u0119\u0107 nic wsp\u00f3lnego z \u201ekatolickim ciemnogrodem\u201d zamachuj\u0105cym si\u0119 na demokracj\u0119. Je\u015bli chodzi o rad\u0119 dla rz\u0105du to komunikat powinien by\u0107 jasny. WO\u015aP jest jedn\u0105 z 80 tysi\u0119cy organizacji pozarz\u0105dowych i jak sama nazwa wskazuje takie organizacje dzia\u0142aj\u0105 poza kompetencjami rz\u0105du. Trudno sobie te\u017c wyobrazi\u0107, aby przeprowadzenie zbi\u00f3rki publicznej z udzia\u0142em dzieci nios\u0142o za sob\u0105 takie niebezpiecze\u0144stwa, aby impreza wymaga\u0142a zabezpieczenia wojska, stra\u017cy po\u017carnej, policji i s\u0142u\u017cb ochrony pogranicza. Nigdy \u017cadna organizacja pozarz\u0105dowa z tak\u0105 pro\u015bb\u0105 si\u0119 do w\u0142adz RP nie zwr\u00f3ci\u0142a i to po stronie organizatora spoczywa odpowiedzialno\u015b\u0107 za bezpiecze\u0144stwo uczestnik\u00f3w ca\u0142ej akcji. Koniec. Rada dla PiS. Panie i Panowie trzymajcie si\u0119 jak najdalej od WO\u015aP i ani s\u0142owa o WO\u015aP nie wypowiadajcie, milczenie polityk\u00f3w jest dla fundacji broni\u0105 masowego ra\u017cenia.<\/p><p>Co innego \u201espo\u0142ecznicy\u201d z KOD, oni niech si\u0119 o Jerzego O. bij\u0105 i to w\u0142a\u015bnie, ku mojej rado\u015bci, robi\u0105. Mateusz Kijowski, szef Komitetu Obrony Demokracji Ludowej wszed\u0142 w ostry publiczny sp\u00f3r ze swoim delegatem na Mazowsze Andrzejem Miszkiem. Nawiasem m\u00f3wi\u0105c chyba nikt nie sprawdzi\u0142 jaka to ciekawa posta\u0107 ten Miszk, najkr\u00f3cej m\u00f3wi\u0105c to wykl\u0119ty diakon (\u015bwiecki ksi\u0105dz) i do niedawna prawicowy radyka\u0142, nale\u017c\u0105cy do Solidarno\u015bci Walcz\u0105cej. Wa\u017cniejsze jest jednak co\u015b innego, mianowicie przyczyna konfliktu mi\u0119dzy panami z KOD i aby lepiej zrozumie\u0107 o co posz\u0142o podam cytaty.<\/p><p>1. Jerzy O. ze swojego FB:<\/p><p><em>Tradycyjnie zrobili\u015bmy op\u0142atkow\u0105 Wigili\u0119, czyli ca\u0142a Fundacja, kt\u00f3ra spotka si\u0119 przy rozdawaniu wzajemnych prezent\u00f3w, kt\u00f3re wcze\u015bniej losujemy i prezent\u00f3w dla dzieci, kt\u00f3rych z roku na rok wi\u0119cej. To one s\u0105 najbardziej fantastycznym momentem naszego spotkania, bo ich rado\u015b\u0107 i rozgardiasz, kt\u00f3ry robi\u0105, jest super. <strong>Planowali\u015bmy spotkanie na 15:00, ale wiele os\u00f3b przysz\u0142o \u201ez marszu\u201d, wi\u0119c przesun\u0119li\u015bmy nasz\u0105 wieczerz\u0119. <\/strong><\/em><\/p><p>2. Szef KOD Mateusz Kijowski ze swojego FB:<\/p><p><em>Z przykro\u015bci\u0105 musz\u0119 stwierdzi\u0107, \u017ce Andrzej Miszk dzia\u0142a na szkod\u0119 KOD. Mimo wielokrotnych apeli o pow\u015bci\u0105gni\u0119cie j\u0119zyka, o powstrzymanie si\u0119 od publikowania szkodliwych dla KOD apeli i stanowisk, nie jest w stanie podporz\u0105dkowa\u0107 si\u0119 dobru KODu<\/em><\/p><p>Dzisiaj przeholowa\u0142. Opublikowa\u0142 stanowisko w sprawie, w kt\u00f3rej prowadzimy delikatne rozmowy, jak si\u0119 zachowa\u0107, \u017ceby nie zaszkodzi\u0107 naszemu partnerowi. <strong>Poprosi\u0142em go o zdj\u0119cie postu dla dobra partnera, kt\u00f3rego obaj szanujemy oraz dla dobra KOD. Nie pos\u0142ucha\u0142. Nie mog\u0119 tolerowa\u0107 takiego zachowania. Andrzej Miszk nie jest ju\u017c kordynatiorem KOD Mazowsze. <\/strong><\/p><p>3. O jakiego partnera i jaki post skruszono kopi\u0119, napisa\u0142 sam Andrzej Miszk.<\/p><p>Setki ludzi pyta mnie, czy KOD pomo\u017ce WO\u015aP i Jerzemu Owsiakowi, w sytuacji, gdy pa\u0144stwo wywiera naciski na swoich funkcjonariuszy mundurowych i cywilnych oraz media publiczne, aby nie pomagali WO\u015aP pod gro\u017ab\u0105 zwolnienia z pracy.<\/p><p>W wypowiedziach szef\u00f3w \u201espo\u0142ecznych\u201d organizacji wida\u0107 charakterystyczn\u0105 asekuracj\u0119, obaj nie maj\u0105 odwagi otwarcie przyzna\u0107 si\u0119 do wzajemnej sympatii, wsp\u00f3lnych warto\u015bci i tej samej ideologii. Potrzeba wi\u0119kszych dowod\u00f3w na to, \u017ce kierownik WO\u015aP truchleje przed ka\u017cd\u0105 publiczn\u0105 deklaracj\u0105 i politycznym zaanga\u017cowaniem? Ma\u0142o tego, ch\u0119tnie si\u0119 za\u0142o\u017c\u0119 o to, \u017ce Jerzy O. pierwszy za\u017c\u0105da\u0142 g\u0142owy niedyskretnego nieboraka, kt\u00f3ry chcia\u0142 otwarto\u015bci. Miszk z\u0142ama\u0142 tajne porozumienie i wylecia\u0142 z KOD, \u017ceby by\u0142o \u015bmieszniej polecia\u0142 za wsp\u00f3\u0142prac\u0119 z WO\u015aP. Z ca\u0142\u0105 pewno\u015bci\u0105 \u201edyrygent orkiestry\u201d narzuca t\u0119 konspir\u0119. Dlaczego? Bo on ma do policzenia kas\u0119 z puszek, nie warto\u015bci i idee. Pieni\u0105dze nie \u015bmierdz\u0105 i chyba lepiej mie\u0107 w puszce kas\u0119 od zwolennik\u00f3w PiS i i KOD ni\u017c po\u0142ow\u0119 tej kasy? Wystarczy uwa\u017cnie si\u0119 przyjrze\u0107 i przeanalizowa\u0107 zachowania \u201eJurka\u201d, w\u00f3wczas wszystko stanie si\u0119 jasne. Po dawnym guru zosta\u0142 cie\u0144, zero si\u0142y przebicia. Kto to kiedy\u015b widzia\u0142, aby oficjalnie poparcie \u201eorkiestry\u201d by\u0142o stygmatem? Dla Jerzego O. wej\u015bcie w konflikt polityczny jest zab\u00f3jstwem z wielu powod\u00f3w, kt\u00f3re opisa\u0142em wy\u017cej. Do strachu \u201eJurka\u201d, \u017ceby si\u0119 nie wyda\u0142o, co tam w \u201eZ\u0142otym Melonie\u201d i rodzinnych firmach piszczy, dochodzi l\u0119k przed kontrolami, kt\u00f3re go czekaj\u0105. Daj\u0119 pe\u0142n\u0105 gwarancj\u0119, \u017ce Jerzy O. i WO\u015aP nie b\u0119d\u0105 podskakiwa\u0107, ani PiS, ani rz\u0105dowi, nie b\u0119d\u0105 drze\u0107 szat i domaga\u0107 si\u0119 armii wojska. Natomiast ch\u0119tnie skorzystaj\u0105, z takich prezent\u00f3w jak ten od pos\u0142a Pi\u0119ty. Nie ma zatem najmniejszego powodu, \u017ceby PiS i rz\u0105d anga\u017cowali si\u0119 w jakikolwiek konflikt i polemik\u0119 z WO\u015aP, przeciwnie &#8211; sprzeda\u0107 ich KOD, niech si\u0119 wzajemnie siebie wstydz\u0105, bo i jest czego i wzajemnie wycinaj\u0105, bo jest kogo.<\/p><p><strong><em>MatkaKurka<\/em><\/strong><\/p>","protected":false},"excerpt":{"rendered":"Po Internecie ponios\u0142a si\u0119 sensacja, \u017ce PiS chce zabi\u0107 Fundacj\u0119 WO\u015aP, bo nie b\u0119dzie wsparcia policji i wojska dla najbardziej szlachetnej organizacji. Gdyby to prze\u0142o\u017cy\u0107 na normalno\u015b\u0107, ludzie normalni, by si\u0119 pogubili i spytali wprost. Wojsko i policja niezb\u0119dne do kwesty? Niestety ci\u0105gle \u017cyjemy warunkach paranoi, czyli ludowej demokracji i takie \u201eSpo\u0142em\u201d, jak WO\u015aP, rzeczywi\u015bcie [&hellip;]","protected":false},"author":1,"featured_media":0,"comment_status":"closed","ping_status":"closed","sticky":false,"template":"","format":"standard","meta":{"_acf_changed":false,"_monsterinsights_skip_tracking":false,"_monsterinsights_sitenote_active":false,"_monsterinsights_sitenote_note":"","_monsterinsights_sitenote_category":0,"ngg_post_thumbnail":0,"footnotes":"","_wp_rev_ctl_limit":""},"categories":[9],"tags":[98,226,20],"acf":[],"_links":{"self":[{"href":"https:\/\/www.bibula.com\/index.php?rest_route=\/wp\/v2\/posts\/84818"}],"collection":[{"href":"https:\/\/www.bibula.com\/index.php?rest_route=\/wp\/v2\/posts"}],"about":[{"href":"https:\/\/www.bibula.com\/index.php?rest_route=\/wp\/v2\/types\/post"}],"author":[{"embeddable":true,"href":"https:\/\/www.bibula.com\/index.php?rest_route=\/wp\/v2\/users\/1"}],"replies":[{"embeddable":true,"href":"https:\/\/www.bibula.com\/index.php?rest_route=%2Fwp%2Fv2%2Fcomments&post=84818"}],"version-history":[{"count":0,"href":"https:\/\/www.bibula.com\/index.php?rest_route=\/wp\/v2\/posts\/84818\/revisions"}],"wp:attachment":[{"href":"https:\/\/www.bibula.com\/index.php?rest_route=%2Fwp%2Fv2%2Fmedia&parent=84818"}],"wp:term":[{"taxonomy":"category","embeddable":true,"href":"https:\/\/www.bibula.com\/index.php?rest_route=%2Fwp%2Fv2%2Fcategories&post=84818"},{"taxonomy":"post_tag","embeddable":true,"href":"https:\/\/www.bibula.com\/index.php?rest_route=%2Fwp%2Fv2%2Ftags&post=84818"}],"curies":[{"name":"wp","href":"https:\/\/api.w.org\/{rel}","templated":true}]}}