{"id":84722,"date":"2015-12-18T14:23:25","date_gmt":"2015-12-18T19:23:25","guid":{"rendered":"http:\/\/www.bibula.com\/?p=84722"},"modified":"2015-12-19T16:23:57","modified_gmt":"2015-12-19T21:23:57","slug":"profanacja-kosciola-w-bremie-czynna-swiatynia-przerobiona-na-mieszkania-dla-uchodzcow","status":"publish","type":"post","link":"https:\/\/www.bibula.com\/?p=84722","title":{"rendered":"Profanacja ko\u015bcio\u0142a w Bremie! Czynna \u015bwi\u0105tynia przerobiona na mieszkania dla \u201euchod\u017ac\u00f3w&#8221;!"},"content":{"rendered":"<p><strong>Po raz pierwszy czynny ko\u015bci\u00f3\u0142 katolicki w Niemczech przeznaczono na zast\u0119pcze mieszkania dla uchod\u017ac\u00f3w. W ko\u015bciele \u015bw. Benedykta w Bremie zamieszka oko\u0142o 40 os\u00f3b w 11 pomieszczeniach, przedzielonych drewnianymi przegrodami. Pierwsi \u201euchod\u017acy\u201d zamieszkaj\u0105 ju\u017c w pi\u0105tek.<\/strong><\/p><p>Za rok &#8211; bo na tyle oblicza si\u0119 pobyt uchod\u017ac\u00f3w w tym miejscu &#8211; ponownie b\u0119dzie pe\u0142ni\u0142 swoje funkcje sakralne. O\u0142tarz g\u0142\u00f3wny zosta\u0142 obudowany, inne przedmioty sakralne, takie jak Droga Krzy\u017cowa i inne obrazy, usuni\u0119to. Wszystkie \u201epokoje\u201d maj\u0105 \u015bwiat\u0142o i pod\u0142\u0105czenie do energii elektrycznej, drzwi do ka\u017cdego zamykane s\u0105 na klucz. Toalety i prysznice zlokalizowano w dw\u00f3ch kontenerach na zewn\u0105trz \u015bwi\u0105tyni.<\/p><p>Ide\u0119 przyj\u0119cia uchod\u017ac\u00f3w parafianie zaakceptowali jednog\u0142o\u015bnie, powiedzia\u0142 niemieckiej agencji katolickiej KNA proboszcz, ks. Johannes Sczyrba i poinformowa\u0142, \u017ce w najbli\u017cszych miesi\u0105cach nabo\u017ce\u0144stwa b\u0119d\u0105 si\u0119 odbywa\u0142y w sali parafialnej. Dyrektorka zwi\u0105zku parafii w Bremie Sonja Glasmeyer zapowiedzia\u0142a, \u017ce \u017caden muzu\u0142manin nie jest zmuszany do zamieszkania w ko\u015bciele, a w interesie parafii le\u017cy utrzymanie sakralnego charakteru pomieszcze\u0144 ko\u015bcielnych.<\/p><p>Najprawdopodobniej wszyscy uchod\u017acy, kt\u00f3rzy zamieszkaj\u0105 w ko\u015bciele w Bremie, pochodz\u0105 z Syrii. S\u0105 to g\u0142\u00f3wnie pojedyncze osoby oraz rodzina z jednym dzieckiem. Przeprowadz\u0105 si\u0119 do ko\u015bcio\u0142a z pobliskiej sali gimnastycznej, kt\u00f3ra teraz zostanie oddana uczniom.<\/p><p>Uchod\u017acy, kt\u00f3rzy znale\u017ali czasowy pobyt w ko\u015bciele, s\u0105 pod opiek\u0105 niemieckiej Caritas. Przez ca\u0142\u0105 dob\u0119 maj\u0105 ochron\u0119. Jedzenie otrzymywa\u0107 b\u0119dzie firma specjalizuj\u0105ca si\u0119 w kuchni arabskiej. Przebudowa wn\u0119trza ko\u015bcio\u0142a trwa\u0142a dwa tygodnie, a do pracy zatrudniono bezrobotnych oraz kilku uchod\u017ac\u00f3w.<\/p><p>Za kilka dni 60-osobowa grupa uchod\u017ac\u00f3w wprowadzi si\u0119 do innego ko\u015bcio\u0142a katolickiego, pw. Matki Bo\u017cej w Liebenau w Meklemburgii. Ten ko\u015bci\u00f3\u0142 oraz ko\u015bci\u00f3\u0142 w Bremie s\u0105 jedynymi na terenie Niemiec dotychczas czynnymi, kt\u00f3re na pewien czas oddano na mieszkania dla uchod\u017ac\u00f3w. Wcze\u015bniej na kwatery dla uchod\u017ac\u00f3w przeznaczono dwa inne ko\u015bcio\u0142y, ale one od pewnego ju\u017c czasu nie pe\u0142ni\u0142y swojej funkcji sakralnej.<\/p><p>KAI<br \/> KRaj<\/p><p class=\"zrodlo\">Za: <a href=\"http:\/\/www.pch24.pl\/profanacja-kosciola-w-bremie--czynna-swiatynia-przerobiona-na-mieszkania-dla-uchodzcow-,40075,i.html\">PoloniaChristiana &#8211; pch24.pl (2015-12-18) <\/a><\/p>","protected":false},"excerpt":{"rendered":"Po raz pierwszy czynny ko\u015bci\u00f3\u0142 katolicki w Niemczech przeznaczono na zast\u0119pcze mieszkania dla uchod\u017ac\u00f3w. W ko\u015bciele \u015bw. Benedykta w Bremie zamieszka oko\u0142o 40 os\u00f3b w 11 pomieszczeniach, przedzielonych drewnianymi przegrodami. Pierwsi \u201euchod\u017acy\u201d zamieszkaj\u0105 ju\u017c w pi\u0105tek.Za rok &#8211; bo na tyle oblicza si\u0119 pobyt uchod\u017ac\u00f3w w tym miejscu &#8211; ponownie b\u0119dzie pe\u0142ni\u0142 swoje funkcje sakralne. [&hellip;]","protected":false},"author":1,"featured_media":0,"comment_status":"closed","ping_status":"closed","sticky":false,"template":"","format":"standard","meta":{"_acf_changed":false,"_monsterinsights_skip_tracking":false,"ngg_post_thumbnail":0,"footnotes":"","_wp_rev_ctl_limit":""},"categories":[3],"tags":[166,76],"acf":[],"_links":{"self":[{"href":"https:\/\/www.bibula.com\/index.php?rest_route=\/wp\/v2\/posts\/84722"}],"collection":[{"href":"https:\/\/www.bibula.com\/index.php?rest_route=\/wp\/v2\/posts"}],"about":[{"href":"https:\/\/www.bibula.com\/index.php?rest_route=\/wp\/v2\/types\/post"}],"author":[{"embeddable":true,"href":"https:\/\/www.bibula.com\/index.php?rest_route=\/wp\/v2\/users\/1"}],"replies":[{"embeddable":true,"href":"https:\/\/www.bibula.com\/index.php?rest_route=%2Fwp%2Fv2%2Fcomments&post=84722"}],"version-history":[{"count":0,"href":"https:\/\/www.bibula.com\/index.php?rest_route=\/wp\/v2\/posts\/84722\/revisions"}],"wp:attachment":[{"href":"https:\/\/www.bibula.com\/index.php?rest_route=%2Fwp%2Fv2%2Fmedia&parent=84722"}],"wp:term":[{"taxonomy":"category","embeddable":true,"href":"https:\/\/www.bibula.com\/index.php?rest_route=%2Fwp%2Fv2%2Fcategories&post=84722"},{"taxonomy":"post_tag","embeddable":true,"href":"https:\/\/www.bibula.com\/index.php?rest_route=%2Fwp%2Fv2%2Ftags&post=84722"}],"curies":[{"name":"wp","href":"https:\/\/api.w.org\/{rel}","templated":true}]}}