{"id":84676,"date":"2015-12-17T17:44:09","date_gmt":"2015-12-17T22:44:09","guid":{"rendered":"http:\/\/www.bibula.com\/?p=84676"},"modified":"2015-12-17T17:48:03","modified_gmt":"2015-12-17T22:48:03","slug":"blagalna-prosba-do-papieza-franciszka-o-zmiane-drogi-albo-rezygnacje-z-urzedu","status":"publish","type":"post","link":"https:\/\/www.bibula.com\/?p=84676","title":{"rendered":"B\u0142agalna Pro\u015bba do Papie\u017ca Franciszka o zmian\u0119 drogi albo rezygnacj\u0119 z Urz\u0119du"},"content":{"rendered":"<p><strong>Grupa ameryka\u0144skich intelektualist\u00f3w, najbardziej zatroskanych o Ko\u015bci\u00f3\u0142 katolicki wystosowa\u0142a List otwarty do papie\u017ca Franciszka, z gor\u0105c\u0105 pro\u015bb\u0105 aby &#8222;zmieni\u0142 kurs swojego pontyfikatu dla dobra Ko\u015bcio\u0142a i dobra dusz&#8221;, b\u0105d\u017a zrezygnowa\u0142 z Urz\u0119du. Sygnatariuszami Listu wraz z za\u0142\u0105czonym dokumentem (<em>Libellus<\/em>) s\u0105 m.in. Christopher Ferrara, prawnik i za\u0142o\u017cyciel <em>American Catholic Lawyers Association;<\/em> John Vennari, redaktor naczelny <a href=\"http:\/\/www.cfnews.org\/\"><em>The Family Catholic News<\/em><\/a>; Michael Matt, redaktor naczelny <a href=\"http:\/\/remnantnewspaper.com\/\"><em>The Remnant<\/em><\/a>; by\u0142y s\u0119dzia S\u0105du Najwy\u017cszego stanu New Jersey i katolicki aktywista <em>pro-life<\/em>, Andrew P. Napolitano, oraz inni profesorowie, publicy\u015bci i dzia\u0142acze katoliccy.<\/strong><\/p><h4>\u00a0<\/h4><hr style=\"background-color: #000000; border-width: 0; color: #000000; height: 2px; line-height: 0; text-align: center; width: 100%;\" \/><hr style=\"background-color: #000000; border-width: 0; color: #000000; height: 2px; line-height: 0; text-align: center; width: 100%;\" \/><h4>\u00a0<\/h4><h2>An Urgent Appeal to Pope Francis to Either Change Course or Renounce the Petrine Office<\/h2><p>8 grudnia 2015<\/p><p>Uroczysto\u015b\u0107 Niepokalanego Pocz\u0119cia NMP<\/p><p>Wasza \u015awi\u0105tobliwo\u015b\u0107<\/p><p>Papie\u017c Celestyn V (+1294 r.), uznaj\u0105c swoj\u0105 niezdolno\u015b\u0107 do sprawowania urz\u0119du, na kt\u00f3ry w spos\u00f3b tak nieoczekiwany zosta\u0142 wybrany &#8230; i widz\u0105c powa\u017cne szkody, jakie swe z\u0142e rz\u0105dy wyrz\u0105dzi\u0142y Ko\u015bcio\u0142owi, po swoim pi\u0119ciomiesi\u0119cznym pontyfikacie zrezygnowa\u0142 z Papieskiego Urz\u0119du.\u00a0Zosta\u0142 kanonizowany przez papie\u017ca Klemensa V w 1313 roku. Papie\u017c Bonifacy VIII usun\u0105\u0142 wszelkie w\u0105tpliwo\u015bci, co do wa\u017cno\u015bci tego nadzwyczajnego i kwestionowanego aktu papieskiego, potwierdzaj\u0105c <em>ad perpetuam rei memoriam<\/em>, \u017ce \u201eBiskup Rzymu mo\u017ce dobrowolnie zrezygnowa\u0107.&#8221;<\/p><p>Rosn\u0105ca liczba katolik\u00f3w, w tym kardyna\u0142owie i biskupi, dochodzi do przekonania, \u017ce Tw\u00f3j pontyfikat &#8211; b\u0119d\u0105cy r\u00f3wnie\u017c wynikiem nieoczekiwanego wyboru &#8211; podobnie powoduje powa\u017cne szkody dla Ko\u015bcio\u0142a. Nie mo\u017cna zaprzeczy\u0107, \u017ce Wasza \u015awi\u0105tobliwo\u015b\u0107, albo nie posiada zdolno\u015bci, albo woli do wype\u0142niania &#8211; jak s\u0142usznie zauwa\u017cy\u0142 Tw\u00f3j poprzednik &#8211; tego, \u017ce Papie\u017c musi \u201enieustanie scala\u0107 samego siebie z Ko\u015bcio\u0142em wi\u0119zi\u0105 pos\u0142usze\u0144stwa S\u0142owu Bo\u017cemu, <em>wobec wszelkich pr\u00f3b przystosowywania czy rozwodnienia i wszelkich przejaw\u00f3w oportunizmu.<\/em>\u201d<\/p><p>Jak to wykazano w za\u0142\u0105czonym <span style=\"text-decoration: underline;\"><em><strong><a href=\"http:\/\/remnantnewspaper.com\/web\/index.php\/articles\/item\/2198-the-year-of-mercy-begins\">Libellus<\/a><\/strong><\/em><\/span> (Dokumencie), Ty czynisz wprost przeciwnie, daj\u0105c wiele alarmuj\u0105cych oznak wrogo\u015bci wobec tradycyjnego nauczania, dyscypliny i zwyczaj\u00f3w Ko\u015bcio\u0142a, oraz wobec wiernych, kt\u00f3rzy pr\u00f3buj\u0105 tego broni\u0107, sam za\u015b b\u0119d\u0105c poch\u0142oni\u0119tym kwestiami spo\u0142ecznymi i politycznymi pozostaj\u0105cymi poza kompetencjami Biskupa Rzymskiego.\u00a0W rezultacie tego, wrogowie Ko\u015bcio\u0142a nieustannie ciesz\u0105 si\u0119 Twoim pontyfikatem, wychwalaj\u0105c Ci\u0119 ponad wszystkich Twoich poprzednik\u00f3w.\u00a0Ta przera\u017caj\u0105ca sytuacja nie ma sobie r\u00f3wnych w historii Ko\u015bcio\u0142a.<\/p><p>Ubieg\u0142ego roku, m\u00f3wi\u0105c o rezygnacji Benedykta XVI, Jego \u015awi\u0105toblio\u015b\u0107 zadeklarowa\u0142a, \u017ce je\u015bli nie b\u0119dzie si\u0119 czu\u0142a zdolna do sprawowania pontyfikatu, o\u015bwiadczy\u0142a, \u017ce \u201dJa zrobi\u0142bym to samo.\u201d W pierwsz\u0105 rocznic\u0119 rezygnacji Benedykta, prosi\u0142e\u015b wiernych, aby \u201ePo\u0142\u0105czyli si\u0119 ze mn\u0105 w modlitwie za Jego \u015awi\u0105tobliwo\u015b\u0107 Benedykta XVI, cz\u0142owieka wielkiej odwagi i pokory.\u201d<\/p><p>Z niema\u0142\u0105 trwog\u0105, w Obliczu Tego, Kt\u00f3ry b\u0119dzie nas s\u0105dzi\u0142 w Dniu Ostatecznym, my, poddani Twoi, z nale\u017cnym \u00a0szacunkiem kierujemy t\u0105 petycj\u0119 do Waszej \u015awi\u0105tobliwo\u015bci, z pro\u015bb\u0105, aby\u015b zmieni\u0142 kurs swojego pontyfikatu dla dobra Ko\u015bcio\u0142a i dobra dusz. Je\u017celi to jest niemo\u017cliwe, czy\u017c nie by\u0142oby lepsze dla Waszej \u015awi\u0105tobliwo\u015bci, aby\u015b zrzek\u0142 si\u0119 urz\u0119du Piotrowej pos\u0142ugi, ani\u017celi dalej przewodzi\u0142 i poprzez katastrofalne kompromisy zagra\u017ca\u0142 integralno\u015bci Ko\u015bcio\u0142a katolickiego?<\/p><p>W zwi\u0105zku z tym, naszymi w\u0142asnymi czynimy s\u0142owa \u015bw. Katarzyny ze Sieny, Doktora Ko\u015bcio\u0142a, kt\u00f3ra w swym s\u0142ynnym li\u015bcie do papie\u017ca Grzegorza XI,\u00a0b\u0142aga\u0142a go, aby uwolni\u0142 Ko\u015bci\u00f3\u0142 od jednego z najwi\u0119kszych jego kryzys\u00f3w:<\/p><blockquote><p>\u201ePoniewa\u017c On da\u0142 Wam w\u0142adz\u0119 i przyj\u0119li\u015bcie j\u0105, nale\u017cy u\u017cywa\u0107 mocy i cnoty, a je\u015bli nie jeste\u015bcie ch\u0119tni do korzystania z nich, i wolisz wi\u0119cej nad Boga odbiera\u0107 honory, by\u0142oby lepiej, aby\u015b zrezygnowa\u0142, i ocali\u0142 zbawienie swojej duszy \u2026 \u201e<\/p><\/blockquote><p>Maryjo! Wspomo\u017cycielko Wiernych, m\u00f3dl si\u0119 za nami!<\/p><p>Twoi oddani w Chrystusie<\/p><p>Christopher A. Ferrara<br \/> Michael J. Matt<br \/> Dr. John Rao<br \/> Professor Brian McCall<br \/> Elizabeth Yore<br \/> Timothy J. Cullen<br \/> Judge Andrew P. Napolitano<br \/> Chris Jackson<br \/> Eric Frankovitch<br \/> Michael Lofton<br \/> Father Celatus<br \/> Connie Bagnoli<br \/> Susan Claire Potts<br \/> Robert Siscoe<br \/> John Salza, Esq.<br \/> James Cunningham&lt;<br \/> Vincent Chiarello<br \/> John Vennari<\/p><h4>\u00a0<\/h4><hr style=\"background-color: #000000; border-width: 0; color: #000000; height: 2px; line-height: 0; text-align: center; width: 100%;\" \/><h4>\u00a0<\/h4><p>Petycja dost\u0119pna jest na stronie:<\/p><p><strong><a href=\"http:\/\/remnantnewspaper.com\/web\/index.php\/articles\/item\/2198-the-year-of-mercy-begins\">http:\/\/remnantnewspaper.com\/<\/a><\/strong><\/p><p>&#8222;The Year of Mercy Begins: An Open Letter to Pope Francis&#8221; &#8211; &#8222;Na pocz\u0105tek Roku Mi\u0142osierdzia: List otwarty do papie\u017ca Franciszka&#8221;<br \/><br \/><\/p><p>___________________<\/p><p><strong>\u00a0<\/strong><\/p><p>T\u0142umaczenie: <em>BIBU\u0141A<\/em><\/p><p>T\u0142umaczenie pierwotne: <a href=\"http:\/\/rzymski-katolik.blogspot.com\/2015\/12\/na-poczatek-roku-miosierdzia-list.html\">Rzymski Katolik (16 grudnia 2015)<\/a><\/p><h4>\u00a0<\/h4><hr style=\"background-color: #000000; border-width: 0; color: #000000; height: 2px; line-height: 0; text-align: center; width: 100%;\" \/><h4>\u00a0<\/h4>","protected":false},"excerpt":{"rendered":"Grupa ameryka\u0144skich intelektualist\u00f3w, najbardziej zatroskanych o Ko\u015bci\u00f3\u0142 katolicki wystosowa\u0142a List otwarty do papie\u017ca Franciszka, z gor\u0105c\u0105 pro\u015bb\u0105 aby &#8222;zmieni\u0142 kurs swojego pontyfikatu dla dobra Ko\u015bcio\u0142a i dobra dusz&#8221;, b\u0105d\u017a zrezygnowa\u0142 z Urz\u0119du. Sygnatariuszami Listu wraz z za\u0142\u0105czonym dokumentem (Libellus) s\u0105 m.in. Christopher Ferrara, prawnik i za\u0142o\u017cyciel American Catholic Lawyers Association; John Vennari, redaktor naczelny The [&hellip;]","protected":false},"author":1,"featured_media":0,"comment_status":"closed","ping_status":"closed","sticky":false,"template":"","format":"standard","meta":{"_acf_changed":false,"_monsterinsights_skip_tracking":false,"_monsterinsights_sitenote_active":false,"_monsterinsights_sitenote_note":"","_monsterinsights_sitenote_category":0,"ngg_post_thumbnail":0,"footnotes":"","_wp_rev_ctl_limit":""},"categories":[3,328],"tags":[301,41,33],"acf":[],"_links":{"self":[{"href":"https:\/\/www.bibula.com\/index.php?rest_route=\/wp\/v2\/posts\/84676"}],"collection":[{"href":"https:\/\/www.bibula.com\/index.php?rest_route=\/wp\/v2\/posts"}],"about":[{"href":"https:\/\/www.bibula.com\/index.php?rest_route=\/wp\/v2\/types\/post"}],"author":[{"embeddable":true,"href":"https:\/\/www.bibula.com\/index.php?rest_route=\/wp\/v2\/users\/1"}],"replies":[{"embeddable":true,"href":"https:\/\/www.bibula.com\/index.php?rest_route=%2Fwp%2Fv2%2Fcomments&post=84676"}],"version-history":[{"count":0,"href":"https:\/\/www.bibula.com\/index.php?rest_route=\/wp\/v2\/posts\/84676\/revisions"}],"wp:attachment":[{"href":"https:\/\/www.bibula.com\/index.php?rest_route=%2Fwp%2Fv2%2Fmedia&parent=84676"}],"wp:term":[{"taxonomy":"category","embeddable":true,"href":"https:\/\/www.bibula.com\/index.php?rest_route=%2Fwp%2Fv2%2Fcategories&post=84676"},{"taxonomy":"post_tag","embeddable":true,"href":"https:\/\/www.bibula.com\/index.php?rest_route=%2Fwp%2Fv2%2Ftags&post=84676"}],"curies":[{"name":"wp","href":"https:\/\/api.w.org\/{rel}","templated":true}]}}