{"id":84586,"date":"2015-12-11T15:45:45","date_gmt":"2015-12-11T20:45:45","guid":{"rendered":"http:\/\/www.bibula.com\/?p=84586"},"modified":"2015-12-11T19:59:52","modified_gmt":"2015-12-12T00:59:52","slug":"zeby-nas-ktos-znowu-nie-wyrolowal-o-tadeusz-rydzyk-o-kancelarii-prezydenta-andrzeja-dudy","status":"publish","type":"post","link":"https:\/\/www.bibula.com\/?p=84586","title":{"rendered":"&#8222;\u0179eby nas kto\u015b znowu nie wyrolowa\u0142&#8221; &#8211; o. Tadeusz Rydzyk o Kancelarii Prezydenta Andrzeja Dudy"},"content":{"rendered":"<p><strong>Podczas audycji Rozmowy Niedoko\u0144czone w Radio Maryja (10 grudnia 2015), zadzwoni\u0142 do studia o. Tadeusz Rydzyk i zwr\u00f3ci\u0142 uwag\u0119 na niebezpieczne tendencje w Kancelarii Prezydenta Andrzeja Dudy.\u00a0 <br \/> <\/strong><\/p><blockquote><p>&#8222;Ot\u00f3\u017c w\u0142a\u015bnie teraz, od tych spraw medialnych w Kancelarii Prezydent jest redaktor Gazety Wyborczej &#8211; oddzia\u0142 Pozna\u0144. <strong>I jeszcze jeden smaczek powiem Wam: ju\u017c Nasz Dziennik, redakcja Naszego Dziennika dosta\u0142a odmow\u0119 \u017ceby towarzyszy\u0142a Prezydentowi do Kijowa<\/strong>. Warto to wiedzie\u0107. Niech sobie s\u0142uchacze to zapami\u0119taj\u0105. Obserwujmy. Bo my\u015bmy zaufali. Zaufali\u015bmy&#8230; \u0179eby nas kto\u015b znowu\u017c nie wyrolowa\u0142&#8230; Rozumiecie mnie&#8230;<\/p><p>(<em>g\u0142os ze studia<\/em>:) -S\u0142uchamy w zdumieniu.<\/p><p>&#8211; Ale to s\u0105 fakty! To s\u0105 fakty! Przedtem by\u0142a&#8230; osoba pracowa\u0142a w Agorze&#8230; tamta osoba&#8230; To by\u0142o z nadania jeszcze Komorowskiego&#8230; to rozumiem. A teraz przychodzi dziennikarz Gazety Wyborczej&#8230;. A nas katolik\u00f3w: Nasz Dziennik i Radio Maryja, tak kochaj\u0105, jak psy dziada&#8230;<strong> Wtedy kiedy nas potrzebuj\u0105 to przychodz\u0105. To jest sprawa jasna: \u017ceby wybory wygra\u0107.<\/strong> I zobaczymy czy teraz tak samo jest. Nie b\u00f3jmy si\u0119 tego m\u00f3wi\u0107. Trzeba to m\u00f3wi\u0107, \u017ceby nie by\u0142o&#8230; Bo b\u0119dzie za p\u00f3\u017ano. Kto z kim gra. Patrzmy o co tu chodzi. Aby nie by\u0142o za p\u00f3\u017ano&#8230;&#8221;<\/p><p><em>o. Tadeusz Rydzyk<\/em><\/p><p>Rozmowy Niedoko\u0144czone, <a href=\"http:\/\/www.radiomaryja.pl\/multimedia\/stan-mediow-w-polsce-postulaty-zmian-cz-i-tv-trwam\/\">&#8222;Stan medi\u00f3w w Polsce. Postulaty zmian cz.I&#8221;<\/a>, 10 grudnia 2015 \/ 21:30. Wyk\u0142adowcy WSKSiM: dr Hanna Karp &#8211; medioznawca, dr Pawe\u0142 Pasionek &#8211; medioznawca<\/p><p>Wypowied\u017a: 41:18<\/p><\/blockquote><p>Link: <a href=\"https:\/\/www.youtube.com\/watch?v=YT563tKNC2g&amp;feature=youtu.be&amp;t=41m18s\">https:\/\/www.youtube.com\/watch?v=YT563tKNC2g&amp;feature=youtu.be&amp;t=41m18s<\/a><\/p><h4>\u00a0<\/h4><hr style=\"background-color: #000000; border-width: 0; color: #000000; height: 2px; line-height: 0; text-align: center; width: 100%;\" \/><h4>\u00a0<\/h4>","protected":false},"excerpt":{"rendered":"Podczas audycji Rozmowy Niedoko\u0144czone w Radio Maryja (10 grudnia 2015), zadzwoni\u0142 do studia o. Tadeusz Rydzyk i zwr\u00f3ci\u0142 uwag\u0119 na niebezpieczne tendencje w Kancelarii Prezydenta Andrzeja Dudy.\u00a0 &#8222;Ot\u00f3\u017c w\u0142a\u015bnie teraz, od tych spraw medialnych w Kancelarii Prezydent jest redaktor Gazety Wyborczej &#8211; oddzia\u0142 Pozna\u0144. I jeszcze jeden smaczek powiem Wam: ju\u017c Nasz Dziennik, redakcja Naszego [&hellip;]","protected":false},"author":1,"featured_media":0,"comment_status":"closed","ping_status":"closed","sticky":false,"template":"","format":"standard","meta":{"_acf_changed":false,"_monsterinsights_skip_tracking":false,"_monsterinsights_sitenote_active":false,"_monsterinsights_sitenote_note":"","_monsterinsights_sitenote_category":0,"ngg_post_thumbnail":0,"footnotes":"","_wp_rev_ctl_limit":""},"categories":[8],"tags":[349,98,83],"acf":[],"_links":{"self":[{"href":"https:\/\/www.bibula.com\/index.php?rest_route=\/wp\/v2\/posts\/84586"}],"collection":[{"href":"https:\/\/www.bibula.com\/index.php?rest_route=\/wp\/v2\/posts"}],"about":[{"href":"https:\/\/www.bibula.com\/index.php?rest_route=\/wp\/v2\/types\/post"}],"author":[{"embeddable":true,"href":"https:\/\/www.bibula.com\/index.php?rest_route=\/wp\/v2\/users\/1"}],"replies":[{"embeddable":true,"href":"https:\/\/www.bibula.com\/index.php?rest_route=%2Fwp%2Fv2%2Fcomments&post=84586"}],"version-history":[{"count":0,"href":"https:\/\/www.bibula.com\/index.php?rest_route=\/wp\/v2\/posts\/84586\/revisions"}],"wp:attachment":[{"href":"https:\/\/www.bibula.com\/index.php?rest_route=%2Fwp%2Fv2%2Fmedia&parent=84586"}],"wp:term":[{"taxonomy":"category","embeddable":true,"href":"https:\/\/www.bibula.com\/index.php?rest_route=%2Fwp%2Fv2%2Fcategories&post=84586"},{"taxonomy":"post_tag","embeddable":true,"href":"https:\/\/www.bibula.com\/index.php?rest_route=%2Fwp%2Fv2%2Ftags&post=84586"}],"curies":[{"name":"wp","href":"https:\/\/api.w.org\/{rel}","templated":true}]}}