{"id":84582,"date":"2015-12-11T14:36:19","date_gmt":"2015-12-11T19:36:19","guid":{"rendered":"http:\/\/www.bibula.com\/?p=84582"},"modified":"2015-12-11T14:36:19","modified_gmt":"2015-12-11T19:36:19","slug":"niemiecka-interwencja-w-polsce-w-szczecinie-w-obronie-demokracji-beda-manifestowali-obcokrajowcy","status":"publish","type":"post","link":"https:\/\/www.bibula.com\/?p=84582","title":{"rendered":"Niemiecka interwencja w Polsce? W Szczecinie w \u201eobronie demokracji&#8221; b\u0119d\u0105 manifestowali obcokrajowcy"},"content":{"rendered":"<p><strong>Dotychczasowa dzia\u0142alno\u015b\u0107 Komitet\u00f3w Obrony Demokracji ogranicza\u0142a si\u0119 do kilkunastoosobowych pikiet szumnie nag\u0142a\u015bnianych przez liberalne media. W ten weekend skala akcji ulicznych mo\u017ce si\u0119 powi\u0119kszy\u0107. Wszystko za spraw\u0105 zaproszonych go\u015bci. Skoro Polacy nie pal\u0105 si\u0119 do wychodzenia na ulice w obronie rzekomo zagro\u017conej demokracji, polskim post\u0119powcom przyjd\u0105 na pomoc \u201ego\u015bcie\u201d z Niemiec. <br \/><\/strong><\/p><p>12 grudnia na ulice Szczecina wyjd\u0105 dzia\u0142acze Komitetu Obrony Demokracji. Jak wynika z zapowiedzi \u201eGazety Wyborczej\u201d, przy\u0142\u0105czy\u0107 si\u0119 do nich maj\u0105 partyjni aktywi\u015bci Platformy Obywatelskiej i Nowoczesnej. Na tym jednak lista obro\u0144c\u00f3w systemu i ich manifestacji si\u0119 nie ko\u0144czy.<\/p><p>W niedziel\u0119 stolica Pomorza Zachodniego b\u0119dzie \u015bwiadkiem drugiego wydarzenia o zbli\u017conym profilu ideowym. Wiele wskazuje na to, \u017ce wezm\u0105 w nich udzia\u0142 ci sami ludzie. Tym razem organizatorem b\u0119dzie stowarzyszenie Otwarta Rzeczpospolita. Wiec ma na celu walk\u0119 z rzekomymi przejawami nietolerancji i rasizmu.<\/p><p>Do manifestacji przy\u0142\u0105cz\u0105 si\u0119 post\u0119powi aktywi\u015bci z Niemiec, kt\u00f3rzy chc\u0105 wesprze\u0107 swoich lewicowo-liberalnych braci w walce o demokracj\u0119 nad Wis\u0142\u0105.<\/p><p>&#8211; <em>Niemiecka inteligencja czyta o Polsce i jest zaniepokojona tym, co si\u0119 u nas dzieje. Nie mo\u017cna nie zauwa\u017cy\u0107, \u017ce przekaz w cz\u0119\u015bci niemieckich medi\u00f3w jest alarmistyczny<\/em> &#8211; powiedzia\u0142 \u201eGazecie Wyborczej\u201d Andrzej Kotula, wsp\u00f3\u0142za\u0142o\u017cyciel Polsko-Niemieckiego Klubu Dziennikarzy \u201ePod Stereo-Typami\u201d oraz pracownik Euroregionu Pomerania.<\/p><p>Czy na weekendowych manifestacjach szczeci\u0144skich post\u0119powc\u00f3w b\u0119dzie wi\u0119cej Niemc\u00f3w ni\u017c Polak\u00f3w? Zwa\u017cywszy na frekwencj\u0119 na dotychczasowych akcjach Komitetu Obrony Demokracji istnieje takie ryzyko.<\/p><p>Przyjacielskie wizyty niemieckich lewicowych aktywist\u00f3w kojarz\u0105 si\u0119 wielu Polakom negatywnie.\u00a0Niemieccy anarchi\u015bci w 2011 roku zostali zaproszeni przez ich polskoj\u0119zycznych przyjaci\u00f3\u0142 do blokowania legalnego Marszu Niepodleg\u0142o\u015bci. Zaatakowali wtedy na ulicach Warszawy polskie grupy rekonstrukcyjne paraduj\u0105ce po stolicy w historycznych mundurach.<\/p><p>\u0179r\u00f3d\u0142o: szczecin.wyborcza.pl<\/p><p>MW\u0142<\/p>","protected":false},"excerpt":{"rendered":"Dotychczasowa dzia\u0142alno\u015b\u0107 Komitet\u00f3w Obrony Demokracji ogranicza\u0142a si\u0119 do kilkunastoosobowych pikiet szumnie nag\u0142a\u015bnianych przez liberalne media. W ten weekend skala akcji ulicznych mo\u017ce si\u0119 powi\u0119kszy\u0107. Wszystko za spraw\u0105 zaproszonych go\u015bci. Skoro Polacy nie pal\u0105 si\u0119 do wychodzenia na ulice w obronie rzekomo zagro\u017conej demokracji, polskim post\u0119powcom przyjd\u0105 na pomoc \u201ego\u015bcie\u201d z Niemiec. 12 grudnia na ulice [&hellip;]","protected":false},"author":1,"featured_media":0,"comment_status":"closed","ping_status":"closed","sticky":false,"template":"","format":"standard","meta":{"_acf_changed":false,"_monsterinsights_skip_tracking":false,"_monsterinsights_sitenote_active":false,"_monsterinsights_sitenote_note":"","_monsterinsights_sitenote_category":0,"ngg_post_thumbnail":0,"footnotes":"","_wp_rev_ctl_limit":""},"categories":[8],"tags":[66,124,98,20],"acf":[],"_links":{"self":[{"href":"https:\/\/www.bibula.com\/index.php?rest_route=\/wp\/v2\/posts\/84582"}],"collection":[{"href":"https:\/\/www.bibula.com\/index.php?rest_route=\/wp\/v2\/posts"}],"about":[{"href":"https:\/\/www.bibula.com\/index.php?rest_route=\/wp\/v2\/types\/post"}],"author":[{"embeddable":true,"href":"https:\/\/www.bibula.com\/index.php?rest_route=\/wp\/v2\/users\/1"}],"replies":[{"embeddable":true,"href":"https:\/\/www.bibula.com\/index.php?rest_route=%2Fwp%2Fv2%2Fcomments&post=84582"}],"version-history":[{"count":0,"href":"https:\/\/www.bibula.com\/index.php?rest_route=\/wp\/v2\/posts\/84582\/revisions"}],"wp:attachment":[{"href":"https:\/\/www.bibula.com\/index.php?rest_route=%2Fwp%2Fv2%2Fmedia&parent=84582"}],"wp:term":[{"taxonomy":"category","embeddable":true,"href":"https:\/\/www.bibula.com\/index.php?rest_route=%2Fwp%2Fv2%2Fcategories&post=84582"},{"taxonomy":"post_tag","embeddable":true,"href":"https:\/\/www.bibula.com\/index.php?rest_route=%2Fwp%2Fv2%2Ftags&post=84582"}],"curies":[{"name":"wp","href":"https:\/\/api.w.org\/{rel}","templated":true}]}}