{"id":84577,"date":"2015-12-11T10:31:05","date_gmt":"2015-12-11T15:31:05","guid":{"rendered":"http:\/\/www.bibula.com\/?p=84577"},"modified":"2015-12-11T10:32:16","modified_gmt":"2015-12-11T15:32:16","slug":"konfrontacja-czy-prowokacja","status":"publish","type":"post","link":"https:\/\/www.bibula.com\/?p=84577","title":{"rendered":"Konfrontacja, czy prowokacja?"},"content":{"rendered":"<p>No i jak\u017ce tu lekcewa\u017cy\u0107 spostrze\u017cenia Ojca Narod\u00f3w, Chor\u0105\u017cego Pokoju, klasyka demokracji J\u00f3zefa Stalina, kt\u00f3ry w dodatku potrafi\u0142 ka\u017cde z nich przedstawi\u0107 w postaci pe\u0142nej tre\u015bci i m\u0105dro\u015bci spi\u017cowej sentencji &#8211; na przyk\u0142ad, \u017ce walka klasowa zaostrza si\u0119 w miar\u0119 post\u0119p\u00f3w socjalizmu? Socjalizm post\u0119puje u nas nieub\u0142aganie; w\u0142a\u015bnie pan minister Konstanty Radziwi\u0142\u0142 przedstawi\u0142 plan likwidacji Narodowego Funduszu Zdrowia, w zwi\u0105zku z czym pieni\u0105dze pochodz\u0105ce z tak zwanej \u201e<i>sk\u0142adki<\/i>\u201d b\u0119dzie rozdziela\u0142 rz\u0105d za po\u015brednictwem wojewod\u00f3w &#8211; a to przecie\u017c dopiero pocz\u0105tek wiekopomnych reform, z kt\u00f3rych w przesz\u0142o\u015bci zas\u0142yn\u0105\u0142 charyzmatyczny premier Jerzy Buzek. Ciekawe, czy temu etapowi reformy ochrony zdrowia b\u0119dzie te\u017c towarzyszy\u0142a doktryna, \u017ce \u201e<i>pieni\u0105dze id\u0105 za pacjentem<\/i>\u201d, czy te\u017c specjali\u015bci od politycznego marketingu wymy\u015bl\u0105 co\u015b jeszcze bardziej oryginalnego? Ale to niewa\u017cne, bo wa\u017cniejsza jest oczywi\u015bcie zaostrzaj\u0105ca si\u0119 walka klasowa.<\/p><p>Czwartkowe or\u0119dzie pana prezydenta Andrzeja Dudy, w kt\u00f3rym w og\u00f3le ani s\u0142owem nie wspomnia\u0142 o wyroku Trybuna\u0142u Konstytucyjnego, kt\u00f3ry oczekiwa\u0142 od niego, \u017ce odbierze \u015blubowanie r\u00f3wnie\u017c od trzech s\u0119dzi\u00f3w wybranych przez poprzedni Sejm oznacza, \u017ce PiS nie uchyla si\u0119 przed konfrontacj\u0105. No dobrze &#8211; ale z kim? Czy drug\u0105 stron\u0105 wojuj\u0105c\u0105 jest Platforma Obywatelska &#8211; no bo chyba nie Polskie Stronnictwo Ludowe, z kt\u00f3rego w Sejmie pozosta\u0142y szcz\u0105tki w postaci ministra-ministrowicza Kosiniaka-Kamysza? Ale Platforma Obywatelska te\u017c nie jest stron\u0105, a w ka\u017cdym razie &#8211; nie jest stron\u0105 samoistn\u0105, jako \u017ce utworzona zosta\u0142a w nast\u0119pstwie wielu indywidualnych rozm\u00f3w i bliskich spotka\u0144 III stopnia, jakie odbywa\u0142 z konfidentami i innymi osobisto\u015bciami pan genera\u0142 Gromos\u0142aw Czempi\u0144ski, a pewnie nie tylko on jeden. Pan genera\u0142 Gromos\u0142aw, obok pana genera\u0142a Marka Dukaczewskiego i innych, jest wybitnym uczestnikiem RAZWIEDUPR-a, kt\u00f3ry w nast\u0119pstwie Mi\u0119dzynarodowej Konferencji Naukowej \u201e<i>Most<\/i>\u201d z udzia\u0142em ubek\u00f3w izraelskich, z\u0142o\u017cywszy naszemu sojusznikowi ofert\u0119 utrzymywania w ryzach mniej warto\u015bciowego narodu tubylczego w zamian za pozwolenie na dalsz\u0105 okupacj\u0119 naszego nieszcz\u0119\u015bliwego kraju, zosta\u0142 wci\u0105gni\u0119ty na list\u0119 \u201e<i>naszych sukinsyn\u00f3w<\/i>\u201d, dzi\u0119ki czemu zachowa\u0142 status strony wojuj\u0105cej. W odr\u00f3\u017cnieniu od sytuacji z 13 grudnia 1981 roku, kiedy to RAZWIEDUPR nad praworz\u0105dno\u015b\u0107 przedk\u0142ada\u0142 \u201e<i>socjalizm<\/i>\u201d, tym razem stan\u0105\u0142 na nieub\u0142aganym stanowisku obrony demokracji, w kt\u00f3rej, jak wiadomo, najwa\u017cniejsze s\u0105 zachowania sportowe. Wiemy, o co walczymy i za co zginiemy &#8211; a gorycz odej\u015bcia b\u0119dzie nam os\u0142adza\u0107 \u015bwiadomo\u015b\u0107, \u017ce pociski, kt\u00f3re nas \u015bmiertelnie ugodzi\u0142y, mia\u0142y kalibery zgodne z konstytucj\u0105 i ustawami.<\/p><p>Ale na wojnie &#8211; jak to na wojnie; zaplanowana strategia swoj\u0105 drog\u0105, a sytuacyjna improwizacja &#8211; swoj\u0105. O ile RAZWIEDUPR ma chyba do\u015b\u0107 dobre rozpoznanie przeciwnika, o tyle PiS musi ucieka\u0107 si\u0119 do rozpoznania walk\u0105, zmuszaj\u0105c przeciwnika do stopniowego mobilizowania wszystkich swoich rezerw. Z jednej strony sprawia to wra\u017cenie pot\u0119\u017cnego ruchu spo\u0142ecznego, gotowego w obronie demokracji i konstytucji na wszystko, ale z drugiej &#8211; musi pokaza\u0107, czym dysponuje, a wi\u0119c przede wszystkim agentur\u0119 w r\u00f3\u017cnych \u015brodowiskach spo\u0142ecznych, po\u017cytecznych idiot\u00f3w, no i sojusznik\u00f3w. Dlaczego w\u015br\u00f3d sojusznik\u00f3w RAZWIEDUPRA znale\u017ali si\u0119 przedstawiciele lobby \u017cydowskiego w osobach uczestnik\u00f3w Zakonu Syn\u00f3w Przymierza, a \u017cydowska gazeta dla Polak\u00f3w jednym susem wskoczy\u0142a do pierwszego szeregu p\u0142omiennych obro\u0144c\u00f3w demokracji, co to podnosz\u0105cemu g\u0142ow\u0119 \u201e<i>faszyzmowi<\/i>\u201d robi\u0105 \u201e<i>no pasaran<\/i>\u201d &#8211; na to snop \u015bwiat\u0142a rzuca obecno\u015b\u0107 ubek\u00f3w izraelskich w charakterze \u017cyrant\u00f3w na konferencji \u201e<i>Most<\/i>\u201d.<\/p><p><span class=\"pullquote\">Jaki interes maj\u0105 \u017bydzi w rozpalaniu w naszym nieszcz\u0119\u015bliwym kraju nie tylko politycznego konfliktu &#8211; nietrudno si\u0119 domy\u015bli\u0107 ju\u017c cho\u0107by z powodu koordynacji \u017cydowskiej polityki historycznej z polityk\u0105 historyczn\u0105 niemieck\u0105<\/span>, wi\u0119c nic dziwnego, \u017ce nie tylko \u201e<i>z\u0142o\u015b\u0107<\/i>\u201d, ale i \u201e<i>z\u0142oto<\/i>\u201d od finansowego grandziarza p\u0142ynie strumieniem do kieszeni \u201e<i>obro\u0144c\u00f3w demokracji<\/i>\u201d. Oczywi\u015bcie nie do wszystkich, bo niekt\u00f3rzy my\u015bl\u0105, \u017ce to wszystko naprawd\u0119 i \u0107wierkaj\u0105 za darmo. Na przyk\u0142ad pan Jerzy St\u0119pie\u0144, s\u0119dzia TK w stanie spoczynku, zamiast spoczywa\u0107 w pokoju, w dyrdy biega jak nie do resortowej \u201e<i>Strokrotki<\/i>\u201d, to do innych funkcjonariuszy, zapewne w przekonaniu, \u017ce odgrywa historyczn\u0105 rol\u0119. A konfidenci &#8211; no c\u00f3\u017c; nie wspominam ju\u017c o Komitecie Obrony Demokracji ale skoro Rada Wydzia\u0142u Prawnego UJ zaprotestowa\u0142a przeciwko prezydentowi Dudzie w podobny spos\u00f3b, jak kiedy\u015b Rada Wydzia\u0142u Humanistycznego KUL z inspiracji Jego Ekscelencji nieboszczyka \u201e<i>Filozofa<\/i>\u201d przeciwko mnie &#8211; to jak\u017ce tu nie podejrzewa\u0107 wiadomych mechanizm\u00f3w?<\/p><p>Ale to s\u0105 tylko takie przepychanki, podobne tym na alei Szucha, gdzie przed siedzib\u0105 TK licytowano si\u0119 na pikiety. Chcia\u0142bym zwr\u00f3ci\u0107 uwag\u0119 na wypowied\u017a Kornela Morawieckiego, kt\u00f3ry przestrzega\u0142 przed \u201e<i>uleganiem prowokacji<\/i>\u201d. Co mia\u0142 na my\u015bli? Tego nie wiem, ale pewnej wskaz\u00f3wki dostarcza moment uchwalenia ustawy o TK: 25 czerwca br. &#8211; a wi\u0119c zaledwie w tydzie\u0144 po ubeckiej konferencji \u201e<i>Most<\/i>\u201d. Przedtem rzecz by\u0142a wa\u0142kowana przez ca\u0142e dwa lata, a tu prosz\u0119 &#8211; kiedy si\u0119 okaza\u0142o, \u017ce prezydent Komorowski przer\u017cn\u0105\u0142, a sojusznik przyj\u0105\u0142 ofert\u0119 &#8211; od razu tempo stachanowskie. Pierwszorz\u0119dni fachowcy z bezpieki zadbali oczywi\u015bcie, \u017ceby by\u0142o jeszcze lepiej i zasuflowali ostentacj\u0119 w postaci wybrania dodatkowych s\u0119dzi\u00f3w, chocia\u017c PO wcale przecie\u017c nie musia\u0142a tego robi\u0107. Na taki haczyk PiS ju\u017c musia\u0142 si\u0119 z\u0142apa\u0107 i w rezultacie dosz\u0142o do zamieszania w ramach kt\u00f3rego pan prezydent narazi\u0142 si\u0119 na zarzut konstytucyjnego deliktu.<\/p><p>Z obfito\u015bci serca usta m\u00f3wi\u0105, wi\u0119c nic dziwnego, \u017ce pan Ryszard Petru z Nowoczesnej, kt\u00f3r\u0105 podejrzewam, \u017ce jest wynalazkiem RAZWIEDUPR-a, ju\u017c przeb\u0105kuje o Trybunale Stanu dla Prezydenta. Jestem pewien, \u017ce taki w\u0142a\u015bnie fina\u0142 zosta\u0142 wkalkulowany tym bardziej, \u017ce w ustawie o TK rozdzia\u0142 10 ustanawia mo\u017cliwo\u015b\u0107 \u201e<i>marsza\u0142kowskiego<\/i>\u201d zamachu stanu; marsza\u0142ek Sejmu mo\u017ce wyst\u0105pi\u0107 do TK o uznanie, i\u017c prezydent \u201e<i>przej\u015bciowo<\/i>\u201d nie mo\u017ce pe\u0142ni\u0107 swego urz\u0119du. Marsza\u0142ek Komorowski przej\u0105\u0142 obowi\u0105zki na podstawie komunikatu pani red. Justyny Pochanke, a teraz Trybuna\u0142, wi\u0119c post\u0119p jest. Wszystko zatem wisi na 5 pos\u0142ach. Wojna dopiero si\u0119 zaczyna, wi\u0119c i RAZWIEDUPR nie powiedzia\u0142 ostatniego s\u0142owa. A jakie mo\u017ce by\u0107 ostatnie s\u0142owo? Jurysprudencka kazuistyka wok\u00f3\u0142 Trybuna\u0142u specjalnych emocji w szerszych kr\u0119gach nie wzbudza. Pr\u00f3ba z\u0142o\u017cenia prezydenta z urz\u0119du &#8211; aaa, to co innego. To mo\u017ce doprowadzi\u0107 do emocji i rozruch\u00f3w, kt\u00f3re &#8211; kto wie? &#8211; mo\u017ce trzeba by u\u015bmierza\u0107 z wykorzystaniem ustawy o \u201e<i>bratniej pomocy<\/i>\u201d no i przede wszystkim &#8211; \u201e<i>klauzuli solidarno\u015bci<\/i>\u201d z traktatu lizbo\u0144skiego, przewiduj\u0105cej \u201e<i>bratni\u0105 pomoc<\/i>\u201d w razie konieczno\u015bci \u201e<i>obrony demokracji<\/i>\u201d w kraju cz\u0142onkowskim UE. Podejrzewam, \u017ce RAZWIEDUPR r\u00f3wnie\u017c t\u0119 ewentualno\u015b\u0107 wkalkulowa\u0142 &#8211; bo chyba nikt nie w\u0105tpi, \u017ce jest do tego zdolny?<\/p><p><strong><em>Stanis\u0142aw Michalkiewicz<\/em><\/strong><\/p><p><i>Sta\u0142y komentarz Stanis\u0142awa Michalkiewicza ukazuje si\u0119 w ka\u017cdym numerze tygodnika \u201eNajwy\u017cszy Czas!\u201d.<\/i><\/p><p>Felieton \u00a0<b>\u2022<\/b>\u00a0 tygodnik \u201eNajwy\u017cszy Czas!\u201d \u00a0<b>\u2022<\/b>\u00a0 11 grudnia 2015<\/p>","protected":false},"excerpt":{"rendered":"No i jak\u017ce tu lekcewa\u017cy\u0107 spostrze\u017cenia Ojca Narod\u00f3w, Chor\u0105\u017cego Pokoju, klasyka demokracji J\u00f3zefa Stalina, kt\u00f3ry w dodatku potrafi\u0142 ka\u017cde z nich przedstawi\u0107 w postaci pe\u0142nej tre\u015bci i m\u0105dro\u015bci spi\u017cowej sentencji &#8211; na przyk\u0142ad, \u017ce walka klasowa zaostrza si\u0119 w miar\u0119 post\u0119p\u00f3w socjalizmu? Socjalizm post\u0119puje u nas nieub\u0142aganie; w\u0142a\u015bnie pan minister Konstanty Radziwi\u0142\u0142 przedstawi\u0142 plan likwidacji [&hellip;]","protected":false},"author":1,"featured_media":0,"comment_status":"closed","ping_status":"closed","sticky":false,"template":"","format":"standard","meta":{"_acf_changed":false,"_monsterinsights_skip_tracking":false,"_monsterinsights_sitenote_active":false,"_monsterinsights_sitenote_note":"","_monsterinsights_sitenote_category":0,"ngg_post_thumbnail":0,"footnotes":"","_wp_rev_ctl_limit":""},"categories":[9],"tags":[349,84,98,53,34],"acf":[],"_links":{"self":[{"href":"https:\/\/www.bibula.com\/index.php?rest_route=\/wp\/v2\/posts\/84577"}],"collection":[{"href":"https:\/\/www.bibula.com\/index.php?rest_route=\/wp\/v2\/posts"}],"about":[{"href":"https:\/\/www.bibula.com\/index.php?rest_route=\/wp\/v2\/types\/post"}],"author":[{"embeddable":true,"href":"https:\/\/www.bibula.com\/index.php?rest_route=\/wp\/v2\/users\/1"}],"replies":[{"embeddable":true,"href":"https:\/\/www.bibula.com\/index.php?rest_route=%2Fwp%2Fv2%2Fcomments&post=84577"}],"version-history":[{"count":0,"href":"https:\/\/www.bibula.com\/index.php?rest_route=\/wp\/v2\/posts\/84577\/revisions"}],"wp:attachment":[{"href":"https:\/\/www.bibula.com\/index.php?rest_route=%2Fwp%2Fv2%2Fmedia&parent=84577"}],"wp:term":[{"taxonomy":"category","embeddable":true,"href":"https:\/\/www.bibula.com\/index.php?rest_route=%2Fwp%2Fv2%2Fcategories&post=84577"},{"taxonomy":"post_tag","embeddable":true,"href":"https:\/\/www.bibula.com\/index.php?rest_route=%2Fwp%2Fv2%2Ftags&post=84577"}],"curies":[{"name":"wp","href":"https:\/\/api.w.org\/{rel}","templated":true}]}}