{"id":84573,"date":"2015-12-11T10:21:08","date_gmt":"2015-12-11T15:21:08","guid":{"rendered":"http:\/\/www.bibula.com\/?p=84573"},"modified":"2015-12-11T10:21:08","modified_gmt":"2015-12-11T15:21:08","slug":"hipermarkety-zaplaca-podatek-niedzielny-resort-finansow-chce-ograniczyc-przymus-pracy-w-swieta","status":"publish","type":"post","link":"https:\/\/www.bibula.com\/?p=84573","title":{"rendered":"Hipermarkety zap\u0142ac\u0105 podatek \u201eniedzielny&#8221;? Resort finans\u00f3w chce ograniczy\u0107 przymus pracy w \u015bwi\u0119ta"},"content":{"rendered":"<p><strong>W projekcie ustawy reguluj\u0105cej nowe zasady p\u0142acenia podatk\u00f3w przez sklepy wielkopowierzchniowe ma znale\u017a\u0107 si\u0119 propozycja podatkowa dla przedsi\u0119biorc\u00f3w prowadz\u0105cych sprzeda\u017c w niedziel\u0119. Dodatkowe obci\u0105\u017cenie ma docelowo ograniczy\u0107 niedzielny handel, a przez to zmniejszy\u0107 zjawisko zmuszania pracownik\u00f3w do pracy w dni \u015bwi\u0105teczne.<\/strong><\/p><p>O propozycji nowego rozwi\u0105zania poinformowa\u0142 J\u00f3zef Pyzik, prezes s\u0105deckiej Kongregacji Kupieckiej, na antenie Radia Krak\u00f3w. Pyzik reprezentuje s\u0105deckich kupc\u00f3w w konsultacjach spo\u0142ecznych dotycz\u0105cych opiniowania przygotowywanego w Ministerstwie Finans\u00f3w projektu ustawy.<\/p><p>&#8211; Od dawna uwa\u017cali\u015bmy, \u017ce zmuszanie do pracy w niedziel\u0119 to co\u015b, z czym trzeba walczy\u0107. Jest przymus pracy w niedziel\u0119. Czy kt\u00f3ra\u015b z kasjerek mo\u017ce odm\u00f3wi\u0107 pracy w niedziel\u0119? Ona automatycznie traci prac\u0119. Na jej miejsce czeka w kolejce 20 kolejnych os\u00f3b &#8211; powiedzia\u0142 J\u00f3zef Pyzik.<\/p><p>Rozwi\u0105zanie przypad\u0142o do gustu s\u0105deckiej KK, kt\u00f3ra oceni\u0142a, \u017ce dodatkowe obci\u0105\u017cenie niedzielnego utargu mo\u017ce okaza\u0107 si\u0119 tu skutecznym narz\u0119dziem. Jak zauwa\u017cy\u0142 Pyzik, np. we Francji to wysokie koszty pracownicze zdecydowa\u0142y, \u017ce w\u0142a\u015bciciele plac\u00f3wek handlowych niech\u0119tnie otwieraj\u0105 sklepy w niedziel\u0119.<\/p><p>Konsultacje w MF dotycz\u0105 projektu ustawy nak\u0142adaj\u0105cej na sieci handlowe podatek od sklep\u00f3w wielkopowierzchniowych. Chodzi o to, by cz\u0119\u015b\u0107 dochod\u00f3w jakie zagraniczne koncerny transferuj\u0105 z Polski pozosta\u0142o w kraju, w kt\u00f3rym \u00f3w zysk jest generowany. Wed\u0142ug wylicze\u0144 projektodawc\u00f3w, w roku 2013 detaliczne sieci handlowe &#8211; jest ich 175 &#8211; zap\u0142aci\u0142o \u0142\u0105cznie 440 mln z\u0142 podatku. Stanowi to niespe\u0142na 0,5 proc. ich przychod\u00f3w.<\/p><p>Pocz\u0105tkowo w projekcie znalaz\u0142a si\u0119 propozycja, by granica powierzchni od kt\u00f3rej b\u0119dzie obowi\u0105zywa\u0142 podatek wynosi\u0142a 250 m<sup>2<\/sup>. Jednak w konsultacjach pojawi\u0142 si\u0119 pomys\u0142, by pod uwag\u0119 wzi\u0105\u0107 wysoko\u015b\u0107 obrot\u00f3w. Prace nad ostatecznym kszta\u0142tem dokumentu, kt\u00f3ry zostanie przedstawiony w Sejmie wci\u0105\u017c trwaj\u0105.<\/p><p><em><strong>Marcin Austyn<\/strong><\/em><\/p>","protected":false},"excerpt":{"rendered":"W projekcie ustawy reguluj\u0105cej nowe zasady p\u0142acenia podatk\u00f3w przez sklepy wielkopowierzchniowe ma znale\u017a\u0107 si\u0119 propozycja podatkowa dla przedsi\u0119biorc\u00f3w prowadz\u0105cych sprzeda\u017c w niedziel\u0119. Dodatkowe obci\u0105\u017cenie ma docelowo ograniczy\u0107 niedzielny handel, a przez to zmniejszy\u0107 zjawisko zmuszania pracownik\u00f3w do pracy w dni \u015bwi\u0105teczne.O propozycji nowego rozwi\u0105zania poinformowa\u0142 J\u00f3zef Pyzik, prezes s\u0105deckiej Kongregacji Kupieckiej, na antenie Radia Krak\u00f3w. [&hellip;]","protected":false},"author":1,"featured_media":0,"comment_status":"closed","ping_status":"closed","sticky":false,"template":"","format":"standard","meta":{"_acf_changed":false,"_monsterinsights_skip_tracking":false,"_monsterinsights_sitenote_active":false,"_monsterinsights_sitenote_note":"","_monsterinsights_sitenote_category":0,"ngg_post_thumbnail":0,"footnotes":"","_wp_rev_ctl_limit":""},"categories":[8],"tags":[98,52],"acf":[],"_links":{"self":[{"href":"https:\/\/www.bibula.com\/index.php?rest_route=\/wp\/v2\/posts\/84573"}],"collection":[{"href":"https:\/\/www.bibula.com\/index.php?rest_route=\/wp\/v2\/posts"}],"about":[{"href":"https:\/\/www.bibula.com\/index.php?rest_route=\/wp\/v2\/types\/post"}],"author":[{"embeddable":true,"href":"https:\/\/www.bibula.com\/index.php?rest_route=\/wp\/v2\/users\/1"}],"replies":[{"embeddable":true,"href":"https:\/\/www.bibula.com\/index.php?rest_route=%2Fwp%2Fv2%2Fcomments&post=84573"}],"version-history":[{"count":0,"href":"https:\/\/www.bibula.com\/index.php?rest_route=\/wp\/v2\/posts\/84573\/revisions"}],"wp:attachment":[{"href":"https:\/\/www.bibula.com\/index.php?rest_route=%2Fwp%2Fv2%2Fmedia&parent=84573"}],"wp:term":[{"taxonomy":"category","embeddable":true,"href":"https:\/\/www.bibula.com\/index.php?rest_route=%2Fwp%2Fv2%2Fcategories&post=84573"},{"taxonomy":"post_tag","embeddable":true,"href":"https:\/\/www.bibula.com\/index.php?rest_route=%2Fwp%2Fv2%2Ftags&post=84573"}],"curies":[{"name":"wp","href":"https:\/\/api.w.org\/{rel}","templated":true}]}}