{"id":84560,"date":"2015-12-10T17:36:32","date_gmt":"2015-12-10T22:36:32","guid":{"rendered":"http:\/\/www.bibula.com\/?p=84560"},"modified":"2015-12-10T17:36:32","modified_gmt":"2015-12-10T22:36:32","slug":"ukrainski-samolot-otrzyma-nazwe-bandera","status":"publish","type":"post","link":"https:\/\/www.bibula.com\/?p=84560","title":{"rendered":"Ukrai\u0144ski samolot otrzyma nazw\u0119 Bandera?"},"content":{"rendered":"<p><strong>Kijowski Zak\u0142ad Lotniczy Antonow przygotowa\u0142 ankiet\u0119 w kwestii tego jak nazwa\u0107 nowy samolot transportowy An-178.<\/strong><\/p><p>Stosown\u0105 ankiet\u0119 przedsi\u0119biorstwo zamie\u015bci\u0142o na swoim profilu na portalu spo\u0142eczno\u015bciowym Facebook. Jak cytuje portal ukrai\u0144skiego dziennika &#8222;Siegodnia&#8221; w\u015br\u00f3d g\u0142osuj\u0105cych przewa\u017ca opcja by nowy samolot transportowy otrzyma\u0142 nazw\u0119 &#8222;Bandera&#8221;, za kt\u00f3r\u0105 opowiada si\u0119 ju\u017c 2500 u\u017cytkownik\u00f3w. Oczywi\u015bcie na cze\u015b\u0107 ideologa i wodza zbrodniczej Organizacji Ukrai\u0144skich Nacjonalist\u00f3w, z kt\u00f3rej wy\u0142oni\u0142a si\u0119 UPA odpowiedzialna za ludb\u00f3jstwo na Polakach i innych narodowo\u015bciach zamieszkuj\u0105cych na Kresach Po\u0142udniowo-Wschodnich.\u00a0Po oko\u0142o 700 os\u00f3b popar\u0142o nazwy &#8222;Cyborg&#8221; oraz &#8222;Su\u0142tan&#8221; &#8211; od nazwiska Amet-chana Su\u0142tana &#8211; asa lotniczego radzieckiego lotnictwa w czasie drugiej wojny \u015bwiatowej.\u00a0<\/p><p>segodnya.ua\/kresy.pl<\/p>","protected":false},"excerpt":{"rendered":"Kijowski Zak\u0142ad Lotniczy Antonow przygotowa\u0142 ankiet\u0119 w kwestii tego jak nazwa\u0107 nowy samolot transportowy An-178.Stosown\u0105 ankiet\u0119 przedsi\u0119biorstwo zamie\u015bci\u0142o na swoim profilu na portalu spo\u0142eczno\u015bciowym Facebook. Jak cytuje portal ukrai\u0144skiego dziennika &#8222;Siegodnia&#8221; w\u015br\u00f3d g\u0142osuj\u0105cych przewa\u017ca opcja by nowy samolot transportowy otrzyma\u0142 nazw\u0119 &#8222;Bandera&#8221;, za kt\u00f3r\u0105 opowiada si\u0119 ju\u017c 2500 u\u017cytkownik\u00f3w. Oczywi\u015bcie na cze\u015b\u0107 ideologa i wodza [&hellip;]","protected":false},"author":1,"featured_media":0,"comment_status":"closed","ping_status":"closed","sticky":false,"template":"","format":"standard","meta":{"_acf_changed":false,"_monsterinsights_skip_tracking":false,"_monsterinsights_sitenote_active":false,"_monsterinsights_sitenote_note":"","_monsterinsights_sitenote_category":0,"ngg_post_thumbnail":0,"footnotes":"","_wp_rev_ctl_limit":""},"categories":[6],"tags":[104,167,17],"acf":[],"_links":{"self":[{"href":"https:\/\/www.bibula.com\/index.php?rest_route=\/wp\/v2\/posts\/84560"}],"collection":[{"href":"https:\/\/www.bibula.com\/index.php?rest_route=\/wp\/v2\/posts"}],"about":[{"href":"https:\/\/www.bibula.com\/index.php?rest_route=\/wp\/v2\/types\/post"}],"author":[{"embeddable":true,"href":"https:\/\/www.bibula.com\/index.php?rest_route=\/wp\/v2\/users\/1"}],"replies":[{"embeddable":true,"href":"https:\/\/www.bibula.com\/index.php?rest_route=%2Fwp%2Fv2%2Fcomments&post=84560"}],"version-history":[{"count":0,"href":"https:\/\/www.bibula.com\/index.php?rest_route=\/wp\/v2\/posts\/84560\/revisions"}],"wp:attachment":[{"href":"https:\/\/www.bibula.com\/index.php?rest_route=%2Fwp%2Fv2%2Fmedia&parent=84560"}],"wp:term":[{"taxonomy":"category","embeddable":true,"href":"https:\/\/www.bibula.com\/index.php?rest_route=%2Fwp%2Fv2%2Fcategories&post=84560"},{"taxonomy":"post_tag","embeddable":true,"href":"https:\/\/www.bibula.com\/index.php?rest_route=%2Fwp%2Fv2%2Ftags&post=84560"}],"curies":[{"name":"wp","href":"https:\/\/api.w.org\/{rel}","templated":true}]}}