{"id":84488,"date":"2015-12-08T16:49:48","date_gmt":"2015-12-08T21:49:48","guid":{"rendered":"http:\/\/www.bibula.com\/?p=84488"},"modified":"2015-12-08T16:49:48","modified_gmt":"2015-12-08T21:49:48","slug":"wiceminister-kultury-zapowiada-zwolnienia-w-mediach-publicznych-to-nie-miejsce-dla-propagandzistow","status":"publish","type":"post","link":"https:\/\/www.bibula.com\/?p=84488","title":{"rendered":"Wiceminister kultury zapowiada zwolnienia w mediach publicznych. \u201eTo nie miejsce dla propagandzist\u00f3w&#8221;"},"content":{"rendered":"<p><strong>Jaros\u0142aw Sellin nie widzi w mediach publicznych miejsca dla \u201epropagandzist\u00f3w\u201d i zapowiada w nich powa\u017cne zmiany.<\/strong><\/p><p><strong><em>\u201eW Polsce mamy do\u00a0czynienia z\u00a0sytuacj\u0105, w\u00a0kt\u00f3rej wp\u0142ywy w\u00a0mediach publicznych podzieli\u0142y mi\u0119dzy siebie trzy ugrupowania &#8211;\u00a0PO, SLD i\u00a0PSL. To\u00a0nie jest dobra sytuacja\u201d &#8211;<\/em><\/strong>\u00a0m\u00f3wi\u0142 na antenie jednej ze stacji telewizyjnych wiceminister kultury Jaros\u0142aw Sellin.<\/p><p>Jego zdaniem, media maj\u0105 prawo do tego, by krytykowa\u0107 rz\u0105dz\u0105cych. Jednak powinny zachowa\u0107 pewne proporcje. Powo\u0142a\u0142 si\u0119 na przyk\u0142ad z kampanii prezydenckiej, gdy w jej <em>\u201ekluczowych miesi\u0105cach\u201d<\/em> obecno\u015b\u0107 \u00f3wczesnego prezydenta Bronis\u0142awa Komorowskiego w TVP by\u0142a, w\u00a0por\u00f3wnaniu z\u00a0Andrzejem Dud\u0105, kilkakrotnie wy\u017csza. <strong><em>\u201eMieli\u015bmy do\u00a0czynienia z\u00a0sytuacj\u0105, w\u00a0kt\u00f3rej wspierano jedynie jeden ob\u00f3z polityczny\u201d<\/em><\/strong> &#8211;\u00a0argumentowa\u0142.<\/p><p>Sellin nie ujawni\u0142, kt\u00f3rych dziennikarzy czekaj\u0105 zwolnienia. Podkre\u015bli\u0142 jednak, \u017ce <strong><em>\u201ezmiany na\u00a0pewno zajd\u0105&#8221;<\/em><\/strong>. Jak doda\u0142: <strong><em>\u201ew\u00a0mediach nie\u00a0powinni pracowa\u0107 propagandzi\u015bci\u201d.<\/em><\/strong><\/p><p>Wiceminister m\u00f3wi\u0142 r\u00f3wnie\u017c o niezb\u0119dnych zmianach prawnych dotycz\u0105cych \u015brodk\u00f3w masowego przekazu. Ich celem mia\u0142by by\u0107 <em>\u201euwolnienie\u201d<\/em> ich od sp\u00f3\u0142ek prawa handlowego. <strong><em>\u201eJeste\u015bmy przekonani, \u017ce\u00a0media narodowe powinny by\u0107 rozliczane przede wszystkim z\u00a0jako\u015bci swoich program\u00f3w\u201d<\/em><\/strong> &#8211; powiedzia\u0142. M\u00f3wi\u0142 r\u00f3wnie\u017c o zmianie sposobu finansowania tych medi\u00f3w dodaj\u0105c, \u017ce obecnie TVP utrzymuje si\u0119 przede wszystkim z\u00a0reklam.<\/p><p>Wprost.pl \/ Kresy.pl<\/p><p class=\"zrodlo\">Za: <a href=\"http:\/\/www.kresy.pl\/wydarzenia,spoleczenstwo?zobacz\/wiceminister-kultury-zapowiada-zwolnienia-w-mediach-publicznych-to-nie-miejsce-dla-propagandzistow\">Kresy.pl (<span class=\"date\">08 grudnia 2015<\/span>)<\/a><\/p>","protected":false},"excerpt":{"rendered":"Jaros\u0142aw Sellin nie widzi w mediach publicznych miejsca dla \u201epropagandzist\u00f3w\u201d i zapowiada w nich powa\u017cne zmiany.\u201eW Polsce mamy do\u00a0czynienia z\u00a0sytuacj\u0105, w\u00a0kt\u00f3rej wp\u0142ywy w\u00a0mediach publicznych podzieli\u0142y mi\u0119dzy siebie trzy ugrupowania &#8211;\u00a0PO, SLD i\u00a0PSL. To\u00a0nie jest dobra sytuacja\u201d &#8211;\u00a0m\u00f3wi\u0142 na antenie jednej ze stacji telewizyjnych wiceminister kultury Jaros\u0142aw Sellin.Jego zdaniem, media maj\u0105 prawo do tego, by krytykowa\u0107 [&hellip;]","protected":false},"author":1,"featured_media":0,"comment_status":"closed","ping_status":"closed","sticky":false,"template":"","format":"standard","meta":{"_acf_changed":false,"_monsterinsights_skip_tracking":false,"ngg_post_thumbnail":0,"footnotes":"","_wp_rev_ctl_limit":""},"categories":[8],"tags":[98,159],"acf":[],"_links":{"self":[{"href":"https:\/\/www.bibula.com\/index.php?rest_route=\/wp\/v2\/posts\/84488"}],"collection":[{"href":"https:\/\/www.bibula.com\/index.php?rest_route=\/wp\/v2\/posts"}],"about":[{"href":"https:\/\/www.bibula.com\/index.php?rest_route=\/wp\/v2\/types\/post"}],"author":[{"embeddable":true,"href":"https:\/\/www.bibula.com\/index.php?rest_route=\/wp\/v2\/users\/1"}],"replies":[{"embeddable":true,"href":"https:\/\/www.bibula.com\/index.php?rest_route=%2Fwp%2Fv2%2Fcomments&post=84488"}],"version-history":[{"count":0,"href":"https:\/\/www.bibula.com\/index.php?rest_route=\/wp\/v2\/posts\/84488\/revisions"}],"wp:attachment":[{"href":"https:\/\/www.bibula.com\/index.php?rest_route=%2Fwp%2Fv2%2Fmedia&parent=84488"}],"wp:term":[{"taxonomy":"category","embeddable":true,"href":"https:\/\/www.bibula.com\/index.php?rest_route=%2Fwp%2Fv2%2Fcategories&post=84488"},{"taxonomy":"post_tag","embeddable":true,"href":"https:\/\/www.bibula.com\/index.php?rest_route=%2Fwp%2Fv2%2Ftags&post=84488"}],"curies":[{"name":"wp","href":"https:\/\/api.w.org\/{rel}","templated":true}]}}